{"id":2099,"date":"2020-07-02T12:14:59","date_gmt":"2020-07-02T11:14:59","guid":{"rendered":"https:\/\/www.webtenerife.de\/dasblog\/?p=2099"},"modified":"2020-10-13T10:54:25","modified_gmt":"2020-10-13T09:54:25","slug":"teneriffa-massnahmen-fur-einen-sicheren-urlaub-in-covid-19-zeiten","status":"publish","type":"post","link":"https:\/\/www.webtenerife.de\/dasblog\/2020\/07\/teneriffa-massnahmen-fur-einen-sicheren-urlaub-in-covid-19-zeiten\/","title":{"rendered":"TENERIFFA, MASSNAHMEN F\u00dcR EINEN SICHEREN URLAUB IN COVID-19-ZEITEN"},"content":{"rendered":"\n<p><strong> Dieses Schriftst\u00fcck wurde am 4. Juli aktualisiert. <\/strong><\/p>\n\n\n\n<figure class=\"wp-block-image\"><img decoding=\"async\" src=\"https:\/\/www.webtenerife.de\/dasblog\/wp-content\/uploads\/2020\/08\/Cartel-Informativo-RRSS-1080x1080_EN-690x690.jpg\" alt=\"\" class=\"wp-image-2127\"\/><\/figure>\n\n\n\n<p>Fast das gesamte spanische Territorium und damit auch Teneriffa hat die \u00dcbergangsphasen zur so genannten \u201eneuen Normalit\u00e4t\u201c, die am Sonntag, dem 21. Juni, in Kraft getreten ist, bereits \u00fcberwunden. <\/p>\n\n\n\n<p>Seitdem ist es m\u00f6glich, ohne irgendwelche Quarant\u00e4nen nach Teneriffa zu reisen, und zwar von einer anderen Kanarischen Insel, einem anderen Teil des Landes (mit Ausnahme derjenigen, die zu einer fr\u00fcheren Deeskalationsphase zur\u00fcckgekehrt sind) und von den \u00fcbrigen EU-L\u00e4ndern aus, mit Ausnahme von Portugal, dessen Grenzkontrolle auf Antrag von Portugal bis zum 30. Juni aktiv bleibt.<\/p>\n\n\n\n<figure class=\"wp-block-image\"><img fetchpriority=\"high\" decoding=\"async\" width=\"690\" height=\"388\" src=\"https:\/\/www.webtenerife.de\/dasblog\/wp-content\/uploads\/2020\/07\/shutterstock_640882306-1-690x388-690x388.jpg\" alt=\"\" class=\"wp-image-2102\" srcset=\"https:\/\/www.webtenerife.de\/dasblog\/wp-content\/uploads\/2020\/07\/shutterstock_640882306-1-690x388.jpg 690w, https:\/\/www.webtenerife.de\/dasblog\/wp-content\/uploads\/2020\/07\/shutterstock_640882306-1-690x388-300x169.jpg 300w, https:\/\/www.webtenerife.de\/dasblog\/wp-content\/uploads\/2020\/07\/shutterstock_640882306-1-690x388-674x380.jpg 674w\" sizes=\"(max-width: 690px) 100vw, 690px\" \/><\/figure>\n\n\n\n<h2 class=\"wp-block-heading\"><strong>Bevor\nSie nach Teneriffa reisen <\/strong><\/h2>\n\n\n\n<p>Seit dem 1. Juli 2020 m\u00fcssen Sie bei Fl\u00fcgen\nnach Spanien aus anderen L\u00e4ndern das FCS-Formular f\u00fcr Ihren Flug ausf\u00fcllen und\nunterschreiben, unabh\u00e4ngig von Ihrer Staatsangeh\u00f6rigkeit, Ihrem Alter oder\nanderen Umst\u00e4nden. <\/p>\n\n\n\n<p>Dieses Formular muss von jedem Fluggast\nausgef\u00fcllt werden, der daf\u00fcr verantwortlich ist, dass seine Angaben\nwahrheitsgetreu und richtig sind. Bei minderj\u00e4hrigen, pflegebed\u00fcrftigen oder\ngesch\u00e4ftsunf\u00e4higen Passagieren kann der Vormund das Formular ausf\u00fcllen; dieser\nist f\u00fcr die Richtigkeit der bereit gestellten Angaben verantwortlich.<\/p>\n\n\n\n<p>Vergewissern Sie sich bitte vor Ihrer Reise\nnach Spanien, dass Sie das Formular unterschrieben haben, entweder auf der\nWebsite www.spth.gob.es (auf Spanisch, Englisch, Deutsch und Franz\u00f6sisch) oder\nauf der mobilen App f\u00fcr Android und IOS (die von derselben Website\nheruntergeladen werden kann). Damit erhalten Sie den Gesundheits-QR-Code, den\nSie bei der Gesundheitskontrolle am Flughafen entweder auf Papier oder auf\nIhrem Mobiltelefon vorlegen m\u00fcssen, damit Ihre Reise verfolgt werden kann.<\/p>\n\n\n\n<p>Wenn Sie das Formular von der App aus unterzeichnen,\nerscheint der QR-Code im Abschnitt \u201eMeine Reisen\u201c und Sie erhalten eine E-Mail,\ndie Sie ausdrucken k\u00f6nnen.<\/p>\n\n\n\n<h2 class=\"wp-block-heading\"><strong>Im\nFlugzeug oder auf dem Flughafen: <\/strong><\/h2>\n\n\n\n<ul class=\"wp-block-list\"><li>Das Tragen der Maske ist sowohl\nin den Einrichtungen des Flughafens als auch in den Flugzeugen obligatorisch,\nwobei die Anweisungen der Flughafenbeh\u00f6rden und der Fluggesellschaften zu\nbefolgen sind.<\/li><li>Jeder Fluggast reist mit\neiner im Voraus zugewiesenen Sitzplatznummer und kann um Auskunft zu seiner\nPerson, seinem Aufenthaltsort, seinem Gesundheitszustand und seinen Flugdaten zwecks\nDatenerhebung gebeten werden. Diese Informationen m\u00fcssen von der Fluggesellschaft\nmindestens f\u00fcr eine Frist von vier Wochen nach der Reise gespeichert werden.<\/li><li>Die Auslandsgesundheitsbeh\u00f6rde\nkontrolliert mit Kameras die Temperatur aller internationalen Passagiere, die\nauf den Flugh\u00e4fen der Insel ankommen. <\/li><li>Stichprobenartig k\u00f6nnen\nTemperaturmessungen bei den Passagieren vorgenommen werden.<\/li><li>Es wird empfohlen, online\neinzuchecken, wobei zu beachten ist, dass viele Fluggesellschaften kein\nHandgep\u00e4ck mehr in der Kabine zulassen, mit Ausnahme einer Tasche zur\npers\u00f6nlichen Nutzung, die unter den Sitz passt.<\/li><\/ul>\n\n\n\n<h2 class=\"wp-block-heading\"><strong>Urlaub auf Teneriffa<\/strong><\/h2>\n\n\n\n<h3 class=\"wp-block-heading\"><strong>Allgemeines:<\/strong><\/h3>\n\n\n\n<p>Das Tragen der\nMaske ist f\u00fcr Personen \u00fcber sechs Jahren auf \u00f6ffentlichen Stra\u00dfen, innerhalb\nvon \u00f6ffentlichen Einrichtungen und in \u00f6ffentlichen Verkehrsmitteln (Flugzeugen,\nBussen usw.) obligatorisch, solange der Mindestabstand von 1,5 Metern nicht\neingehalten werden kann; ausgenommen davon ist die Verwendung der Maske beim\nSport, beim Essen von Lebensmitteln und\/oder bei Behinderungen oder\nErkrankungen der Atemwege.<\/p>\n\n\n\n<h3 class=\"wp-block-heading\"><strong>In\nden Einrichtungen:<\/strong><\/h3>\n\n\n\n<ul class=\"wp-block-list\"><li>Es wurden verschiedene\nMessstandards festgelegt, um \u00dcberf\u00fcllungen zu vermeiden, alle Bereiche zu\ndesinfizieren und anzupassen sowie um Schutzma\u00dfnahmen ergreifen zu k\u00f6nnen.<\/li><li>F\u00fcr die\nGemeinschaftsbereiche sind geeignete organisatorische Ma\u00dfnahmen festgesetzt, um\nMenschenansammlungen zu vermeiden und sicherzustellen, dass Kunden und Mitarbeiter\neinen pers\u00f6nlichen Sicherheitsabstand von mindestens 1,50 m einhalten;\nandernfalls werden andere Arten von Ma\u00dfnahmen ergriffen. <\/li><li>Das Verbot, dass nicht\nzusammen lebende Personen Wohneinheiten gemeinsam nutzen k\u00f6nnen, wird\naufgehoben.<\/li><\/ul>\n\n\n\n<h3 class=\"wp-block-heading\"><strong>In\nden Unterk\u00fcnften: <\/strong><\/h3>\n\n\n\n<ul class=\"wp-block-list\"><li>Jede Einrichtung muss \u00fcber einen spezifischen Notfallplan\nverf\u00fcgen, um die Ausbreitung von COVID-19 einzud\u00e4mmen und zu verhindern, damit\nalle Hygiene- und Reinigungsma\u00dfnahmen, die verst\u00e4rkt worden sind, erf\u00fcllt\nwerden. Ferner hat jede Einrichtung f\u00fcr die entsprechende Schulung seines\nPersonals zu sorgen.<\/li><li>In den G\u00e4stezimmern sind die textilen Elemente reduziert\nworden und die Decken und Kissen, die in den Schr\u00e4nken aufbewahrt werden,\nm\u00fcssen gesch\u00fctzt sein.<\/li><li>Menschenansammlungen sollten vermieden werden und die\nGemeinschaftsr\u00e4ume &nbsp;k\u00f6nnen unter\nEinhaltung des pers\u00f6nlichen Sicherheitsabstandes von mindestens 1,50 m genutzt\nwerden.<\/li><li>Die Animationsaktivit\u00e4ten werden im Freien unter\nEinhaltung der Abst\u00e4nde und ohne Materialaustausch durchgef\u00fchrt, ebenso wie die\nBenutzung der Schwimmb\u00e4der. <\/li><li>In den Essbereichen stehen am Eingang hydroalkoholische\nGele zur Verf\u00fcgung, die Tische sind 1,50 m voneinander entfernt und werden nach\njedem Kunden gereinigt und desinfiziert, wobei die gemeinsam verwendbaren Elemente\nwie Servietten- oder Zahnstocher-Spender beseitigt werden.<\/li><li>Die Buffets sollten durch ein Schutzglas von den Kunden\ngetrennt sein und frische Produkte oder zubereitete Speisen sollten auf\nEinzeltellern oder portionsweise in umweltgesch\u00fctzten Verpackungen angeboten\nwerden.<\/li><\/ul>\n\n\n\n<h2 class=\"wp-block-heading\"><strong>In den Transportmitteln:<\/strong><\/h2>\n\n\n\n<ul class=\"wp-block-list\"><li>Bei allen \u00f6ffentlichen bzw. privaten Transportmitteln und\nMietfahrzeugen sind die Unternehmen verpflichtet, die erforderlichen\nGesundheits- und Hygienema\u00dfnahmen zu erf\u00fcllen.<strong><\/strong><\/li><li>Alle m\u00fcssen sichtbar die zugelassen Kapazit\u00e4t der\nTransportmittel sowie die ergriffenen Ma\u00dfnahmen zur Einhaltung des\nSicherheitsabstandes ausweisen.<\/li><li>Die Autobusse werden durch die hintere T\u00fcr bestiegen.\nBitte beachten Sie die Sitzplatzempfehlungen, wenn der Sitzplatz nicht vorher\nzugewiesen wurde. <\/li><li>Die Mietwagen werden desinfiziert und rotieren, sodass\ndas erste zur\u00fcckgegebene Auto das letzte ist, das wieder vermietet wird. <\/li><\/ul>\n\n\n\n<h3 class=\"wp-block-heading\"><strong>Am Strand:<\/strong><\/h3>\n\n\n\n<ul class=\"wp-block-list\"><li>Die Str\u00e4nde k\u00f6nnen unter Einhaltung des\nSicherheitsabstands von 1,50 m und Beschr\u00e4nkung auf 4 m<sup>2<\/sup> pro Person\ngenutzt werden. Manche Str\u00e4nde verf\u00fcgen \u00fcber ein System zur vorherigen\nReservierung.&nbsp; <\/li><li>Die Liegst\u00fchle m\u00fcssen die Sicherheitsma\u00dfnahmen erf\u00fcllen:\nSie werden nach jedem Gast gereinigt und desinfiziert und die G\u00e4ste haben ihr\neigenes Handtuch zu verwenden.<\/li><li>&nbsp;Die Liegest\u00fchle\nwerden mit einem Abstand von 1,50 m gruppiert, sodass der Sicherheitsabstand zu\nanderen Personen gew\u00e4hrleistet ist.<\/li><li>Die Duschen und Fu\u00dfduschen am Strand d\u00fcrfen jeweils immer\nnur von einer Person genutzt werden.<\/li><\/ul>\n\n\n\n<h3 class=\"wp-block-heading\"><strong>Gastronomie:<\/strong><\/h3>\n\n\n\n<ul class=\"wp-block-list\"><li>Der Abstand zwischen Gast und Personal soll mindestens\n1,50 m betragen. \u00dcberf\u00fcllungen sollen vermieden werden. <\/li><li>Am Eingang finden Sie hydroalkoholische Gelspender.<\/li><li>Bevor Sie einen Tisch besetzen, m\u00fcssen Sie warten, bis er\ndesinfiziert ist und das Personal Ihnen mitteilt, dass er f\u00fcr Sie bereit steht.\n<\/li><li>Die Tische sind mindestens 1,50 m voneinander entfernt\nund die Kellner tragen beim Servieren eine Maske. <\/li><li>Die Nutzung gemeinschaftlicher Elemente wie\nServiettenspender, Salzstreuer oder Karten ist nicht erlaubt. <\/li><\/ul>\n\n\n\n<h3 class=\"wp-block-heading\"><strong>Tourismus\nin der Natur<\/strong><\/h3>\n\n\n\n<ul class=\"wp-block-list\"><li>Outdoor-Aktivit\u00e4ten in der freien Natur sind erlaubt:\nWandern, Radfahren, Gleitschirmfliegen, Surfen, Wind- und Kitesurfen, Tauchen,\nFreitauchen, Beobachtung von V\u00f6geln, Walen und Sternen \u2026.<\/li><li>Die Unternehmen f\u00fcr Aktivtourismus sind verpflichtet,\nalle Hygienema\u00dfnahmen zu erf\u00fcllen, die Materialien nach jeder Benutzung zu\ndesinfizieren und den Sicherheitsabstand zwischen den Personen einzuhalten, und\nwenn dies nicht m\u00f6glich ist, Masken zu tragen.<\/li><\/ul>\n\n\n\n<h3 class=\"wp-block-heading\"><strong>Kultur<\/strong><\/h3>\n\n\n\n<ul class=\"wp-block-list\"><li>Zurzeit sind alle Festivals, Jahrm\u00e4rkte oder Volksveranstaltungen\nabgesagt. <\/li><li>Besichtigungen mit Reisef\u00fchrer sind erlaubt, aber ohne\nAudioguides oder Brosch\u00fcren. <\/li><li>In den Theatern und\nAuditorien der Insel werden die Sitzpl\u00e4tze immer vorher und zusammen f\u00fcr die jeweils\nzusammen lebende Gruppe von Personen zugewiesen. <\/li><li>Ansonsten wird der\nSicherheitsabstand eingehalten.<\/li><\/ul>\n\n\n\n<h3 class=\"wp-block-heading\"><strong>Shopping<\/strong><\/h3>\n\n\n\n<ul class=\"wp-block-list\"><li>Die Gesch\u00e4fte m\u00fcssen die Hygienema\u00dfnahmen ergreifen und\nhaben ihre Kapazit\u00e4t auf 75 % reduziert. <\/li><li>Innerhalb der Gesch\u00e4ftslokale sind das Tragen der Maske\nund die Nutzung von hydroalkoholischem Gel am Eingang obligatorisch. <\/li><\/ul>\n\n\n\n<h3 class=\"wp-block-heading\"><strong>Nachtleben<\/strong><\/h3>\n\n\n\n<p>Geschlossene\nLokale (ohne R\u00e4umlichkeiten im Freien) k\u00f6nnen unter den folgenden Bedingungen\n\u00f6ffnen: <\/p>\n\n\n\n<ul class=\"wp-block-list\"><li>Nur f\u00fcr den Konsum im\nSitzen oder Stehen <\/li><li>Nur an namentlich\nreservierten Bereichen <\/li><li>Die Kapazit\u00e4t von\nTerrassen unter freiem Himmel wird auf 100 % erweitert (vorher nur 75 %) mit\nmaximal 1000 Personen im Freien. <\/li><li>Die Kapazit\u00e4t der\nInnenr\u00e4ume von Diskotheken und Nachtlokalen wird auf 70 % mit maximal 300\nPersonen festgesetzt. <\/li><li>Der pers\u00f6nliche\nSicherheitsabstand muss eingehalten werden. Andernfalls ist eine Maske zu\ntragen. <\/li><li>Die Diskotheken k\u00f6nnen\nnur mit auf den Namen lautenden Eintrittskarten betreten werden und in\nreservierten Bereichen f\u00fcr Gruppen von bis zu 8 Personen aus demselben sozialen\noder famili\u00e4ren Umfeld, sitzend oder stehend, genutzt werden, wobei die\nGetr\u00e4nke direkt in jedem reservierten Bereich serviert werden.<\/li><li>Die Tanzfl\u00e4che kann f\u00fcr\ndie Aufstellung von Tischen oder f\u00fcr reservierte Bereiche genutzt werden. <\/li><li>Tanzen ist nicht erlaubt.\n<\/li><li>Das Sicherheitspersonal\nsorgt daf\u00fcr, dass der pers\u00f6nliche Sicherheitsabstand eingehalten wird und gro\u00dfe\nGruppen oder Menschenansammlungen vermieden werden. <\/li><li>Die Lokale m\u00fcssen h\u00e4ufig\ndurchl\u00fcftet werden. Bei Klimaanlagen muss f\u00fcr eine ausreichende Lufterneuerung\ngesorgt werden, indem die Au\u00dfenluft an einem geeigneten Ort aufgefangen wird. <\/li><\/ul>\n\n\n\n<h3 class=\"wp-block-heading\"><strong>\u00d6ffentliche\nVeranstaltungen<\/strong><\/h3>\n\n\n\n<ul class=\"wp-block-list\"><li>Das Publikum darf in\nGruppen von 15 Personen desselben sozialen oder famili\u00e4ren Umfeldes sitzen. <\/li><li>Die Kapazit\u00e4tsgrenze von\n75% wird mit einer H\u00f6chstgrenze von 300 Personen in Innenr\u00e4umen und 1000\nPersonen im Freien beibehalten.<\/li><\/ul>\n\n\n\n<h3 class=\"wp-block-heading\"><strong>Denken Sie daran: <\/strong><\/h3>\n\n\n\n<p>Wenn Sie irgendwelche Symptome\nbemerken, die auf eine Ansteckung hinweisen k\u00f6nnten, wie Husten, Fieber oder\nAtembeschwerden, empfehlen wir Ihnen:<\/p>\n\n\n\n<p>1. Selbstisolierung: in einem\nEinzelzimmer mit Fenster, bei geschlossener T\u00fcr und wenn m\u00f6glich, mit einem\nEinzelbad; andernfalls halten Sie bitte einen Sicherheitsabstand von 2,00 m zu\nden \u00fcbrigen, mit Ihnen zusammen lebenden Personen und verst\u00e4rken Sie alle\nHygienema\u00dfnahmen.<\/p>\n\n\n\n<p>2. Rufen Sie die Telefonnummer der\nCOVID-19-Informationsstelle der Regierung der Kanarischen Inseln an: 900 112\n061, wenn Sie Spanisch sprechen, oder 112, damit Sie auf Englisch je nach Ihrer\nLage beraten werden k\u00f6nnen.<\/p>\n\n\n\n<p>Weitere Auskunft unter Tourismus auf Teneriffa (<a href=\"https:\/\/www.webtenerife.com\/\">https:\/\/www.webtenerife.com\/<\/a>)<\/p>\n","protected":false},"excerpt":{"rendered":"<p>Dieses Schriftst\u00fcck wurde am 4. Juli aktualisiert. Fast das gesamte spanische Territorium und damit auch Teneriffa hat die \u00dcbergangsphasen zur so genannten \u201eneuen Normalit\u00e4t\u201c, die am Sonntag, dem 21. Juni, in Kraft getreten ist, bereits \u00fcberwunden. Seitdem ist es m\u00f6glich, ohne irgendwelche Quarant\u00e4nen nach Teneriffa zu reisen, und zwar von [&hellip;]<\/p>\n","protected":false},"author":5,"featured_media":2103,"comment_status":"open","ping_status":"open","sticky":true,"template":"","format":"standard","meta":{"footnotes":""},"categories":[44],"tags":[557,553,272,229,295],"class_list":["post-2099","post","type-post","status-publish","format-standard","has-post-thumbnail","hentry","category-neuigkeiten","tag-covid-19","tag-covid19","tag-tenerife","tag-teneriffa","tag-webtenerife"],"_links":{"self":[{"href":"https:\/\/www.webtenerife.de\/dasblog\/wp-json\/wp\/v2\/posts\/2099","targetHints":{"allow":["GET"]}}],"collection":[{"href":"https:\/\/www.webtenerife.de\/dasblog\/wp-json\/wp\/v2\/posts"}],"about":[{"href":"https:\/\/www.webtenerife.de\/dasblog\/wp-json\/wp\/v2\/types\/post"}],"author":[{"embeddable":true,"href":"https:\/\/www.webtenerife.de\/dasblog\/wp-json\/wp\/v2\/users\/5"}],"replies":[{"embeddable":true,"href":"https:\/\/www.webtenerife.de\/dasblog\/wp-json\/wp\/v2\/comments?post=2099"}],"version-history":[{"count":5,"href":"https:\/\/www.webtenerife.de\/dasblog\/wp-json\/wp\/v2\/posts\/2099\/revisions"}],"predecessor-version":[{"id":2128,"href":"https:\/\/www.webtenerife.de\/dasblog\/wp-json\/wp\/v2\/posts\/2099\/revisions\/2128"}],"wp:featuredmedia":[{"embeddable":true,"href":"https:\/\/www.webtenerife.de\/dasblog\/wp-json\/wp\/v2\/media\/2103"}],"wp:attachment":[{"href":"https:\/\/www.webtenerife.de\/dasblog\/wp-json\/wp\/v2\/media?parent=2099"}],"wp:term":[{"taxonomy":"category","embeddable":true,"href":"https:\/\/www.webtenerife.de\/dasblog\/wp-json\/wp\/v2\/categories?post=2099"},{"taxonomy":"post_tag","embeddable":true,"href":"https:\/\/www.webtenerife.de\/dasblog\/wp-json\/wp\/v2\/tags?post=2099"}],"curies":[{"name":"wp","href":"https:\/\/api.w.org\/{rel}","templated":true}]}}