{"id":2082,"date":"2020-05-20T18:12:31","date_gmt":"2020-05-20T17:12:31","guid":{"rendered":"https:\/\/www.webtenerife.de\/dasblog\/?p=2082"},"modified":"2020-06-16T13:20:32","modified_gmt":"2020-06-16T12:20:32","slug":"coronavirus-situation-auf-teneriffa-covid-19","status":"publish","type":"post","link":"https:\/\/www.webtenerife.de\/dasblog\/2020\/05\/coronavirus-situation-auf-teneriffa-covid-19\/","title":{"rendered":"Coronavirus-Situation auf Teneriffa. Covid 19"},"content":{"rendered":"\n<p>Die Situation des Coronavirus auf Teneriffa entwickelt sich positiv. Im Moment liegen die t\u00e4glichen Neuinfektionen unter 10. Die Infektionsraten pro 100.000 Einwohner auf den Kanarischen Inseln ist die niedrigste von&nbsp; Spanien (auf Teneriffa 157 F\u00e4lle pro 100.000 Einwohner) und liegt damit auch unterhalb der von vielen europ\u00e4ischen Regionen. Auf Teneriffa betr\u00e4gt die Ansteckungsrate f\u00fcr die 917.841 Einwohner der Insel nur 0,15%.<\/p>\n\n\n\n<figure class=\"wp-block-image\"><img fetchpriority=\"high\" decoding=\"async\" width=\"690\" height=\"459\" src=\"https:\/\/www.webtenerife.de\/dasblog\/wp-content\/uploads\/2020\/05\/shutterstock_1686241495-690x459.jpg\" alt=\"\" class=\"wp-image-2083\" srcset=\"https:\/\/www.webtenerife.de\/dasblog\/wp-content\/uploads\/2020\/05\/shutterstock_1686241495-690x459.jpg 690w, https:\/\/www.webtenerife.de\/dasblog\/wp-content\/uploads\/2020\/05\/shutterstock_1686241495-300x200.jpg 300w, https:\/\/www.webtenerife.de\/dasblog\/wp-content\/uploads\/2020\/05\/shutterstock_1686241495-768x511.jpg 768w, https:\/\/www.webtenerife.de\/dasblog\/wp-content\/uploads\/2020\/05\/shutterstock_1686241495-600x400.jpg 600w, https:\/\/www.webtenerife.de\/dasblog\/wp-content\/uploads\/2020\/05\/shutterstock_1686241495-75x50.jpg 75w, https:\/\/www.webtenerife.de\/dasblog\/wp-content\/uploads\/2020\/05\/shutterstock_1686241495.jpg 1000w\" sizes=\"(max-width: 690px) 100vw, 690px\" \/><\/figure>\n\n\n\n<h2 class=\"wp-block-heading\">Plan der schrittweisen Normalisierung Covid 19<\/h2>\n\n\n\n<p>Teneriffa folgt dem nationalen\nDeeskalationsplan. In Bezug auf den Tourismus sind dies die wichtigsten Punkte:<\/p>\n\n\n\n<h3 class=\"wp-block-heading\">Fase 3 <\/h3>\n\n\n\n<p>Teneriffa befindet sich zur Zeit in der Fase 3, da sie eine der Provinzen ist, die im Moment bereits die hygienischen Anforderungen hinsichtlich der Anzahl der Infektionen und der sanit\u00e4ren Kapazit\u00e4ten erf\u00fcllt.<\/p>\n\n\n\n<p><strong>\u00bfWann? <\/strong>Vorraussichtlich bis zum 21. Juni<\/p>\n\n\n\n<p><strong>\u00bfWas \u00e4ndert sich?<\/strong><\/p>\n\n\n\n<ul class=\"wp-block-list\"><li><strong>Hotels: <\/strong>Sie k\u00f6nnen ge\u00f6ffnet werden, die gemeintschaftlichen Bereiche  (Fitnessstudios, Schwimmb\u00e4der, Spas &#8230;) k\u00f6nnen bis zur H\u00e4lfte ihrer normalen Kapazit\u00e4t aufnehmen.<\/li><li><strong>Restaurants und Caf\u00e9s: <\/strong>Terrassen sind begrenzt auf 75% ihrer Tische und mit einem Sicherheitsabstand von 2 Metern. Der innere Bereich wird mit 50% seiner Kapazit\u00e4t ge\u00f6ffnet und der Sicherheitsabstand von 2 Metern muss gew\u00e4hrleist werden. Personen an der Bar m\u00fcssen eine Abstand von 2 Metern zwischen ihnen halten. Nachtbars und Discos bleiben in dieser Fase auf den Kanarischen Inseln weiterhin geschlossen. <\/li><li><strong>Gesch\u00e4fte: <\/strong>Freizeit- und Gemeinschaftsbereiche von Einkaufszentren k\u00f6nnen genutzt werden. Die Kapazit\u00e4t ist auf die H\u00e4lfte begrenzt und der Sicherheitsabstand betr\u00e4gt 2 Meter.<\/li><li><strong>Kulturelle Veranstaltungen: <\/strong>Kinos, Theatern und anderen kulturellen Einrichtungen werden mit 50% ihrer Kapazit\u00e4t ge\u00f6ffnet. Auff\u00fchrungen und Shows sind in Innenr\u00e4umen f\u00fcr bis zu 80 Personen und in Au\u00dfenbereichen f\u00fcr bis zu 800 Personen gestattet.<\/li><li><strong>Freizeitparks: <\/strong>Diejenigen mit einer Kapazit\u00e4t von weniger als 800 Personen k\u00f6nnen ge\u00f6ffnet werden. Touristische Erholungszentren, Zoos und Aquarien k\u00f6nnen mit 50% der Kapazit\u00e4t und einem Drittel der Kapazit\u00e4t f\u00fcr Attraktionen und geschlossene Orte wiederer\u00f6ffnet werden.<\/li><li><strong>Aktiver Tourismus: <\/strong>Die Beschr\u00e4nkungen f\u00fcr Aktiv- und Naturtourismus werden aufgehoben.<\/li><li><strong>Verkehr zwischen den Inseln:<\/strong> Residenten k\u00f6nnen ohne Einschr\u00e4nkungen zwischen Inseln reisen.<\/li><\/ul>\n\n\n\n<h3 class=\"wp-block-heading\">Flugverkehr f\u00fcr Touristen nach Teneriffa<\/h3>\n\n\n\n<p>Die spanische Regierung hat angek\u00fcndigt, dass Ende Juni nationale Urlaubsreisen m\u00f6glich sein werden.<\/p>\n\n\n\n<p><strong>Ab dem 21. Juni, mit dem Ende des nationalen Ausnahmezustandes, werden internationale Urlaubsreisen nach Spanien aus den L\u00e4ndern des Schengen-Abkommens (mit Ausnahme von Portugal), wieder erlaubt<\/strong>. Sie tun dies sicher und ohne Quarant\u00e4ne. Ab dem 1. Juli werden auch f\u00fcr andere L\u00e4nder die Grenzen ge\u00f6ffnet, unter der Bedingung, dass deren epidemiologischen Situation erlaubt. <\/p>\n\n\n\n<p>Die nationale Regierung hat berichtet, dass sie mit europ\u00e4ischen Partnern zusammenarbeitet, um die Regeln festzulegen, die schrittweise und zwischen Gebieten mit einer \u00e4hnlichen epidemiologischen Situation koordiniert werden m\u00fcssen.<\/p>\n\n\n\n<h4 class=\"wp-block-heading\">Europ\u00e4ische Vorschriften.<\/h4>\n\n\n\n<p>Die Europ\u00e4ische Gemeinschaft hat ein <a href=\"https:\/\/ec.europa.eu\/commission\/presscorner\/detail\/de\/ip_20_854\">Dokument<\/a> ausgearbeitet, das Leitlinien f\u00fcr die Wiederaufnahme kommerzieller Fl\u00fcge zwischen den Mitgliedsl\u00e4ndern enth\u00e4lt. Dazu geh\u00f6rt unter anderem:<\/p>\n\n\n\n<ul class=\"wp-block-list\"><li>Die Reisebeschr\u00e4nkungen werden zun\u00e4chst zwischen Mitgliedsl\u00e4ndern mit einer \u00e4hnlichen epidemiologischen Situation gelockert.<\/li><li>Die Aufhebung dieser Beschr\u00e4nkungen h\u00e4ngt von verschiedenen Gesundheits- und Kontrollfaktoren ab, die jedes Land festlegen muss.<\/li><li>Erh\u00f6hte Attraktivit\u00e4t von Reisegutscheinen gegen\u00fcber R\u00fcckzahlungen. Diese Gutscheine erm\u00f6glichen Reisen mit Flexibilit\u00e4t und Sicherheit in einem Mindestzeitraum von 12 Monaten.<\/li><li>Gew\u00e4hrleistung der Sicherheit der Fahrg\u00e4ste mit den erforderlichen Ma\u00dfnahmen: Mindestabastand, Verwendung von R\u00fcckverfolgbarkeitsanwendungen, angemessene Schutzausr\u00fcstung &#8230;<\/li><\/ul>\n\n\n\n<p>Es wird jedoch daran erinnert, dass es in der Verantwortung jedes Mitgliedslandes liegt, die Einreise- und Ausreisebeschr\u00e4nkungen aufzuheben.<\/p>\n\n\n\n<p>Diese Aufhebung der Beschr\u00e4nkungen wird von Europa aus koordiniert, so dass sie gestaffelt und in Gruppen durchgef\u00fchrt wird, wobei stets die Gesundheits- und Sicherheitskriterien jedes Landes ber\u00fccksichtigt werden.<\/p>\n\n\n\n<p>Es sei darauf hingewiesen, dass die\nKanarischen Inseln mit Unterst\u00fctzung der Welttourismusorganisation Vorreiter\nsein werden, da sie das Ziel des weltweit <a href=\"https:\/\/www.rtve.es\/noticias\/20200508\/canarias-sera-destino-del-primer-vuelo-libre-coronavirus-gracias-pasaporte-sanitario-digital\/2013687.shtml\">ersten\nCOVID-19-Freiem Testflugs<\/a> sind. Dies ist m\u00f6glich dank der \u00dcberwachung der\nHi+ Card App, einem digitalen Pass, der best\u00e4tigt, dass seine Inhaber nicht\n\u00fcber den Virus verf\u00fcgen.<\/p>\n\n\n\n<p>Momentan gilt w\u00e4hrend der Dauer des Alarmzustandes, eine Quarant\u00e4nepflicht von 14 Tagen f\u00fcr alle Personen die auf die Insel kommen. Die Reisen finden momentan nur f\u00fcr wesentliche Aktivit\u00e4ten statt. Diese Quarant\u00e4ne wird am 21. Juni aufgehoben.<\/p>\n\n\n\n<p>F\u00fcr Fragen zu bereits geplanten oder reservierten Fl\u00fcgen ist die f\u00fcr diese Fl\u00fcge verantwortliche Fluggesellschaft die beste Informationsquelle.<\/p>\n\n\n\n<h3 class=\"wp-block-heading\">Str\u00e4nde auf Teneriffa<\/h3>\n\n\n\n<p>Seit Beginn der Fase 2 sind die Str\u00e4nde von Teneriffa f\u00fcr Freizeit- und Erholungszwecke ge\u00f6ffnet. Im Allgemeinen wurden Sicherheitsbestimmungen festgelegt, und jeder Stadtrat hat Beschr\u00e4nkungen f\u00fcr den immer freien Zugang sowie f\u00fcr Kapazit\u00e4t, Aufenthaltsdauer und Aktivit\u00e4ten an den Str\u00e4nden festgelegt. um den zwischenmenschlichen Sicherheitsabstand (mindestens zwei Meter), Hygienema\u00dfnahmen und Genuss f\u00fcr alle zu gew\u00e4hrleisten. <\/p>\n\n\n\n<p>Beachten Sie, dass Sie in einigen von ihnen die Erlaubnis zum Zugriff anfordern m\u00fcssen. Lesen Sie immer die Schilder und alle entsprechenden Sicherheitsma\u00dfnahmen, wenn Sie dort ankommen.<\/p>\n\n\n\n<h3 class=\"wp-block-heading\">Hotels auf Teneriffa <\/h3>\n\n\n\n<h4 class=\"wp-block-heading\"><strong>W\u00e4hrend der Fase 3 <\/strong><\/h4>\n\n\n\n<ul class=\"wp-block-list\"><li>Die \u00f6ffentlichen Bereiche erweitern ihre Kapazit\u00e4t auf die H\u00e4lfte ihrer normalen Kapazit\u00e4t. Die Pools k\u00f6nnen mit einem Schichtsystem wieder ge\u00f6ffnet werden und ihre Kapazit\u00e4t sind begrenzt.<\/li><li>Restaurants und Caf\u00e9s k\u00f6nnen die Kapazit\u00e4t auch um die H\u00e4lfte erweitern, wenn sie die hygienischen Standards des Mindestabstandes und Sicherheit erf\u00fcllen. <\/li><li>Animation oder Gruppenklassen m\u00fcssen mit einer maximalen Kapazit\u00e4t von 20 Personen und unter Einhaltung des minimalen Sicherheitsabstands zwischen Personen entworfen und geplant werden. <\/li><\/ul>\n\n\n\n<p>Jedes Hotel entscheidet, wann es wieder \u00f6ffnet. Erkundigen Sie sich bei Ihrem bevorzugten Hotel nach der Verf\u00fcgbarkeit der Einrichtungen und Unterk\u00fcnfte, bevor Sie eine Reservierung vornehmen.<\/p>\n\n\n\n<h2 class=\"wp-block-heading\">Freizeit, aktiver Tourismus und sportliche Aktivit\u00e4ten auf Teneriffa<\/h2>\n\n\n\n<p>Die Einschr\u00e4nkungen werden im Verlauf der Fasen wie folgt gelockert:<\/p>\n\n\n\n<h3 class=\"wp-block-heading\">Museen, Kino und Theater<\/h3>\n\n\n\n<h4 class=\"wp-block-heading\">Fase 3<\/h4>\n\n\n\n<ul class=\"wp-block-list\"><li>Kinos und Auditorien mit vorab zugewiesenen Sitzpl\u00e4tzen k\u00f6nnen ihre T\u00fcren zu 1\/2 ihrer Kapazit\u00e4t wieder \u00f6ffnen. R\u00e4ume f\u00fcr darstellende K\u00fcnste und Musik k\u00f6nnen mit 1\/3 ihrer Kapazit\u00e4t ge\u00f6ffnet werden. Themenparks mit weniger als 800 Personen k\u00f6nnten ihre T\u00fcren wieder \u00f6ffnen. Es k\u00f6nnen auch Denkm\u00e4ler, Ausstellungshallen und \u00e4hnliche Veranstaltungsorte mit \u00e4hnlichen Einschr\u00e4nkungen er\u00f6ffnen.<\/li><\/ul>\n\n\n\n<h3 class=\"wp-block-heading\">Aktiver Tourismus und Sport<\/h3>\n\n\n\n<h4 class=\"wp-block-heading\">Fase 2<\/h4>\n\n\n\n<ul class=\"wp-block-list\"><li>Aktive Tourismusaktivit\u00e4ten k\u00f6nnen sowohl von aktiven Tourismusunternehmen als auch von Clubs, Verb\u00e4nden, \u00f6ffentlichen Einrichtungen und <strong>Einzelpersonen<\/strong> mit einer H\u00f6chstgrenze von 20 Personen pro Gruppe durchgef\u00fchrt oder organisiert werden. Diese Aktivit\u00e4ten unterliegen keinen Zeitfenstern.<\/li><li>Es ist erlaubt, mit dem Fahrzeug von jedem Punkt der Insel zum Zugangspunkt der Aktivit\u00e4t zu fahren.<\/li><li>Die Aktivit\u00e4ten, f\u00fcr die eine Genehmigung von Cabildo oder einer anderen Einrichtung erforderlich ist, m\u00fcssen zuvor genehmigt werden.<\/li><li>Die <strong>Naturparks<\/strong> d\u00fcrfen wiederer\u00f6ffnet werden, solange sie 20 Prozent ihrer maximal zul\u00e4ssigen Kapazit\u00e4t nicht \u00fcberschreiten<\/li><li>Die <strong>Seilbahnen<\/strong> k\u00f6nnen wieder ge\u00f6ffnet werden, solange sie in jeder Kabine f\u00fcnfzig Prozent ihrer maximal zul\u00e4ssigen Belegung nicht \u00fcberschreiten<\/li><li>Sportanlagen d\u00fcrfen in geschlossenen R\u00e4umen ohne \u00d6ffentlichkeit und nur f\u00fcr Sport ohne Kontakt genutzt werden.<\/li><\/ul>\n\n\n\n<h4 class=\"wp-block-heading\">Fase 3<\/h4>\n\n\n\n<ul class=\"wp-block-list\"><li>Die Kapazit\u00e4t der Freiluft-Sportst\u00e4tten wird auf die H\u00e4lfte erweitert.<\/li><li>Wettk\u00e4mpfe und sportliche Aktivit\u00e4ten d\u00fcrfen in geschlossenen R\u00e4umen mit einer Begrenzung von 1 Person pro 20 m2 und nur f\u00fcr Sportarten ohne Kontakt oder mit dem Risiko einer m\u00e4\u00dfigen Ansteckung wieder aufgenommen werden.<\/li><\/ul>\n\n\n\n<h3 class=\"wp-block-heading\">Golf auf Teneriffa<\/h3>\n\n\n\n<ul class=\"wp-block-list\"><li>Ab Fase 1 k\u00f6nnen Sie nach dem Protokoll und den entsprechenden Sicherheitsma\u00dfnahmen wieder Golf spielen. <\/li><li>Es wird empfohlen, die Flagge am Ende des Lochs nicht zu ber\u00fchren, den Ball mit Vorsicht zu ber\u00fchren und maximal Gruppen von 4 Personen zu halten. <\/li><li><strong>Wiederer\u00f6ffnete Golfpl\u00e4tze<\/strong>: Auf Teneriffa haben der <a href=\"https:\/\/rcgt.es\/\">Real Club de Golf<\/a>, <a href=\"https:\/\/www.amarillagolf.es\/de\">Amarilla Golf <\/a>und <a href=\"https:\/\/golflospalos.com\/\">Golf Los Palos<\/a> ge\u00f6ffnet. Auf der Insel La Gomera hat <a href=\"https:\/\/www.jardin-tecina.com\/de\/golf\/\">Tecina Golf<\/a> seinen Golfplatz f\u00fcr lokale Verbundsportler ge\u00f6ffnet.<\/li><\/ul>\n\n\n\n<h2 class=\"wp-block-heading\">Informationen, Hilfe und Kontakte zum Coronavirus auf Teneriffa<\/h2>\n\n\n\n<p>Wenn Sie weitere Hilfe, Informationen oder andere Kontakte zur Situation des Coronavirus auf Teneriffa ben\u00f6tigen; Sie k\u00f6nnen unsere Publikation <a href=\"https:\/\/www.webtenerife.de\/dasblog\/2020\/03\/coronavirus-auf-teneriffa-wichtige-informationen-fur-touristen\/\">\u201eCoronavirus auf Teneriffa. Interessante Touristeninformation\u201c<\/a><\/p>\n\n\n\n<p>Auf Teneriffa m\u00f6chten wir all die Freude, die Sonne und die Natur mit Ihnen allen teilen und wir sind sicher, dass wir es bald wieder tun werden.<\/p>\n","protected":false},"excerpt":{"rendered":"<p>Die Situation des Coronavirus auf Teneriffa entwickelt sich positiv. Im Moment liegen die t\u00e4glichen Neuinfektionen unter 10. Die Infektionsraten pro 100.000 Einwohner auf den Kanarischen Inseln ist die niedrigste von&nbsp; Spanien (auf Teneriffa 157 F\u00e4lle pro 100.000 Einwohner) und liegt damit auch unterhalb der von vielen europ\u00e4ischen Regionen. Auf Teneriffa [&hellip;]<\/p>\n","protected":false},"author":5,"featured_media":0,"comment_status":"open","ping_status":"open","sticky":false,"template":"","format":"standard","meta":{"footnotes":""},"categories":[1],"tags":[229,555,556],"class_list":["post-2082","post","type-post","status-publish","format-standard","hentry","category-verschiedenes","tag-teneriffa","tag-teneriffa-covid-19","tag-teneriffa-reisen"],"_links":{"self":[{"href":"https:\/\/www.webtenerife.de\/dasblog\/wp-json\/wp\/v2\/posts\/2082","targetHints":{"allow":["GET"]}}],"collection":[{"href":"https:\/\/www.webtenerife.de\/dasblog\/wp-json\/wp\/v2\/posts"}],"about":[{"href":"https:\/\/www.webtenerife.de\/dasblog\/wp-json\/wp\/v2\/types\/post"}],"author":[{"embeddable":true,"href":"https:\/\/www.webtenerife.de\/dasblog\/wp-json\/wp\/v2\/users\/5"}],"replies":[{"embeddable":true,"href":"https:\/\/www.webtenerife.de\/dasblog\/wp-json\/wp\/v2\/comments?post=2082"}],"version-history":[{"count":8,"href":"https:\/\/www.webtenerife.de\/dasblog\/wp-json\/wp\/v2\/posts\/2082\/revisions"}],"predecessor-version":[{"id":2096,"href":"https:\/\/www.webtenerife.de\/dasblog\/wp-json\/wp\/v2\/posts\/2082\/revisions\/2096"}],"wp:attachment":[{"href":"https:\/\/www.webtenerife.de\/dasblog\/wp-json\/wp\/v2\/media?parent=2082"}],"wp:term":[{"taxonomy":"category","embeddable":true,"href":"https:\/\/www.webtenerife.de\/dasblog\/wp-json\/wp\/v2\/categories?post=2082"},{"taxonomy":"post_tag","embeddable":true,"href":"https:\/\/www.webtenerife.de\/dasblog\/wp-json\/wp\/v2\/tags?post=2082"}],"curies":[{"name":"wp","href":"https:\/\/api.w.org\/{rel}","templated":true}]}}