{"id":2042,"date":"2020-02-12T18:00:10","date_gmt":"2020-02-12T17:00:10","guid":{"rendered":"https:\/\/www.webtenerife.de\/dasblog\/?p=2042"},"modified":"2020-08-13T17:11:19","modified_gmt":"2020-08-13T16:11:19","slug":"das-karnevalsprogramm-2020-von-teneriffa-die-groste-party-der-insel","status":"publish","type":"post","link":"https:\/\/www.webtenerife.de\/dasblog\/2020\/02\/das-karnevalsprogramm-2020-von-teneriffa-die-groste-party-der-insel\/","title":{"rendered":"Das Karnevalsprogramm 2020 von Teneriffa: die gr\u00f6\u00dfte Party der Insel."},"content":{"rendered":"\n<p> Hast du schon dein Kost\u00fcm? Der Karneval von Santa Cruz de Tenerife 2020 steht vor der T\u00fcr und verspricht wie jedes Jahr gro\u00dfartige Momente. Wir geben dir einige Empfehlungen und die wichtigsten Termine f\u00fcr deinen Karnevalskalender.  <\/p>\n\n\n\n<h2 class=\"wp-block-heading\">Wenn der Karneval auf der Stra\u00dfe beginnt<\/h2>\n\n\n\n<figure class=\"wp-block-image\"><img fetchpriority=\"high\" decoding=\"async\" width=\"690\" height=\"461\" src=\"https:\/\/www.webtenerife.de\/dasblog\/wp-content\/uploads\/2020\/02\/Reina-Carnaval-de-Tenerife-690x461.png\" alt=\"\" class=\"wp-image-2046\" srcset=\"https:\/\/www.webtenerife.de\/dasblog\/wp-content\/uploads\/2020\/02\/Reina-Carnaval-de-Tenerife-690x461.png 690w, https:\/\/www.webtenerife.de\/dasblog\/wp-content\/uploads\/2020\/02\/Reina-Carnaval-de-Tenerife-300x201.png 300w, https:\/\/www.webtenerife.de\/dasblog\/wp-content\/uploads\/2020\/02\/Reina-Carnaval-de-Tenerife-768x513.png 768w, https:\/\/www.webtenerife.de\/dasblog\/wp-content\/uploads\/2020\/02\/Reina-Carnaval-de-Tenerife-600x400.png 600w, https:\/\/www.webtenerife.de\/dasblog\/wp-content\/uploads\/2020\/02\/Reina-Carnaval-de-Tenerife-75x50.png 75w, https:\/\/www.webtenerife.de\/dasblog\/wp-content\/uploads\/2020\/02\/Reina-Carnaval-de-Tenerife.png 884w\" sizes=\"(max-width: 690px) 100vw, 690px\" \/><\/figure>\n\n\n\n<p>Obwohl der Karneval fast den ganzen Februar dauert, wird der Auftakt zum Stra\u00dfenkarneval und zu den gro\u00dfen Partys mit der <a href=\"https:\/\/www.webtenerife.de\/aktivitaten\/karneval\/konigin\/\">Gala der Karnevalsk\u00f6nigin<\/a> gegeben. Am Mittwoch, dem 19. Februar, wird die K\u00f6nigin des Karnevals 2020 gew\u00e4hlt. Die K\u00f6nigin des Vorjahres, Priscila Medina Quintero, erinnert sich daran als \u201eeine unvergessliche Nacht, an die ich mich ewig erinnern werde und liebend gerne wiederholen w\u00fcrde, wenn ich k\u00f6nnte.&#8220;<\/p>\n\n\n\n<p>Das ist verst\u00e4ndlich, denn die K\u00f6nigin f\u00fchrt die <strong>gro\u00dfe Karnevalsparade<\/strong> an, das erste gro\u00dfe Ereignis auf der Stra\u00dfe, dass dieses Jahr am Freitag, dem 21. Februar, um 20.00 Uhr beginnt. Die Karnevalskarossen durchqueren die Stadt, bestaunt von allen Bewohnern von Santa Cruz, die ihre neue K\u00f6nigin und ihre Brautjungfern aus der N\u00e4he sehen wollen. Anschliessend beginnt die erste gro\u00dfe Karnevalsnacht, die den ganzen Stadtkern in eine riesengro\u00dfe Party verwandelt.<\/p>\n\n\n\n<figure class=\"wp-block-image\"><img decoding=\"async\" width=\"690\" height=\"461\" src=\"https:\/\/www.webtenerife.de\/dasblog\/wp-content\/uploads\/2020\/02\/Comparsa-Carnaval-de-Tenerife-690x461.png\" alt=\"\" class=\"wp-image-2045\" srcset=\"https:\/\/www.webtenerife.de\/dasblog\/wp-content\/uploads\/2020\/02\/Comparsa-Carnaval-de-Tenerife-690x461.png 690w, https:\/\/www.webtenerife.de\/dasblog\/wp-content\/uploads\/2020\/02\/Comparsa-Carnaval-de-Tenerife-300x200.png 300w, https:\/\/www.webtenerife.de\/dasblog\/wp-content\/uploads\/2020\/02\/Comparsa-Carnaval-de-Tenerife-768x513.png 768w, https:\/\/www.webtenerife.de\/dasblog\/wp-content\/uploads\/2020\/02\/Comparsa-Carnaval-de-Tenerife-600x400.png 600w, https:\/\/www.webtenerife.de\/dasblog\/wp-content\/uploads\/2020\/02\/Comparsa-Carnaval-de-Tenerife-75x50.png 75w, https:\/\/www.webtenerife.de\/dasblog\/wp-content\/uploads\/2020\/02\/Comparsa-Carnaval-de-Tenerife.png 891w\" sizes=\"(max-width: 690px) 100vw, 690px\" \/><\/figure>\n\n\n\n<p>Am n\u00e4chsten Tag, dem 22. Februar findet der <strong>Umzug der Musik- und Tanzgruppierungen<\/strong> in der Avenida Francisco la Roche statt und f\u00fcllt die Stadt mit Rhythmen und Farben. Im vergangenen Jahr gewannen \u201eLos Joroperos\u201c den Preis, der f\u00fcr Regisseur Fernando Hern\u00e1ndez und seine Gruppierung eine Anerkennung f\u00fcr die \u201elangj\u00e4hrige Arbeit, Opfer und Disziplin, aber auch f\u00fcr die gro\u00dfe Begeisterung\u201c war. Nachts verwandelt sich erneut die Innenstadt in eine gro\u00dfe Partymeile.<\/p>\n\n\n\n<p>Am Sonntag dem 23. Februar findet der <a href=\"https:\/\/www.webtenerife.de\/aktivitaten\/karneval\/karneval-tage\/\">Karneval des Tages<\/a> statt, eine familienfreundliche Variante des gro\u00dfen Festes, das um 13:00 Uhr beginnt. Es ist eine gute Gelegenheit f\u00fcr Familien und Feierfreudige, die ihr Kost\u00fcm im Licht des Tages tragen m\u00f6chten, mit Unterhaltungsprogramm bis in den sp\u00e4ten Nachmittag.<\/p>\n\n\n\n<h2 class=\"wp-block-heading\">Die gro\u00dfe Karnevalswoche<\/h2>\n\n\n\n<p>Montag, den 24. Februar, beginnt die <strong>gro\u00dfe Karnevalswoche<\/strong>. Nachts geht man an einem der intensivsten Tage aller Partys aus, um den Karneval zu genie\u00dfen. Es ist Zeit zu tanzen, sich zu verkleiden und ihn einfach mit seinen Freunden zu genie\u00dfen.<\/p>\n\n\n\n<figure class=\"wp-block-image\"><img decoding=\"async\" width=\"690\" height=\"461\" src=\"https:\/\/www.webtenerife.de\/dasblog\/wp-content\/uploads\/2020\/02\/Carnaval-en-la-Calle-Tenerife-690x461.png\" alt=\"\" class=\"wp-image-2044\" srcset=\"https:\/\/www.webtenerife.de\/dasblog\/wp-content\/uploads\/2020\/02\/Carnaval-en-la-Calle-Tenerife-690x461.png 690w, https:\/\/www.webtenerife.de\/dasblog\/wp-content\/uploads\/2020\/02\/Carnaval-en-la-Calle-Tenerife-300x201.png 300w, https:\/\/www.webtenerife.de\/dasblog\/wp-content\/uploads\/2020\/02\/Carnaval-en-la-Calle-Tenerife-768x513.png 768w, https:\/\/www.webtenerife.de\/dasblog\/wp-content\/uploads\/2020\/02\/Carnaval-en-la-Calle-Tenerife-600x400.png 600w, https:\/\/www.webtenerife.de\/dasblog\/wp-content\/uploads\/2020\/02\/Carnaval-en-la-Calle-Tenerife-75x50.png 75w, https:\/\/www.webtenerife.de\/dasblog\/wp-content\/uploads\/2020\/02\/Carnaval-en-la-Calle-Tenerife.png 884w\" sizes=\"(max-width: 690px) 100vw, 690px\" \/><\/figure>\n\n\n\n<p>Am n\u00e4chsten Tag, Dienstag, dem 26. Februar, markiert der <strong>Karnevalsumzug Coso<\/strong> den H\u00f6hepunkt der Feierlichkeiten mit einer gro\u00dfartigen Parade, an der alle teilnehmen: Karnevalsch\u00f6re, K\u00f6niginnen, Musik- und Tanzgruppen, &#8230; Alle kommen um 16:00 Uhr in der Avenida de Francisco La Roche und Avenida Mar\u00edtima zusammen, um eine der meist besuchten Shows zu feiern.<\/p>\n\n\n\n<h2 class=\"wp-block-heading\">Das Ende des Karnevals<\/h2>\n\n\n\n<p>Am Aschermittwoch, dem 26. Februar bringt &nbsp;das <strong>\u201eBegr\u00e4bnis der Sardine\u201c<\/strong> einen der komischsten und theatralischsten Momente des Karnevals: Witwen und Trauernde begleiten den Trauerzug einer \u00fcberdimensionierten Pappmachesardine, die am Ende verbrannt wird.<\/p>\n\n\n\n<p>Als Sahneh\u00e4ubchen und f\u00fcr alle, die weiter feiern wollen, wird am Samstag, dem 29. Februar, der <strong>Karneval des Tages<\/strong> erneut gefeiert und als letzter H\u00f6hepunkt am Sonntag, dem 1. M\u00e4rz das <strong>Gro\u00dfe Ende der Karnevalsparty<\/strong> 2020 mit breitem Unterhaltungsprogramm.<\/p>\n\n\n\n<p>Hast du dir alles <a href=\"http:\/\/www.theheartoftenerife.com\/wp-content\/uploads\/2019\/02\/TripticocarnavalINGLES.pdf\">gemerkt<\/a>? Dann zieh dein Kost\u00fcm an und komm! Wir m\u00f6chten <a href=\"https:\/\/www.webtenerife.de\/aktivitaten\/karneval\/\">die lustigste Party des Jahres<\/a> mit dir teilen.<\/p>\n","protected":false},"excerpt":{"rendered":"<p>Hast du schon dein Kost\u00fcm? Der Karneval von Santa Cruz de Tenerife 2020 steht vor der T\u00fcr und verspricht wie jedes Jahr gro\u00dfartige Momente. Wir geben dir einige Empfehlungen und die wichtigsten Termine f\u00fcr deinen Karnevalskalender. Wenn der Karneval auf der Stra\u00dfe beginnt Obwohl der Karneval fast den ganzen Februar [&hellip;]<\/p>\n","protected":false},"author":5,"featured_media":0,"comment_status":"open","ping_status":"open","sticky":false,"template":"","format":"standard","meta":{"footnotes":""},"categories":[547,145],"tags":[295],"class_list":["post-2042","post","type-post","status-publish","format-standard","hentry","category-karneval","category-nightlife","tag-webtenerife"],"_links":{"self":[{"href":"https:\/\/www.webtenerife.de\/dasblog\/wp-json\/wp\/v2\/posts\/2042","targetHints":{"allow":["GET"]}}],"collection":[{"href":"https:\/\/www.webtenerife.de\/dasblog\/wp-json\/wp\/v2\/posts"}],"about":[{"href":"https:\/\/www.webtenerife.de\/dasblog\/wp-json\/wp\/v2\/types\/post"}],"author":[{"embeddable":true,"href":"https:\/\/www.webtenerife.de\/dasblog\/wp-json\/wp\/v2\/users\/5"}],"replies":[{"embeddable":true,"href":"https:\/\/www.webtenerife.de\/dasblog\/wp-json\/wp\/v2\/comments?post=2042"}],"version-history":[{"count":6,"href":"https:\/\/www.webtenerife.de\/dasblog\/wp-json\/wp\/v2\/posts\/2042\/revisions"}],"predecessor-version":[{"id":2051,"href":"https:\/\/www.webtenerife.de\/dasblog\/wp-json\/wp\/v2\/posts\/2042\/revisions\/2051"}],"wp:attachment":[{"href":"https:\/\/www.webtenerife.de\/dasblog\/wp-json\/wp\/v2\/media?parent=2042"}],"wp:term":[{"taxonomy":"category","embeddable":true,"href":"https:\/\/www.webtenerife.de\/dasblog\/wp-json\/wp\/v2\/categories?post=2042"},{"taxonomy":"post_tag","embeddable":true,"href":"https:\/\/www.webtenerife.de\/dasblog\/wp-json\/wp\/v2\/tags?post=2042"}],"curies":[{"name":"wp","href":"https:\/\/api.w.org\/{rel}","templated":true}]}}