{"id":2029,"date":"2020-01-30T01:13:59","date_gmt":"2020-01-30T00:13:59","guid":{"rendered":"https:\/\/www.webtenerife.de\/dasblog\/?p=2029"},"modified":"2020-01-30T01:14:03","modified_gmt":"2020-01-30T00:14:03","slug":"die-funf-strande-teneriffas-mit-den-spektakularsten-sonnenuntergangen","status":"publish","type":"post","link":"https:\/\/www.webtenerife.de\/dasblog\/2020\/01\/die-funf-strande-teneriffas-mit-den-spektakularsten-sonnenuntergangen\/","title":{"rendered":"Die f\u00fcnf Str\u00e4nde Teneriffas mit den spektakul\u00e4rsten Sonnenunterg\u00e4ngen"},"content":{"rendered":"\n<p>Oft werden wir nach Tipps f\u00fcr den perfekten\nStrand gefragt, um die eindrucksvollen Sonnenunterg\u00e4nge der Insel zu erleben\nund festzuhalten. Es sind meistens die Reisenden selbst, die am besten wissen,\nwelche Ecken unserer Insel zu besuchen sind; Aus diesem Grund haben wir uns\nentschlossen, die von den Besuchern empfohlenen Str\u00e4nde der Insel zu besuchen,\num nach den besten Sonnenunterg\u00e4ngen zu suchen.<\/p>\n\n\n\n<figure class=\"wp-block-image\"><img fetchpriority=\"high\" decoding=\"async\" width=\"690\" height=\"459\" src=\"https:\/\/www.webtenerife.de\/dasblog\/wp-content\/uploads\/2020\/01\/benijo-1-690x459.png\" alt=\"\" class=\"wp-image-2031\" srcset=\"https:\/\/www.webtenerife.de\/dasblog\/wp-content\/uploads\/2020\/01\/benijo-1-690x459.png 690w, https:\/\/www.webtenerife.de\/dasblog\/wp-content\/uploads\/2020\/01\/benijo-1-300x200.png 300w, https:\/\/www.webtenerife.de\/dasblog\/wp-content\/uploads\/2020\/01\/benijo-1-768x511.png 768w, https:\/\/www.webtenerife.de\/dasblog\/wp-content\/uploads\/2020\/01\/benijo-1-600x400.png 600w, https:\/\/www.webtenerife.de\/dasblog\/wp-content\/uploads\/2020\/01\/benijo-1-75x50.png 75w, https:\/\/www.webtenerife.de\/dasblog\/wp-content\/uploads\/2020\/01\/benijo-1.png 906w\" sizes=\"(max-width: 690px) 100vw, 690px\" \/><figcaption>Playa deBenijo<\/figcaption><\/figure>\n\n\n\n<p>\u201eEs gibt keinen anderen, der so voller Magie, aufregend, wild und romantisch ist. Es ist ein mythischer Strand \u201c, sagt Juli\u00e1n und wir k\u00f6nnen es nachvollziehen. Mit seiner einzigartigen Anziehungskraft und Atmosph\u00e4re verf\u00fchrt <a href=\"https:\/\/www.webtenerife.de\/besucherattraktionen\/strande\/playa-benijo.htm\">Benijo<\/a> seine Besucher und zieht sie in seinen Bann.<\/p>\n\n\n\n<p>Julian beendet sein Urteil mit folgendem Ratschlag: \u201eEs ist wichtig die Gezeiten zu kontrollieren, um den richtigen Tag zu w\u00e4hlen. Vor allem bei Ebbe, wenn der Strand mehr Fl\u00e4che und Breite hat zeigt sich Benijo von seiner besten Seite.\u201c Wir haben uns das f\u00fcr unseren n\u00e4chsten Besuch vermerkt.<\/p>\n\n\n\n<figure class=\"wp-block-image\"><img decoding=\"async\" width=\"690\" height=\"461\" src=\"https:\/\/www.webtenerife.de\/dasblog\/wp-content\/uploads\/2020\/01\/vistas-690x461.png\" alt=\"\" class=\"wp-image-2036\" srcset=\"https:\/\/www.webtenerife.de\/dasblog\/wp-content\/uploads\/2020\/01\/vistas-690x461.png 690w, https:\/\/www.webtenerife.de\/dasblog\/wp-content\/uploads\/2020\/01\/vistas-300x200.png 300w, https:\/\/www.webtenerife.de\/dasblog\/wp-content\/uploads\/2020\/01\/vistas-768x513.png 768w, https:\/\/www.webtenerife.de\/dasblog\/wp-content\/uploads\/2020\/01\/vistas-600x400.png 600w, https:\/\/www.webtenerife.de\/dasblog\/wp-content\/uploads\/2020\/01\/vistas-75x50.png 75w, https:\/\/www.webtenerife.de\/dasblog\/wp-content\/uploads\/2020\/01\/vistas.png 884w\" sizes=\"(max-width: 690px) 100vw, 690px\" \/><figcaption>Playa de Las Vistas<\/figcaption><\/figure>\n\n\n\n<p>Obwohl wir bei unserem Besuch von <a href=\"https:\/\/www.webtenerife.de\/besucherattraktionen\/strande\/las+vistas.htm\">Las Vistas<\/a> ein bisschen geschummelt haben und zum Sonnenaufgang gekommen sind, stellt sich heraus, dass dieser bekannte Strand im S\u00fcden von Teneriffa sowohl f\u00fcr einen Sonnenaufgang als auch einen Sonnenuntergang zu empfehlen ist.<\/p>\n\n\n\n<p>Wenn die Sonne aufgeht, ist der Himmel mit Gold \u00fcberflutet und zu besonderen meteologischen Gegebenheiten f\u00e4rbt er den gesamten Horizont lila. F\u00fcr Mali \u201edas Beste von Teneriffa. Feiner wei\u00dfer Sand und kristallklares Wasser. Ich komme seit ungef\u00e4hr 15 Jahren an diesen Strand. Ich wiederhole fast jedes Jahr.&#8220; <\/p>\n\n\n\n<figure class=\"wp-block-image\"><img decoding=\"async\" width=\"690\" height=\"338\" src=\"https:\/\/www.webtenerife.de\/dasblog\/wp-content\/uploads\/2020\/01\/medano-690x338.png\" alt=\"\" class=\"wp-image-2035\" srcset=\"https:\/\/www.webtenerife.de\/dasblog\/wp-content\/uploads\/2020\/01\/medano-690x338.png 690w, https:\/\/www.webtenerife.de\/dasblog\/wp-content\/uploads\/2020\/01\/medano-300x147.png 300w, https:\/\/www.webtenerife.de\/dasblog\/wp-content\/uploads\/2020\/01\/medano-768x376.png 768w, https:\/\/www.webtenerife.de\/dasblog\/wp-content\/uploads\/2020\/01\/medano.png 884w\" sizes=\"(max-width: 690px) 100vw, 690px\" \/><figcaption>Playa de El M\u00e9dano<\/figcaption><\/figure>\n\n\n\n<p>Isabel Garc\u00eda beschreibt <a href=\"https:\/\/www.webtenerife.de\/besucherattraktionen\/strande\/el+medano.htm\">El M\u00e9dano<\/a> im Blog <a href=\"http:\/\/viajes.elmundo.es\/2016\/08\/17\/espana\/1471439099.html\">Ocho Leguas<\/a> als &#8222;Die Stadt mit den meisten Drachen auf Teneriffa&#8220; und damit hat sie sicherlich recht. Zu den Drachen gesellen sich Windsurfer, Kitesurfer und andere Sportarten, bei denen der Wind eine Hauptrolle spielt. Der Monta\u00f1a Roja (Roter Berg) ist der Hauptdarsteller, wenn die untergehende Sonne die Landschaft in warme Farbt\u00f6ne taucht.<\/p>\n\n\n\n<figure class=\"wp-block-image\"><img loading=\"lazy\" decoding=\"async\" width=\"690\" height=\"460\" src=\"https:\/\/www.webtenerife.de\/dasblog\/wp-content\/uploads\/2020\/01\/jardin-690x460.png\" alt=\"\" class=\"wp-image-2034\" srcset=\"https:\/\/www.webtenerife.de\/dasblog\/wp-content\/uploads\/2020\/01\/jardin-690x460.png 690w, https:\/\/www.webtenerife.de\/dasblog\/wp-content\/uploads\/2020\/01\/jardin-300x200.png 300w, https:\/\/www.webtenerife.de\/dasblog\/wp-content\/uploads\/2020\/01\/jardin-768x512.png 768w, https:\/\/www.webtenerife.de\/dasblog\/wp-content\/uploads\/2020\/01\/jardin-600x400.png 600w, https:\/\/www.webtenerife.de\/dasblog\/wp-content\/uploads\/2020\/01\/jardin-75x50.png 75w, https:\/\/www.webtenerife.de\/dasblog\/wp-content\/uploads\/2020\/01\/jardin.png 886w\" sizes=\"(max-width: 690px) 100vw, 690px\" \/><figcaption>Playa Jard\u00edn<\/figcaption><\/figure>\n\n\n\n<p>In dem Paradies Teneriffa ist die charmante Hafenstadt Puerto de la Cruz ein kleines Paradies f\u00fcr sich. Die Stadt mit guter touristischer Infrastruktur und insbesondere der <a href=\"https:\/\/www.webtenerife.de\/besucherattraktionen\/strande\/complejo-playa-jardin.htm\">Playa Jard\u00edn<\/a> zieht die Besucher in seinen Bann und l\u00e4sst sie Jahr f\u00fcr Jahr zur\u00fcckzukehren, um erneut seine freundliche Atmosph\u00e4re zu genie\u00dfen. \u00a0<\/p>\n\n\n\n<p>Jordi beschreibt ihn als \u201eeinen der besten Str\u00e4nde der Insel Teneriffa. Feiner schwarzer Sand. Sehr lang und breit, Herrlich zum Beachvolleyball spielen.\u201c Maria teilt seine Meinung: \u201eIch liebe diesen Strand, weil er so schwarz ist und einen Kontrast zu den farbenfrohen G\u00e4rten bietet. Sehr sch\u00f6n, um ein Bad zu nehmen oder einfach nur spazieren zu gehen.\u201c <\/p>\n\n\n\n<figure class=\"wp-block-image\"><img loading=\"lazy\" decoding=\"async\" width=\"690\" height=\"423\" src=\"https:\/\/www.webtenerife.de\/dasblog\/wp-content\/uploads\/2020\/01\/duque-690x423.png\" alt=\"\" class=\"wp-image-2033\" srcset=\"https:\/\/www.webtenerife.de\/dasblog\/wp-content\/uploads\/2020\/01\/duque-690x423.png 690w, https:\/\/www.webtenerife.de\/dasblog\/wp-content\/uploads\/2020\/01\/duque-300x184.png 300w, https:\/\/www.webtenerife.de\/dasblog\/wp-content\/uploads\/2020\/01\/duque-768x471.png 768w, https:\/\/www.webtenerife.de\/dasblog\/wp-content\/uploads\/2020\/01\/duque.png 884w\" sizes=\"(max-width: 690px) 100vw, 690px\" \/><figcaption>Playa de El Duque<\/figcaption><\/figure>\n\n\n\n<p>Zum Schlu\u00df unseres Artikel kommen wir zu einem der bezaubersten Str\u00e4nde Teneriffas. Sophianne schreibt \u00fcber den <a href=\"https:\/\/www.webtenerife.de\/besucherattraktionen\/strande\/el+duque.htm\">Playa de El Duque<\/a>: \u201eF\u00fcr ein ruhiges und entspanntes Bad im Paradies ist dies der richtige Strand. Wann immer ich kann, besuche ich ihn morgens, um mich im klaren Wasser zu erfrischen. Es ist au\u00dferdem ein wundersch\u00f6ner Ort f\u00fcr einen Spaziergang zum Sonnenuntergang und f\u00fcr spektakul\u00e4re Fotos.\u201c<\/p>\n\n\n\n<p>Wir k\u00f6nnen dies best\u00e4tigen, auch den fotografischen Teil. Die Aufnahmen machen sich praktisch von allein in einer der sch\u00f6nsten Umgebungen der Insel. Wir empfehlen euch, es zu versuchen und ihr werdet feststellen, wie einfach es ist.<\/p>\n","protected":false},"excerpt":{"rendered":"<p>Oft werden wir nach Tipps f\u00fcr den perfekten Strand gefragt, um die eindrucksvollen Sonnenunterg\u00e4nge der Insel zu erleben und festzuhalten. Es sind meistens die Reisenden selbst, die am besten wissen, welche Ecken unserer Insel zu besuchen sind; Aus diesem Grund haben wir uns entschlossen, die von den Besuchern empfohlenen Str\u00e4nde [&hellip;]<\/p>\n","protected":false},"author":5,"featured_media":0,"comment_status":"open","ping_status":"open","sticky":false,"template":"","format":"standard","meta":{"footnotes":""},"categories":[7,546,11,1],"tags":[],"class_list":["post-2029","post","type-post","status-publish","format-standard","hentry","category-natur","category-sonnenuntergange","category-strande","category-verschiedenes"],"_links":{"self":[{"href":"https:\/\/www.webtenerife.de\/dasblog\/wp-json\/wp\/v2\/posts\/2029","targetHints":{"allow":["GET"]}}],"collection":[{"href":"https:\/\/www.webtenerife.de\/dasblog\/wp-json\/wp\/v2\/posts"}],"about":[{"href":"https:\/\/www.webtenerife.de\/dasblog\/wp-json\/wp\/v2\/types\/post"}],"author":[{"embeddable":true,"href":"https:\/\/www.webtenerife.de\/dasblog\/wp-json\/wp\/v2\/users\/5"}],"replies":[{"embeddable":true,"href":"https:\/\/www.webtenerife.de\/dasblog\/wp-json\/wp\/v2\/comments?post=2029"}],"version-history":[{"count":3,"href":"https:\/\/www.webtenerife.de\/dasblog\/wp-json\/wp\/v2\/posts\/2029\/revisions"}],"predecessor-version":[{"id":2039,"href":"https:\/\/www.webtenerife.de\/dasblog\/wp-json\/wp\/v2\/posts\/2029\/revisions\/2039"}],"wp:attachment":[{"href":"https:\/\/www.webtenerife.de\/dasblog\/wp-json\/wp\/v2\/media?parent=2029"}],"wp:term":[{"taxonomy":"category","embeddable":true,"href":"https:\/\/www.webtenerife.de\/dasblog\/wp-json\/wp\/v2\/categories?post=2029"},{"taxonomy":"post_tag","embeddable":true,"href":"https:\/\/www.webtenerife.de\/dasblog\/wp-json\/wp\/v2\/tags?post=2029"}],"curies":[{"name":"wp","href":"https:\/\/api.w.org\/{rel}","templated":true}]}}