{"id":2018,"date":"2019-12-25T21:03:48","date_gmt":"2019-12-25T20:03:48","guid":{"rendered":"https:\/\/www.webtenerife.de\/dasblog\/?p=2018"},"modified":"2019-12-25T21:04:25","modified_gmt":"2019-12-25T20:04:25","slug":"ein-spaziergang-durch-das-weihnachtliche-la-laguna","status":"publish","type":"post","link":"https:\/\/www.webtenerife.de\/dasblog\/2019\/12\/ein-spaziergang-durch-das-weihnachtliche-la-laguna\/","title":{"rendered":"Ein Spaziergang durch das weihnachtliche La Laguna"},"content":{"rendered":"\n<p>Ein Spaziergang durch die Stra\u00dfen von San Crist\u00f3bal de La Laguna zu Weihnachten entf\u00fchrt uns in eine andere Welt. Sobald wir in der Avenida Trinidad ankommen, sto\u00dfen wir auf die charakteristischen Ger\u00fcche nach Datteln und ger\u00f6steten Kastanien.<\/p>\n\n\n\n<figure class=\"wp-block-image\"><img fetchpriority=\"high\" decoding=\"async\" width=\"688\" height=\"458\" src=\"https:\/\/www.webtenerife.de\/dasblog\/wp-content\/uploads\/2019\/12\/Imagen-1-1.png\" alt=\"\" class=\"wp-image-2020\" srcset=\"https:\/\/www.webtenerife.de\/dasblog\/wp-content\/uploads\/2019\/12\/Imagen-1-1.png 688w, https:\/\/www.webtenerife.de\/dasblog\/wp-content\/uploads\/2019\/12\/Imagen-1-1-300x200.png 300w, https:\/\/www.webtenerife.de\/dasblog\/wp-content\/uploads\/2019\/12\/Imagen-1-1-600x400.png 600w, https:\/\/www.webtenerife.de\/dasblog\/wp-content\/uploads\/2019\/12\/Imagen-1-1-75x50.png 75w\" sizes=\"(max-width: 688px) 100vw, 688px\" \/><\/figure>\n\n\n\n<p>Wir genie\u00dfen die weihnachtliche Atmosph\u00e4re der Calle Herradores, einer der zentralen Strassen der Fu\u00dfg\u00e4ngerzone der einstigen Hauptstadt der Insel. Falls ihr es noch nicht wusstet: Bis zum 19. Jahrhundert war La Laguna die Hauptstadt von Teneriffa, in der bedeutende K\u00fcnstler und ber\u00fchmte Pers\u00f6nlichkeiten lebten, die der Stadt den Charme verliehen, den sie Jahrhunderte sp\u00e4ter noch bewahrt, und der ihr das Privileg gab, zum Weltkulturerbe erkl\u00e4rt zu werden.<\/p>\n\n\n\n<figure class=\"wp-block-image\"><img decoding=\"async\" width=\"690\" height=\"460\" src=\"https:\/\/www.webtenerife.de\/dasblog\/wp-content\/uploads\/2019\/12\/Imagen-2-1-690x460.png\" alt=\"\" class=\"wp-image-2024\" srcset=\"https:\/\/www.webtenerife.de\/dasblog\/wp-content\/uploads\/2019\/12\/Imagen-2-1-690x460.png 690w, https:\/\/www.webtenerife.de\/dasblog\/wp-content\/uploads\/2019\/12\/Imagen-2-1-300x200.png 300w, https:\/\/www.webtenerife.de\/dasblog\/wp-content\/uploads\/2019\/12\/Imagen-2-1-600x400.png 600w, https:\/\/www.webtenerife.de\/dasblog\/wp-content\/uploads\/2019\/12\/Imagen-2-1-75x50.png 75w, https:\/\/www.webtenerife.de\/dasblog\/wp-content\/uploads\/2019\/12\/Imagen-2-1.png 706w\" sizes=\"(max-width: 690px) 100vw, 690px\" \/><\/figure>\n\n\n\n<p>Die Strasse Obispo Rey Redondo ist einer der sch\u00f6nsten Flecken dieses Weihnachtsfestes. Die weihnachtlich beleuchtete Passage, am Ende der Stra\u00dfe zum Plaza del Adelantado f\u00fchrend, ist zu einer der beliebtesten Attraktionen f\u00fcr Einheimische und Touristen geworden. Es ist nicht ungew\u00f6hnlich, dass Viele diesen Moment mit einem Foto verewigen wollen.<\/p>\n\n\n\n<p>\u00dcbertroffen wir dies dennoch vom Plaza del Adelantado: Fotomotive wie die Engelsfl\u00fcgel aus LED-Lichtern laden zum Posieren ein. Manchmal muss man ein bisschen warten, bis man an der Reihe ist, aber das Warten gibt die M\u00f6glichkeit zu einem kurzen Gespr\u00e4ch mit den freundlichen Bewohnern der Stadt.<\/p>\n\n\n\n<figure class=\"wp-block-image\"><img decoding=\"async\" width=\"690\" height=\"460\" src=\"https:\/\/www.webtenerife.de\/dasblog\/wp-content\/uploads\/2019\/12\/Imagen-3-1-690x460.png\" alt=\"\" class=\"wp-image-2023\" srcset=\"https:\/\/www.webtenerife.de\/dasblog\/wp-content\/uploads\/2019\/12\/Imagen-3-1-690x460.png 690w, https:\/\/www.webtenerife.de\/dasblog\/wp-content\/uploads\/2019\/12\/Imagen-3-1-300x200.png 300w, https:\/\/www.webtenerife.de\/dasblog\/wp-content\/uploads\/2019\/12\/Imagen-3-1-600x400.png 600w, https:\/\/www.webtenerife.de\/dasblog\/wp-content\/uploads\/2019\/12\/Imagen-3-1-75x50.png 75w, https:\/\/www.webtenerife.de\/dasblog\/wp-content\/uploads\/2019\/12\/Imagen-3-1.png 696w\" sizes=\"(max-width: 690px) 100vw, 690px\" \/><\/figure>\n\n\n\n<p>Nachdem wir einen kurzen Stopp machen, um die leckeren Weihnachtss\u00fc\u00dfigkeiten zu probieren machen wir uns auf zum Plaza del Cristo. Dort erwartet uns ein 20m hoher Riesenbaum im Lichterkleid, der die Umgebung des Platzes beleuchtet, wo sich auch der Markt von La Laguna befindet. Dieser historische Platz grenzte fr\u00fcher den st\u00e4dtischen Teil von La Laguna vom landwirtschaftlich genutzten Teil ab, der als &#8222;Vega Lagunera&#8220; bekannt ist.<\/p>\n\n\n\n<p>Mit ein bisschen Gl\u00fcck trifft man auf \u201cLo Divino\u201d, kleine Musikkapellen die mit ihren Instrumenten durch die Stra\u00dfen von La Laguna ziehen, und zur Freude aller Passanten beliebte und einheimische Weihnachtslieder singen.&nbsp;<\/p>\n\n\n\n<figure class=\"wp-block-image\"><img loading=\"lazy\" decoding=\"async\" width=\"690\" height=\"460\" src=\"https:\/\/www.webtenerife.de\/dasblog\/wp-content\/uploads\/2019\/12\/Imagen-4-1-690x460.png\" alt=\"\" class=\"wp-image-2022\" srcset=\"https:\/\/www.webtenerife.de\/dasblog\/wp-content\/uploads\/2019\/12\/Imagen-4-1-690x460.png 690w, https:\/\/www.webtenerife.de\/dasblog\/wp-content\/uploads\/2019\/12\/Imagen-4-1-300x200.png 300w, https:\/\/www.webtenerife.de\/dasblog\/wp-content\/uploads\/2019\/12\/Imagen-4-1-600x400.png 600w, https:\/\/www.webtenerife.de\/dasblog\/wp-content\/uploads\/2019\/12\/Imagen-4-1-75x50.png 75w, https:\/\/www.webtenerife.de\/dasblog\/wp-content\/uploads\/2019\/12\/Imagen-4-1.png 715w\" sizes=\"(max-width: 690px) 100vw, 690px\" \/><\/figure>\n\n\n\n<p>Das sch\u00f6ne an einem Weihnachtsbummel durch die Altstadt ist, das man immer wieder neue Sachen entdeckt. Die Verbindung aus Gesch\u00e4ften und historischen Geb\u00e4uden bietet f\u00fcr jeden Geschmack etwas und es macht Spa\u00df in gem\u00fctlichem Tempo durch die Gassen zu schlendern.<\/p>\n\n\n\n<figure class=\"wp-block-image\"><img loading=\"lazy\" decoding=\"async\" width=\"690\" height=\"460\" src=\"https:\/\/www.webtenerife.de\/dasblog\/wp-content\/uploads\/2019\/12\/Imagen-5-690x460.png\" alt=\"\" class=\"wp-image-2021\" srcset=\"https:\/\/www.webtenerife.de\/dasblog\/wp-content\/uploads\/2019\/12\/Imagen-5-690x460.png 690w, https:\/\/www.webtenerife.de\/dasblog\/wp-content\/uploads\/2019\/12\/Imagen-5-300x200.png 300w, https:\/\/www.webtenerife.de\/dasblog\/wp-content\/uploads\/2019\/12\/Imagen-5-600x400.png 600w, https:\/\/www.webtenerife.de\/dasblog\/wp-content\/uploads\/2019\/12\/Imagen-5-75x50.png 75w, https:\/\/www.webtenerife.de\/dasblog\/wp-content\/uploads\/2019\/12\/Imagen-5.png 694w\" sizes=\"(max-width: 690px) 100vw, 690px\" \/><\/figure>\n\n\n\n<p>Eine Tipp zum Ende: Nehmt in jeder beleuchteten Ecke ein Foto auf. So erhaltet ihr ein farbenfrohes Erinnerungsalbum eueres Besuches der <a href=\"https:\/\/www.elmundo.es\/viajes\/espana\/2018\/04\/04\/5ac20dc0e5fdea03118b458f.html\">Stadt mit den sch\u00f6nsten Stra\u00dfe von Spanien<\/a>.<\/p>\n","protected":false},"excerpt":{"rendered":"<p>Ein Spaziergang durch die Stra\u00dfen von San Crist\u00f3bal de La Laguna zu Weihnachten entf\u00fchrt uns in eine andere Welt. Sobald wir in der Avenida Trinidad ankommen, sto\u00dfen wir auf die charakteristischen Ger\u00fcche nach Datteln und ger\u00f6steten Kastanien. Wir genie\u00dfen die weihnachtliche Atmosph\u00e4re der Calle Herradores, einer der zentralen Strassen der [&hellip;]<\/p>\n","protected":false},"author":5,"featured_media":0,"comment_status":"open","ping_status":"open","sticky":false,"template":"","format":"standard","meta":{"footnotes":""},"categories":[1],"tags":[440,386,267],"class_list":["post-2018","post","type-post","status-publish","format-standard","hentry","category-verschiedenes","tag-la-laguna","tag-weihnachten","tag-weihnachten-auf-teneriffa"],"_links":{"self":[{"href":"https:\/\/www.webtenerife.de\/dasblog\/wp-json\/wp\/v2\/posts\/2018","targetHints":{"allow":["GET"]}}],"collection":[{"href":"https:\/\/www.webtenerife.de\/dasblog\/wp-json\/wp\/v2\/posts"}],"about":[{"href":"https:\/\/www.webtenerife.de\/dasblog\/wp-json\/wp\/v2\/types\/post"}],"author":[{"embeddable":true,"href":"https:\/\/www.webtenerife.de\/dasblog\/wp-json\/wp\/v2\/users\/5"}],"replies":[{"embeddable":true,"href":"https:\/\/www.webtenerife.de\/dasblog\/wp-json\/wp\/v2\/comments?post=2018"}],"version-history":[{"count":5,"href":"https:\/\/www.webtenerife.de\/dasblog\/wp-json\/wp\/v2\/posts\/2018\/revisions"}],"predecessor-version":[{"id":2028,"href":"https:\/\/www.webtenerife.de\/dasblog\/wp-json\/wp\/v2\/posts\/2018\/revisions\/2028"}],"wp:attachment":[{"href":"https:\/\/www.webtenerife.de\/dasblog\/wp-json\/wp\/v2\/media?parent=2018"}],"wp:term":[{"taxonomy":"category","embeddable":true,"href":"https:\/\/www.webtenerife.de\/dasblog\/wp-json\/wp\/v2\/categories?post=2018"},{"taxonomy":"post_tag","embeddable":true,"href":"https:\/\/www.webtenerife.de\/dasblog\/wp-json\/wp\/v2\/tags?post=2018"}],"curies":[{"name":"wp","href":"https:\/\/api.w.org\/{rel}","templated":true}]}}