{"id":1992,"date":"2019-10-29T22:18:45","date_gmt":"2019-10-29T21:18:45","guid":{"rendered":"https:\/\/www.webtenerife.de\/dasblog\/?p=1992"},"modified":"2019-10-30T13:44:38","modified_gmt":"2019-10-30T12:44:38","slug":"ein-ausflug-zu-den-walen-und-delfinen-in-ihrem-naturlichen-lebensraum-vor-teneriffa","status":"publish","type":"post","link":"https:\/\/www.webtenerife.de\/dasblog\/2019\/10\/ein-ausflug-zu-den-walen-und-delfinen-in-ihrem-naturlichen-lebensraum-vor-teneriffa\/","title":{"rendered":"Ein Ausflug zu den Walen und Delfinen in ihrem nat\u00fcrlichen Lebensraum vor Teneriffa"},"content":{"rendered":"\n<p>&#8222;Ihr Ausflug zu den Walen und Delfinen von Teneriffa ist best\u00e4tigt&#8220;. So steht es in der E-Mail, die ich heute Morgen noch einmal nerv\u00f6s ge\u00f6ffnet habe, um die Zeit und die Adresse zu \u00fcberpr\u00fcfen. Ich kann es gar nicht abwarten, <a href=\"https:\/\/www.webtenerife.de\/aktivitaten\/natur\/walbeobachtung\/?tab=1\">aufs Meer hinauszufahren und die Wale zu sehen!<\/a><\/p>\n\n\n\n<h3>Von wo aus startet die Walsichtingstour?\n<\/h3>\n\n\n\n<div class=\"wp-block-image\"><figure class=\"aligncenter\"><img fetchpriority=\"high\" decoding=\"async\" width=\"690\" height=\"459\" src=\"https:\/\/www.webtenerife.de\/dasblog\/wp-content\/uploads\/2019\/10\/Imagen-1-690x459.png\" alt=\"\" class=\"wp-image-2002\" srcset=\"https:\/\/www.webtenerife.de\/dasblog\/wp-content\/uploads\/2019\/10\/Imagen-1-690x459.png 690w, https:\/\/www.webtenerife.de\/dasblog\/wp-content\/uploads\/2019\/10\/Imagen-1-300x200.png 300w, https:\/\/www.webtenerife.de\/dasblog\/wp-content\/uploads\/2019\/10\/Imagen-1-768x511.png 768w, https:\/\/www.webtenerife.de\/dasblog\/wp-content\/uploads\/2019\/10\/Imagen-1-600x400.png 600w, https:\/\/www.webtenerife.de\/dasblog\/wp-content\/uploads\/2019\/10\/Imagen-1-75x50.png 75w, https:\/\/www.webtenerife.de\/dasblog\/wp-content\/uploads\/2019\/10\/Imagen-1.png 878w\" sizes=\"(max-width: 690px) 100vw, 690px\" \/><\/figure><\/div>\n\n\n\n<p>In der E-Mail wurde ich zu dem Ort \u201ePuerto Col\u00f3n\u201c in die s\u00fcdliche Gemeinde von Costa Adeje gerufen, obwohl es auch andere Schiffe gibt, die von Los Cristianos und Los Gigantes aus starten. Ich bin etwas zu fr\u00fch, daher nutzte ich die Gelegenheit, um einen Spaziergang zu dem nahe gelegenen Strand <a href=\"https:\/\/www.webtenerife.de\/besucherattraktionen\/strande\/la+pinta.htm\">Playa de la Pinta<\/a> zu machen, eine sch\u00f6ne Bucht mit guter Infrastruktur. Ich merke mir f\u00fcr den n\u00e4chsten Tag einen l\u00e4ngeren Besuch vor!<\/p>\n\n\n\n<p>Kurz vor der vereinbarten Zeit erreiche ich das Boot. Ich stosse auf eine kleine, aber hochmotivierte Gruppe, die die selbe Neugier mit mir teilt, Wale zu beobachten, wie sie anmutig aus dem Wasser tauchen.<\/p>\n\n\n\n<p>Bei einem Gespr\u00e4ch \u00fcber die Position des Schiffes, lernte ich Juli\u00e1n kennen, einen netten Mitreisenden, der wie ich seine Ferien auf Teneriffa verbrachte. Seine Unterkunft befindet sich im Norden, daher musste er fr\u00fch aufstehen, um p\u00fcnktlich zu sein. Wir tauschten lange Zeit Anekdoten sowie gute Empfehlungen f\u00fcr Orte aus, die man in <a href=\"https:\/\/www.webtenerife.de\/uber-teneriffa\/die-insel\/gemeinden\/puerto-cruz\/?tab=1\">Puerto de la Cruz<\/a>, <a href=\"https:\/\/www.webtenerife.de\/uber-teneriffa\/die-insel\/gemeinden\/orotava\/?tab=1\">La Orotava<\/a> und <a href=\"https:\/\/www.webtenerife.de\/uber-teneriffa\/die-insel\/gemeinden\/garachico\/?tab=1\">Garachico<\/a> besuchen sollte.<\/p>\n\n\n\n<p>Der Kapit\u00e4n meldet uns: Alles an Bord! Die Fahrt geht los.<\/p>\n\n\n\n<h3>Wir sind auf dem Weg zu den Walen und Delfinen.<\/h3>\n\n\n\n<div class=\"wp-block-image\"><figure class=\"aligncenter\"><img decoding=\"async\" width=\"690\" height=\"462\" src=\"https:\/\/www.webtenerife.de\/dasblog\/wp-content\/uploads\/2019\/10\/Imagen-2-690x462.png\" alt=\"\" class=\"wp-image-2001\" srcset=\"https:\/\/www.webtenerife.de\/dasblog\/wp-content\/uploads\/2019\/10\/Imagen-2-690x462.png 690w, https:\/\/www.webtenerife.de\/dasblog\/wp-content\/uploads\/2019\/10\/Imagen-2-300x201.png 300w, https:\/\/www.webtenerife.de\/dasblog\/wp-content\/uploads\/2019\/10\/Imagen-2-768x514.png 768w, https:\/\/www.webtenerife.de\/dasblog\/wp-content\/uploads\/2019\/10\/Imagen-2-75x50.png 75w, https:\/\/www.webtenerife.de\/dasblog\/wp-content\/uploads\/2019\/10\/Imagen-2.png 884w\" sizes=\"(max-width: 690px) 100vw, 690px\" \/><\/figure><\/div>\n\n\n\n<p>Mit einer kurzen Erkl\u00e4rung und Anleitung beginnt der Guide uns in die Welt der Walbeobachtung einzuf\u00fchren. Stolz erz\u00e4hlt er uns, das sein Boot die <a href=\"https:\/\/www.webtenerife.de\/aktivitaten\/natur\/walbeobachtung\/qualitatscharta\/\">Charta f\u00fcr Nachhaltigkeit<\/a> befolgt. Diese Verpflichtung bedeutet, dass das Boot bestimmte Verantwortlichkeiten \u00fcbernimmt und sich verpflichtet, die Umwelt zu respektieren. Wichtig, zu wissen, dass unsere Aktivit\u00e4t die Wale nicht st\u00f6ren oder belasten w\u00fcrde.<\/p>\n\n\n\n<p>Ah! Fast h\u00e4tte ich es vergessen: Bitte die Sonnencreme nicht vergessen, dazu kommt eine sch\u00f6ne Teneriffa-M\u00fctze, die ich vor ein paar Tagen gekauft hatte. Der Schutz vor dem Sonnenlicht ist wichtig!<\/p>\n\n\n\n<h3>Warten auf hoher See auf Wale<\/h3>\n\n\n\n<p>Nach wenigen Minuten erreichen wir die Hohe See. Das Meer ist ruhig, aber wir k\u00f6nnen noch nichts entdecken. Unser Guide versicherte uns, dass wir uns dem Gebiet n\u00e4herten, wo sich die Tiere befinden. Und auf einmal: was f\u00fcr eine \u00dcberraschung! Direkt vor uns taucht eine kleine Gruppe von Walen auf.<\/p>\n\n\n\n<p>Der Schiffskapit\u00e4n stellt die Motoren ab, damit sie nicht st\u00f6ren und L\u00e4rm machen. Wir n\u00e4hern uns langsam und genie\u00dfen in der Stille des Meeres das Ger\u00e4usch der Wale, die ab- und auftauchen, um Luft zu holen. Ein wirklich magischer Moment.<\/p>\n\n\n\n<div data-amp-noloading=\"true\" class=\"wp-block-image\"><figure class=\"aligncenter\"><img decoding=\"async\" width=\"690\" height=\"539\" src=\"https:\/\/www.webtenerife.de\/dasblog\/wp-content\/uploads\/2019\/10\/Imagen-3-690x539.png\" alt=\"\" class=\"wp-image-2000\" srcset=\"https:\/\/www.webtenerife.de\/dasblog\/wp-content\/uploads\/2019\/10\/Imagen-3-690x539.png 690w, https:\/\/www.webtenerife.de\/dasblog\/wp-content\/uploads\/2019\/10\/Imagen-3-300x235.png 300w, https:\/\/www.webtenerife.de\/dasblog\/wp-content\/uploads\/2019\/10\/Imagen-3-768x600.png 768w, https:\/\/www.webtenerife.de\/dasblog\/wp-content\/uploads\/2019\/10\/Imagen-3.png 884w\" sizes=\"(max-width: 690px) 100vw, 690px\" \/><\/figure><\/div>\n\n\n\n<p>W\u00e4hrend wir nicht aufh\u00f6rten, ihnen mit unseren Augen zu folgen, erz\u00e4hlte unser Guide uns von den Arten, die auf Teneriffa zu sehen sind: bis zu 21 verschiedene Wal- und Delfinarten, wobei die h\u00e4ufigsten der T\u00fcmmler und der tropische Calder\u00f3n sind.<\/p>\n\n\n\n<h3>R\u00fcckkehr zum Puerto Col\u00f3n\n<\/h3>\n\n\n\n<p>Nach ca. 2 Stunden auf See und einem guten Snack ging es zur\u00fcck zum Puerto Col\u00f3n. Eine Variante des Ausfluges beinhaltet noch ein Bad in den nahe gelegenen Buchten (zum Beispiel in der Gegend von Los Gigantes) oder es gibt auch k\u00fcrzere Ausfl\u00fcge, falls Sie es eilig haben, obwohl ich mit den zwei Stunden auf See sehr zufrieden war. Bevor ich mich von Juli\u00e1n verabschiede, tauschen wir einige der Fotos, die wir gemacht hatten aus. Es gelang mir, ihn zu \u00fcberzeugen, gemeinsam im Norden zu tauchen. Morgen erwartet mich ein neues Abenteuer!<\/p>\n","protected":false},"excerpt":{"rendered":"<p>&#8222;Ihr Ausflug zu den Walen und Delfinen von Teneriffa ist best\u00e4tigt&#8220;. So steht es in der E-Mail, die ich heute Morgen noch einmal nerv\u00f6s ge\u00f6ffnet habe, um die Zeit und die Adresse zu \u00fcberpr\u00fcfen. Ich kann es gar nicht abwarten, aufs Meer hinauszufahren und die Wale zu sehen! Von wo [&hellip;]<\/p>\n","protected":false},"author":5,"featured_media":0,"comment_status":"open","ping_status":"open","sticky":false,"template":"","format":"standard","meta":{"footnotes":""},"categories":[7,144],"tags":[449,524,485,543,355],"class_list":["post-1992","post","type-post","status-publish","format-standard","hentry","category-natur","category-wale-und-delfine","tag-delfine-und-wale-beobachten","tag-freizeitaktivitaeten-auf-teneriffa","tag-natur","tag-walbesichtigung","tag-wale"],"_links":{"self":[{"href":"https:\/\/www.webtenerife.de\/dasblog\/wp-json\/wp\/v2\/posts\/1992","targetHints":{"allow":["GET"]}}],"collection":[{"href":"https:\/\/www.webtenerife.de\/dasblog\/wp-json\/wp\/v2\/posts"}],"about":[{"href":"https:\/\/www.webtenerife.de\/dasblog\/wp-json\/wp\/v2\/types\/post"}],"author":[{"embeddable":true,"href":"https:\/\/www.webtenerife.de\/dasblog\/wp-json\/wp\/v2\/users\/5"}],"replies":[{"embeddable":true,"href":"https:\/\/www.webtenerife.de\/dasblog\/wp-json\/wp\/v2\/comments?post=1992"}],"version-history":[{"count":9,"href":"https:\/\/www.webtenerife.de\/dasblog\/wp-json\/wp\/v2\/posts\/1992\/revisions"}],"predecessor-version":[{"id":2007,"href":"https:\/\/www.webtenerife.de\/dasblog\/wp-json\/wp\/v2\/posts\/1992\/revisions\/2007"}],"wp:attachment":[{"href":"https:\/\/www.webtenerife.de\/dasblog\/wp-json\/wp\/v2\/media?parent=1992"}],"wp:term":[{"taxonomy":"category","embeddable":true,"href":"https:\/\/www.webtenerife.de\/dasblog\/wp-json\/wp\/v2\/categories?post=1992"},{"taxonomy":"post_tag","embeddable":true,"href":"https:\/\/www.webtenerife.de\/dasblog\/wp-json\/wp\/v2\/tags?post=1992"}],"curies":[{"name":"wp","href":"https:\/\/api.w.org\/{rel}","templated":true}]}}