{"id":1970,"date":"2019-08-30T13:48:21","date_gmt":"2019-08-30T12:48:21","guid":{"rendered":"https:\/\/www.webtenerife.de\/dasblog\/?p=1970"},"modified":"2020-09-08T18:24:46","modified_gmt":"2020-09-08T17:24:46","slug":"urlaub-im-september-auf-teneriffa","status":"publish","type":"post","link":"https:\/\/www.webtenerife.de\/dasblog\/2019\/08\/urlaub-im-september-auf-teneriffa\/","title":{"rendered":"Urlaub im September auf Teneriffa"},"content":{"rendered":"<p class=\"p1\"><span class=\"s1\">Ihr werdet im September Urlaub auf Teneriffa machen? Wir hei\u00dfen euch auf einer <a href=\"https:\/\/www.webtenerife.de\/dasblog\/2019\/07\/die-besten-themenparks-auf-teneriffa-fuer-einen-unvergesslichen-sommer-mit-der-familie\/\" target=\"_blank\" rel=\"noopener noreferrer\"><span style=\"color: #ff9900;\">Insel voller Abenteuer<\/span><\/a> willkommen. Hier k\u00f6nnt ihr und eure Familie euer Album mit <a href=\"https:\/\/www.webtenerife.de\/dasblog\/2017\/07\/teneriffa-ein-abenteuer-fur-die-ganze-familie\/\" target=\"_blank\" rel=\"noopener noreferrer\"><span style=\"color: #ff9900;\">Erinnerungen f\u00fcrs Leben<\/span><\/a> f\u00fcllen. Seid ihr dabei?<\/span><\/p>\n<h2 class=\"p1\"><span class=\"s1\">Weltoffene St\u00e4dte mit eigener Identit\u00e4t<\/span><img fetchpriority=\"high\" decoding=\"async\" class=\"aligncenter size-large wp-image-4107\" src=\"http:\/\/www.webtenerife.com\/elblog\/wp-content\/uploads\/2019\/08\/shutterstock_1347718424-690x387.jpg\" alt=\"Puerto de la Cruz Vacaciones de septiembre en Tenerife \" width=\"650\" height=\"365\" \/><\/h2>\n<p class=\"p1\"><span class=\"s1\">Wer mag keine <a href=\"https:\/\/www.webtenerife.de\/dasblog\/2018\/09\/must-sees-auf-teneriffa-orte-die-ihr-unbedingt-gesehen-haben-muesst-teil-2\/\" target=\"_blank\" rel=\"noopener noreferrer\"><span style=\"color: #ff9900;\">sch\u00f6nen Spazierg\u00e4nge durch interessante Orte<\/span><\/a>? Puerto de la Cruz verbindet die Modernit\u00e4t eines Freilichtmuseums, Puerto Street Art, mit der Identit\u00e4t einer Stadt, die ihre Eigenheiten nicht verloren hat.<\/span><\/p>\n<p class=\"p1\"><span class=\"s1\">Schlendert durch das Viertel La Ranilla mit seinen Wandgem\u00e4lden, badet an den herrlichen Str\u00e4nden von San Telmo und Playa Jard\u00edn oder entspannt euch in einer idyllischen Umgebung wie dem <a href=\"https:\/\/www.webtenerife.de\/besucherattraktionen\/schwimmbader-naturbecken\/complejo+costa+martianez.htm\" target=\"_blank\" rel=\"noopener noreferrer\"><span style=\"color: #ff9900;\">Lago Marti\u00e1nez<\/span><\/a>. Puerto de la Cruz ist ein Miniaturuniversum, in dem sich an jeder Ecke ein kleiner Schatz befindet.<\/span><\/p>\n<p><img decoding=\"async\" class=\"aligncenter size-large wp-image-4108\" src=\"http:\/\/www.webtenerife.com\/elblog\/wp-content\/uploads\/2019\/08\/shutterstock_362881316-690x460.jpg\" alt=\"Santa Cruz de Tenerife Vacaciones de Septiembre \" width=\"650\" height=\"433\" \/><\/p>\n<p class=\"p1\"><span class=\"s1\">In Santa Cruz de Tenerife bringt euch Avantgarde und Geschichte zu Orten wie dem <a href=\"https:\/\/www.webtenerife.de\/uber-teneriffa\/die-insel\/gemeinden\/santa-cruz-tenerife\/sehenswertes\/teatro-guimera.htm\" target=\"_blank\" rel=\"noopener noreferrer\"><span style=\"color: #ff9900;\">Guimer\u00e1-Theater<\/span><\/a>, dem \u00e4ltesten Theater der Kanarischen Inseln, oder dem vom Architekten Santiago Calatrava entworfenen <a href=\"https:\/\/www.webtenerife.de\/uber-teneriffa\/die-insel\/gemeinden\/santa-cruz-tenerife\/sehenswertes\/auditorio-tenerife.htm\" target=\"_blank\" rel=\"noopener noreferrer\"><span style=\"color: #ff9900;\">Teneriffa-Auditorium<\/span><\/a>, das zum Wahrzeichen der Stadt geh\u00f6rt.<\/span><\/p>\n<p class=\"p1\"><span class=\"s1\">Die Hauptstadt der Insel hat das Gl\u00fcck, einen der beliebtesten Str\u00e4nde unserer Besucher, <a href=\"https:\/\/www.webtenerife.de\/besucherattraktionen\/strande\/las+teresitas.htm\" target=\"_blank\" rel=\"noopener noreferrer\"><span style=\"color: #ff9900;\">Las Teresitas<\/span><\/a>, sowie den <a href=\"https:\/\/www.webtenerife.de\/besucherattraktionen\/schwimmbader-naturbecken\/parque+maritimo+cesar+manrique.htm\" target=\"_blank\" rel=\"noopener noreferrer\"><span style=\"color: #ff9900;\">C\u00e9sar Manrique Maritime Par<\/span><\/a>k, einen gro\u00dfen Swimmingpoolkomplex im Schatten des <a href=\"https:\/\/www.webtenerife.de\/besucherattraktionen\/gartenanlagen-parks\/palmetum.htm\" target=\"_blank\" rel=\"noopener noreferrer\"><span style=\"color: #ff9900;\">Palmetum<\/span><\/a>, ein botanischer Garten mit der gr\u00f6\u00dften tropischen Palmensammlung Europas, zu beherbergen. Egal wof\u00fcr ihr euch entscheidet, wir werden euch versichern, dass ihr in Santa Cruz einen Ort findet, zu dem ihr immer zur\u00fcckkehren m\u00f6chtet.<\/span><\/p>\n<h2 class=\"p1\"><span class=\"s1\">L\u00e4ndliche Kurzurlaube auf Teneriffa &#8211; die D\u00f6rfer und Weiler kennenlernen<\/span><\/h2>\n<p><img decoding=\"async\" class=\"aligncenter size-large wp-image-4109\" src=\"http:\/\/www.webtenerife.com\/elblog\/wp-content\/uploads\/2019\/08\/shutterstock_1116370658-690x460.jpg\" alt=\"Masca Tenerife Vacaciones\" width=\"650\" height=\"433\" \/><\/p>\n<p class=\"p1\"><span class=\"s1\">Wenn ihr auf der Suche nach einem l\u00e4ndlichen Kurzurlaub seid, k\u00f6nnen wir euch auch einige Empfehlungen geben. Auf Teneriffa werdet ihr euch an der Vielfalt nicht sattsehen k\u00f6nnen!<\/span><\/p>\n<p class=\"p1\"><span class=\"s1\">Einer der bekanntesten Orte ist der <a href=\"https:\/\/www.webtenerife.de\/besucherattraktionen\/dorfer-und-weiler\/masca.htm\" target=\"_blank\" rel=\"noopener noreferrer\"><span style=\"color: #ff9900;\">Weiler Masca<\/span><\/a> in Buenavista del Norte. Er befindet sich in einer spektakul\u00e4ren Umgebung im Schatten eines imposanten Felsens. Es ist einer der bekanntesten Orte im <a href=\"https:\/\/www.webtenerife.de\/besucherattraktionen\/weitere-naturlandschaften\/landschaftspark-teno.htm\" target=\"_blank\" rel=\"noopener noreferrer\"><span style=\"color: #ff9900;\">Teno Rural Park<\/span><\/a>, an dem ihr nicht nur die atemberaubende Landschaft genie\u00dfen, sondern auch einheimisches Essen probieren k\u00f6nnt.<\/span><\/p>\n<p><img loading=\"lazy\" decoding=\"async\" class=\"aligncenter size-large wp-image-4110\" src=\"http:\/\/www.webtenerife.com\/elblog\/wp-content\/uploads\/2019\/08\/shutterstock_704935543-690x460.jpg\" alt=\"Taganana Santa Cruz de Tenerife \" width=\"650\" height=\"433\" \/><\/p>\n<p class=\"p1\"><span class=\"s1\">Im Nordwesten der Insel finden ihr <a href=\"https:\/\/www.webtenerife.de\/besucherattraktionen\/dorfer-und-weiler\/taganana.htm\" target=\"_blank\" rel=\"noopener noreferrer\"><span style=\"color: #ff9900;\">Taganana<\/span><\/a>. Man schaut von oben auf unz\u00e4hlige wei\u00dfe H\u00e4user, die sich bis zur K\u00fcste schl\u00e4ngeln. Wenn ihr atemberaubende Ausblicke sucht, dann m\u00fcsst ihr den Aussichtspunkt El Bailadero besuchen. Wir versichern euch, dass sich der Ausflug lohnt.<\/span><\/p>\n<p><img loading=\"lazy\" decoding=\"async\" class=\"aligncenter size-large wp-image-4111\" src=\"http:\/\/www.webtenerife.com\/elblog\/wp-content\/uploads\/2019\/08\/shutterstock_1349095946-1-690x439.jpg\" alt=\"Parque Rural de Teno Tenerife \" width=\"650\" height=\"414\" \/><\/p>\n<p class=\"p1\"><span class=\"s1\">M\u00f6chtet ihr Los Gigantes so sehen, wie ihr die Klippen noch nie zuvor gesehen habt, vielleicht auch ein herrliches Panorama unseres Nachbarinsel La Gomera? <a href=\"https:\/\/www.webtenerife.de\/uber-teneriffa\/die-insel\/gemeinden\/buenavista-norte\/sehenswertes\/punta-teno.htm\" target=\"_blank\" rel=\"noopener noreferrer\"><span style=\"color: #ff9900;\">Punta de Teno<\/span><\/a> ist unsere Empfehlung f\u00fcr eine ganz andere Perspektive.<\/span><\/p>\n<h2 class=\"p1\"><span class=\"s1\">Teneriffa Naturrouten<\/span><\/h2>\n<p class=\"p1\"><span class=\"s1\">Jetzt wo wir euch die St\u00e4dte und Weiler Teneriffas vorgestellt haben, wie w\u00e4re es in die kurioseste und spektakul\u00e4rste Natur unserer Insel einzutauchen?<\/span><\/p>\n<h3 class=\"p1\"><span class=\"s1\">Teneriffa &#8211; Walschutzgebiet<\/span><\/h3>\n<p><img loading=\"lazy\" decoding=\"async\" class=\"aligncenter size-large wp-image-4112\" src=\"http:\/\/www.webtenerife.com\/elblog\/wp-content\/uploads\/2019\/08\/shutterstock_243521857-690x708.jpg\" alt=\"Delfines en Tenerife\" width=\"650\" height=\"667\" \/><\/p>\n<p class=\"p1\"><span class=\"s1\">Eine der von unseren Besuchern bevorzugten Aktivit\u00e4ten ist die Walbeobachtung. Wenn ihr die <a href=\"https:\/\/www.webtenerife.de\/aktivitaten\/routen\/autorouten\/santiago+del+teide.htm\" target=\"_blank\" rel=\"noopener noreferrer\"><span style=\"color: #ff9900;\">S\u00fcdwestk\u00fcste Teneriffas erkunden<\/span><\/a> und diese wundersch\u00f6nen Tiere bestaunen m\u00f6chtet, denkt daran, sich an eines der Unternehmen mit der <a href=\"https:\/\/www.webtenerife.de\/aktivitaten\/natur\/walbeobachtung\/qualitatscharta\/\" target=\"_blank\" rel=\"noopener noreferrer\"><span style=\"color: #ff9900;\">Nachhaltigkeitscharta<\/span><\/a> zu wenden. Denn diese Qualit\u00e4tsauflage sorgt f\u00fcr einen respektvollen Umgang mit unserer Umwelt und garantiert die besten Experten und Guides.<\/span><\/p>\n<h3 class=\"p1\"><span class=\"s1\">Ein charmantes Tal<\/span><\/h3>\n<p><img loading=\"lazy\" decoding=\"async\" class=\"aligncenter size-large wp-image-4113\" src=\"http:\/\/www.webtenerife.com\/elblog\/wp-content\/uploads\/2019\/08\/shutterstock_641367034-690x319.jpg\" alt=\"Valle de la Orotava\" width=\"650\" height=\"301\" \/><\/p>\n<p class=\"p1\"><span class=\"s1\">Und zum Schluss verdient der <a href=\"https:\/\/www.webtenerife.de\/aktivitaten\/routen\/autorouten\/san+juan+de+la+rambla+-+icod.htm\" target=\"_blank\" rel=\"noopener noreferrer\"><span style=\"color: #ff9900;\">Norden Teneriffas<\/span><\/a> einen Teil eurer Zeit auf der Insel. Kleine Gemeinden, jede mit ihrer eigenen Magie, bev\u00f6lkern das gesamte Orotavatal. Wenn ihr euren Weg nach Nordwesten fortsetzt, findet ihr einige Naturwunder wie den <a href=\"https:\/\/www.webtenerife.de\/besucherattraktionen\/gartenanlagen-parks\/parque+del+drago.htm\" target=\"_blank\" rel=\"noopener noreferrer\"><span style=\"color: #ff9900;\">tausendj\u00e4hrigen Drachenbaum<\/span><\/a>, den \u00e4ltesten auf dem gesamten Archipel.<\/span><\/p>\n<p class=\"p1\"><span class=\"s1\">Ein wundersch\u00f6ner September erwartet euch auf <a href=\"https:\/\/www.webtenerife.de\/\" target=\"_blank\" rel=\"noopener noreferrer\"><span style=\"color: #ff9900;\">unserer Insel<\/span><\/a>. Worauf wartet ihr noch?<\/span><\/p>\n","protected":false},"excerpt":{"rendered":"<p>Ihr werdet im September Urlaub auf Teneriffa machen? Wir hei\u00dfen euch auf einer Insel voller Abenteuer willkommen. Hier k\u00f6nnt ihr und eure Familie euer Album mit Erinnerungen f\u00fcrs Leben f\u00fcllen. Seid ihr dabei? Weltoffene St\u00e4dte mit eigener Identit\u00e4t Wer mag keine sch\u00f6nen Spazierg\u00e4nge durch interessante Orte? Puerto de la Cruz [&hellip;]<\/p>\n","protected":false},"author":5,"featured_media":1973,"comment_status":"open","ping_status":"open","sticky":false,"template":"","format":"standard","meta":{"footnotes":""},"categories":[142,34,33,7,11,1,144],"tags":[449,442,465,533,217,353,531,532,534,283,295],"class_list":["post-1970","post","type-post","status-publish","format-standard","has-post-thumbnail","hentry","category-freizeitparks","category-kultur","category-museen","category-natur","category-strande","category-verschiedenes","category-wale-und-delfine","tag-delfine-und-wale-beobachten","tag-la-orotava","tag-la-orotava-tal","tag-masca","tag-puerto-de-la-cruz","tag-punta-de-teno","tag-santa-cruz","tag-september-auf-teneriffa","tag-taganana","tag-walbeobachtung","tag-webtenerife"],"_links":{"self":[{"href":"https:\/\/www.webtenerife.de\/dasblog\/wp-json\/wp\/v2\/posts\/1970","targetHints":{"allow":["GET"]}}],"collection":[{"href":"https:\/\/www.webtenerife.de\/dasblog\/wp-json\/wp\/v2\/posts"}],"about":[{"href":"https:\/\/www.webtenerife.de\/dasblog\/wp-json\/wp\/v2\/types\/post"}],"author":[{"embeddable":true,"href":"https:\/\/www.webtenerife.de\/dasblog\/wp-json\/wp\/v2\/users\/5"}],"replies":[{"embeddable":true,"href":"https:\/\/www.webtenerife.de\/dasblog\/wp-json\/wp\/v2\/comments?post=1970"}],"version-history":[{"count":5,"href":"https:\/\/www.webtenerife.de\/dasblog\/wp-json\/wp\/v2\/posts\/1970\/revisions"}],"predecessor-version":[{"id":2148,"href":"https:\/\/www.webtenerife.de\/dasblog\/wp-json\/wp\/v2\/posts\/1970\/revisions\/2148"}],"wp:featuredmedia":[{"embeddable":true,"href":"https:\/\/www.webtenerife.de\/dasblog\/wp-json\/wp\/v2\/media\/1973"}],"wp:attachment":[{"href":"https:\/\/www.webtenerife.de\/dasblog\/wp-json\/wp\/v2\/media?parent=1970"}],"wp:term":[{"taxonomy":"category","embeddable":true,"href":"https:\/\/www.webtenerife.de\/dasblog\/wp-json\/wp\/v2\/categories?post=1970"},{"taxonomy":"post_tag","embeddable":true,"href":"https:\/\/www.webtenerife.de\/dasblog\/wp-json\/wp\/v2\/tags?post=1970"}],"curies":[{"name":"wp","href":"https:\/\/api.w.org\/{rel}","templated":true}]}}