{"id":1954,"date":"2019-07-23T11:37:53","date_gmt":"2019-07-23T10:37:53","guid":{"rendered":"https:\/\/www.webtenerife.de\/dasblog\/?p=1954"},"modified":"2020-08-13T17:16:57","modified_gmt":"2020-08-13T16:16:57","slug":"die-top-sommer-events-2019-auf-teneriffa","status":"publish","type":"post","link":"https:\/\/www.webtenerife.de\/dasblog\/2019\/07\/die-top-sommer-events-2019-auf-teneriffa\/","title":{"rendered":"Die Top-Sommer-Events 2019 auf Teneriffa"},"content":{"rendered":"<p class=\"p1\"><span class=\"s1\">Es gibt Veranstaltungen auf Teneriffa, die ihr nicht verpassen solltet, wenn ihr euren Sommerurlaub 2019 auf der Insel verbringt: von zahlreichen Konzerten \u00fcber Theater bis hin zu Extremsportarten. Schaut mal rein!<\/span><\/p>\n<h2>Minimal Summer 2019<\/h2>\n<p><a href=\"http:\/\/www.webtenerife.com\/elblog\/wp-content\/uploads\/2019\/07\/Minimal-Summer-2019.jpg\"><img fetchpriority=\"high\" decoding=\"async\" class=\"aligncenter size-large wp-image-4075\" src=\"http:\/\/www.webtenerife.com\/elblog\/wp-content\/uploads\/2019\/07\/Minimal-Summer-2019-690x388.jpg\" alt=\"Minimal Summer\" width=\"650\" height=\"366\"><\/a><\/p>\n<p class=\"p1\"><span class=\"s1\">Es ist eine der Sommerveranstaltungen, die sich durch eine Mischung aus bester lateinamerikanischer Musik und modernster Elektronik auszeichnet. Die Veranstaltung findet am 27. Juli im <a href=\"https:\/\/www.webtenerife.de\/uber-teneriffa\/kunst-und-kultur\/architektur\/modern\/centro+magma+arte+y+congresos.htm\" target=\"_blank\" rel=\"noopener noreferrer\"><span style=\"color: #ff9900;\">Magma Arte &amp; Congresos<\/span><\/a> statt und verspricht neben guter Musik einen Bereich mit Food Trucks, Pools und einem &#8222;Minimal Market&#8220; mit K\u00fcnstlern, die diesem originellen Event eine besondere sommerliche Note verleihen.<\/span><\/p>\n<h2>Roger Hodgson Supertramp&#8217;s<\/h2>\n<p><a href=\"http:\/\/www.webtenerife.com\/elblog\/wp-content\/uploads\/2019\/07\/Roger-Hodgson-Tenerife.jpg\"><img decoding=\"async\" class=\"aligncenter size-large wp-image-4076\" src=\"http:\/\/www.webtenerife.com\/elblog\/wp-content\/uploads\/2019\/07\/Roger-Hodgson-Tenerife-690x266.jpg\" alt=\"\" width=\"650\" height=\"251\"><\/a><\/p>\n<p class=\"p1\"><span class=\"s1\">Anl\u00e4sslich des 40-j\u00e4hrigen Jubil\u00e4ums des Albums &#8222;Breakfast in America&#8220; \u200b\u200bbesucht der <a href=\"https:\/\/www.webtenerife.de\/veranstaltungskalender\/roger-hodgson-supertramps.htm\" target=\"_blank\" rel=\"noopener noreferrer\"><span style=\"color: #ff9900;\">S\u00e4nger und Komponist Roger Hodgson<\/span><\/a> die Insel, um einen der gr\u00f6\u00dften Hits der Rockgeschichte zu feiern. Ihr k\u00f6nnt mythische Songs wie &#8222;Take The Long Way Home&#8220; oder &#8222;The Logical Song&#8220; wieder aufleben lassen. Die Veranstaltung wird am 27. Juli im Sportpavillon von Teneriffa Santiago Mart\u00edn stattfinden.<\/span><\/p>\n<h2>VIII&nbsp;<span class=\"s1\">Gastronomische Kostprobe der \u201cPapa Bonita\u201d (sch\u00f6nen Kartoffel)<\/span><\/h2>\n<p><a href=\"http:\/\/www.webtenerife.com\/elblog\/wp-content\/uploads\/2019\/07\/Muestra-Gastronomica-de-la-papa.jpg\"><img decoding=\"async\" class=\"aligncenter size-large wp-image-4078\" src=\"http:\/\/www.webtenerife.com\/elblog\/wp-content\/uploads\/2019\/07\/Muestra-Gastronomica-de-la-papa-690x262.jpg\" alt=\"Muestra Gastronomica de la papa\" width=\"650\" height=\"247\"><\/a><\/p>\n<p class=\"p1\"><span class=\"s1\">Wenn ihr Gastronomie liebt und kleine kulinarische Sch\u00e4tze entdecken m\u00f6chtet, sollte die <a href=\"https:\/\/www.webtenerife.de\/veranstaltungskalender\/achte-gastronomische-kostprobe-der-schonen-kartoffel.htm\" target=\"_blank\" rel=\"noopener noreferrer\"><span style=\"color: #ff9900;\">gastronomische Kostprobe der Papa Bonita<\/span><\/a> ein Muss in eurem Kalender sein. Die Gemeinde im Norden Los Realejos wird Schauplatz von Verkostungen mit Aktivit\u00e4ten und Ausstellungen rund um die \u201csch\u00f6ne Kartoffel\u201d sein. Merkt euch das Datum: Samstag, 27. Juli, auf der Plaza de San Agust\u00edn.<\/span><\/p>\n<h2>XX&nbsp;<span class=\"s1\">Sommer-M\u00e4rchen-Festival<\/span><\/h2>\n<p><a href=\"http:\/\/www.webtenerife.com\/elblog\/wp-content\/uploads\/2019\/07\/XX-Festival-de-Cuento.jpg\"><img loading=\"lazy\" decoding=\"async\" class=\"aligncenter size-full wp-image-4079\" src=\"http:\/\/www.webtenerife.com\/elblog\/wp-content\/uploads\/2019\/07\/XX-Festival-de-Cuento.jpg\" alt=\"XX Festival de Cuento\" width=\"608\" height=\"342\"><\/a><\/p>\n<p class=\"p1\"><span class=\"s1\">El Sauzal feiert das XX. Sommer-M\u00e4rchen-Festival &#8222;Verano de cuento&#8220;, zu dem die Liebhaber von Erz\u00e4hlungen und der k\u00fcnstlerischen Interpretation eingeladen sind. Das Festival findet jeden Freitag vom 19. Juli bis 30. August auf der Plaza de San Pedro statt. Der Eintritt ist frei und zusammen mit dem Festival wird auch ein Mikro-Story-Wettbewerb durchgef\u00fchrt.<\/span><\/p>\n<h2>PWA Windsurf World Cup 2019<\/h2>\n<p><a href=\"http:\/\/www.webtenerife.com\/elblog\/wp-content\/uploads\/2019\/07\/windsurf-03.jpg\"><img loading=\"lazy\" decoding=\"async\" class=\"aligncenter wp-image-4080 size-large\" src=\"http:\/\/www.webtenerife.com\/elblog\/wp-content\/uploads\/2019\/07\/windsurf-03-690x460.jpg\" alt=\"Windsurf El M\u00e9dano Deporte en Tenerife \" width=\"650\" height=\"433\"><\/a><\/p>\n<p class=\"p1\"><span class=\"s1\">Teneriffa wird wieder vom 5. bis 11. August ein Paradies f\u00fcr Windsurfbegeisterte sein. Bei der <a href=\"https:\/\/www.webtenerife.de\/veranstaltungskalender\/pwa-windsurf-weltcup-2019.htm\" target=\"_blank\" rel=\"noopener noreferrer\"><span style=\"color: #ff9900;\">Windsurf-Weltmeisterschaft 2019<\/span><\/a> treffen sich die Top-Athleten dieser Disziplin in El Medano. Die einzigartigen Wind- und Wellenbedingungen machen die Bucht mit beeindruckenden Spr\u00fcngen, die mehrere Meter hoch sind, zum Lieblingsspot der Windsurfer.<\/span><\/p>\n<h2>Sunblast 2019<\/h2>\n<p><a href=\"http:\/\/www.webtenerife.com\/elblog\/wp-content\/uploads\/2019\/07\/Sunblast-2019.jpg\"><img loading=\"lazy\" decoding=\"async\" class=\"aligncenter size-large wp-image-4081\" src=\"http:\/\/www.webtenerife.com\/elblog\/wp-content\/uploads\/2019\/07\/Sunblast-2019-690x262.jpg\" alt=\"Sunblast 2019\" width=\"650\" height=\"247\"><\/a><\/p>\n<p class=\"p1\"><span class=\"s1\">Das beste an elektronischer Musik diesen Sommers mit DJ-Gr\u00f6ssen wie Orishas oder Steve Aoki wird auf f\u00fcnf B\u00fchnen auf dem Costa Adeje Golfplatz ert\u00f6nen. Die siebte Ausgabe dieses gro\u00dfartigen Festivals beginnt am 10. August.<\/span><\/p>\n<h2>Phe Festival 2019<\/h2>\n<p><a href=\"http:\/\/www.webtenerife.com\/elblog\/wp-content\/uploads\/2019\/07\/Phe-Festival-2019.jpg\"><img loading=\"lazy\" decoding=\"async\" class=\"aligncenter wp-image-4082 size-large\" src=\"http:\/\/www.webtenerife.com\/elblog\/wp-content\/uploads\/2019\/07\/Phe-Festival-2019-690x389.jpg\" alt=\"Phe Festival Eventos en Tenerife\" width=\"650\" height=\"366\"><\/a><\/p>\n<p class=\"p1\"><span class=\"s1\">Auch das beste an alternativer Musik hat auf Teneriffa seinen festen Ort. In Puerto de la Cruz bietet das <a href=\"https:\/\/phefestival.com\/\" target=\"_blank\" rel=\"noopener noreferrer\"><span style=\"color: #ff9900;\">Phe Festival<\/span> <\/a>nicht nur gro\u00dfartige musikalische Acts, sondern ist auch Location f\u00fcr Mode, Gastronomie, Kino und Innovation.<\/span><\/p>\n<p class=\"p1\"><span class=\"s1\">Wichtige Daten: 23. und 24. August, da finden die gro\u00dfen Musikacts statt. Ab dem 2. August kann man aber auch schon Sonderveranstaltungen wie die Phe Galerie im Castillo de San Felipe besuchen.<\/span><\/p>\n<p class=\"p1\"><span class=\"s1\">Jetzt habt ihr bereits ein paar abwechslungsreiche Events zur Auswahl! Vergesst nicht, unseren <a href=\"https:\/\/www.webtenerife.de\/veranstaltungskalender\/\" target=\"_blank\" rel=\"noopener noreferrer\"><span style=\"color: #ff9900;\">Veranstaltungskalender<\/span><\/a> zu besuchen, um \u00fcber die neuesten Nachrichten und wichtigen Ereignisse auf Teneriffa informiert zu sein.<\/span><\/p>\n","protected":false},"excerpt":{"rendered":"<p>Es gibt Veranstaltungen auf Teneriffa, die ihr nicht verpassen solltet, wenn ihr euren Sommerurlaub 2019 auf der Insel verbringt: von zahlreichen Konzerten \u00fcber Theater bis hin zu Extremsportarten. Schaut mal rein! Minimal Summer 2019 Es ist eine der Sommerveranstaltungen, die sich durch eine Mischung aus bester lateinamerikanischer Musik und modernster [&hellip;]<\/p>\n","protected":false},"author":5,"featured_media":1956,"comment_status":"open","ping_status":"open","sticky":false,"template":"","format":"standard","meta":{"footnotes":""},"categories":[16,34,13,1,149],"tags":[524,255,525,269,526,295],"class_list":["post-1954","post","type-post","status-publish","format-standard","has-post-thumbnail","hentry","category-konzerte","category-kultur","category-sport","category-verschiedenes","category-windsurf","tag-freizeitaktivitaeten-auf-teneriffa","tag-konzerte-teneriffa","tag-sommer-2019","tag-sport-auf-teneriffa","tag-veranstaltungen-auf-teneriffa","tag-webtenerife"],"_links":{"self":[{"href":"https:\/\/www.webtenerife.de\/dasblog\/wp-json\/wp\/v2\/posts\/1954","targetHints":{"allow":["GET"]}}],"collection":[{"href":"https:\/\/www.webtenerife.de\/dasblog\/wp-json\/wp\/v2\/posts"}],"about":[{"href":"https:\/\/www.webtenerife.de\/dasblog\/wp-json\/wp\/v2\/types\/post"}],"author":[{"embeddable":true,"href":"https:\/\/www.webtenerife.de\/dasblog\/wp-json\/wp\/v2\/users\/5"}],"replies":[{"embeddable":true,"href":"https:\/\/www.webtenerife.de\/dasblog\/wp-json\/wp\/v2\/comments?post=1954"}],"version-history":[{"count":3,"href":"https:\/\/www.webtenerife.de\/dasblog\/wp-json\/wp\/v2\/posts\/1954\/revisions"}],"predecessor-version":[{"id":2147,"href":"https:\/\/www.webtenerife.de\/dasblog\/wp-json\/wp\/v2\/posts\/1954\/revisions\/2147"}],"wp:featuredmedia":[{"embeddable":true,"href":"https:\/\/www.webtenerife.de\/dasblog\/wp-json\/wp\/v2\/media\/1956"}],"wp:attachment":[{"href":"https:\/\/www.webtenerife.de\/dasblog\/wp-json\/wp\/v2\/media?parent=1954"}],"wp:term":[{"taxonomy":"category","embeddable":true,"href":"https:\/\/www.webtenerife.de\/dasblog\/wp-json\/wp\/v2\/categories?post=1954"},{"taxonomy":"post_tag","embeddable":true,"href":"https:\/\/www.webtenerife.de\/dasblog\/wp-json\/wp\/v2\/tags?post=1954"}],"curies":[{"name":"wp","href":"https:\/\/api.w.org\/{rel}","templated":true}]}}