{"id":1935,"date":"2019-06-13T12:17:41","date_gmt":"2019-06-13T11:17:41","guid":{"rendered":"https:\/\/www.webtenerife.de\/dasblog\/?p=1935"},"modified":"2019-06-13T12:17:41","modified_gmt":"2019-06-13T11:17:41","slug":"wandern-fuer-anfaenger-auf-teneriffa-die-kurzanleitung","status":"publish","type":"post","link":"https:\/\/www.webtenerife.de\/dasblog\/2019\/06\/wandern-fuer-anfaenger-auf-teneriffa-die-kurzanleitung\/","title":{"rendered":"Wandern f\u00fcr Anf\u00e4nger auf Teneriffa &#8211; die Kurzanleitung"},"content":{"rendered":"<p class=\"p1\"><span class=\"s1\">Mit mehr als 1.000 Kilometern Wanderwegen ist Wandern auf Teneriffa <a href=\"https:\/\/www.webtenerife.de\/dasblog\/2019\/05\/top-10-wanderungen-auf-teneriffa-die-besten-strecken\/\" target=\"_blank\" rel=\"noopener\"><span style=\"color: #ff9900;\">die beste Option, um die Natur der Insel zu Fu\u00df zu erkunden<\/span><\/a>. Dar\u00fcber hinaus versammeln sich jedes Jahr Wanderer aus der ganzen Welt, um das Tenerife Walking Festival zu feiern &#8211; eine tolle Gelegenheit, an einem gro\u00dfartigen Wanderereignis teilzunehmen und dabei Teneriffa mal ganz anders kennenzulernen. Wenn ihr aber auf eigene Faust wandern wollt, wisst aber nicht, wo ihr anfangen sollt? Dann lest aufmerksam weiter, denn in diesem Blogbeitrag geben wir euch einige Tipps, die sicherlich sehr hilfreich sein werden.<\/span><\/p>\n<h2 class=\"p1\"><span class=\"s1\">Wann kann man auf Teneriffa wandern?<\/span><\/h2>\n<p><a href=\"http:\/\/www.webtenerife.com\/elblog\/wp-content\/uploads\/2019\/06\/Senderismo-en-Tenerife-para-Novatos.jpg\"><img fetchpriority=\"high\" decoding=\"async\" class=\"aligncenter size-large wp-image-4042\" src=\"http:\/\/www.webtenerife.com\/elblog\/wp-content\/uploads\/2019\/06\/Senderismo-en-Tenerife-para-Novatos-690x457.jpg\" alt=\"Senderismo en Tenerife para novatos\" width=\"650\" height=\"431\" \/><\/a><\/p>\n<p class=\"p1\"><span class=\"s1\">Auf Teneriffa kann man dank unseres Klimas das ganze Jahr \u00fcber wandern, au\u00dfer wenn im Winter<span class=\"Apple-converted-space\">\u00a0<\/span>Schneefall den Zugang zu den Teide-Wegen blockiert. An manchen Tagen kann das schlechte Wetter den Zustand der Wanderwege beeintr\u00e4chtigen. Aus diesem Grund ist es wichtig, immer die <a href=\"https:\/\/www.webtenerife.de\/wetter.htm?Station=Santa%20Cruz%20de%20Tenerife&amp;Tipo=Municipios\" target=\"_blank\" rel=\"noopener\"><span style=\"color: #ff9900;\">Wettervorhersage zu konsultieren<\/span><\/a>, bevor ihr euch auf die Route begebt, und euch \u00fcber die Wanderwege in Touristeninformationsb\u00fcros und Besucherzentren zu informieren,.<\/span><\/p>\n<h2 class=\"p1\"><span class=\"s1\">Was braucht man zum Wandern auf Teneriffa?<\/span><\/h2>\n<p class=\"p1\"><span class=\"s1\">Genau wie bei anderen Sportarten ist es beim Wandern erforderlich, eine angemessene Ausr\u00fcstung zu haben, wobei die Schwierigkeit immer der Weg selbst ist. Das notwendige Equipment sind gute Wanderschuhe sowie ein Rucksack, in dem ihr Wasser, Essen und warme Kleidung und einen Hut aufbewahren solltet, falls ihr diesen ben\u00f6tigt.<\/span><\/p>\n<p><a href=\"http:\/\/www.webtenerife.com\/elblog\/wp-content\/uploads\/2019\/06\/Que-necesitas-para-hacer-senderismo-en-Tenerife.jpg\"><img decoding=\"async\" class=\"aligncenter size-large wp-image-4043\" src=\"http:\/\/www.webtenerife.com\/elblog\/wp-content\/uploads\/2019\/06\/Que-necesitas-para-hacer-senderismo-en-Tenerife-690x457.jpg\" alt=\"Que necesitas para hacer senderismo en Tenerife\" width=\"650\" height=\"431\" \/><\/a><\/p>\n<p class=\"p1\"><span class=\"s1\">Es ist auch ratsam, Wanderst\u00f6cke mitzunehmen, wenn ihr l\u00e4ngere Touren plant oder ihr euch damit sicherer f\u00fchlt. Unbedingt dabei haben, solltet ihr auch ein gut aufgeladenes Mobiltelefon, obwohl es in vielen Gebieten keinen Empfang gibt. Es kann aber durchaus n\u00fctzlich sein, wenn ihr vorab Landkarten herunterladet oder bestimmte Apps mit Wanderwegen verwendet.<\/span><\/p>\n<h2 class=\"p1\"><span class=\"s1\">Genehmigungen <\/span><\/h2>\n<p class=\"p1\"><span class=\"s1\">Auf Teneriffa gibt es mehrere Naturschutzgebiete und Naturlandschaften. Ihr ben\u00f6tigt daher f\u00fcr diese eine Genehmigung, um deren Wege nutzen zu k\u00f6nnen. Macht euch aber keine Sorgen, denn in den <a href=\"https:\/\/www.webtenerife.de\/nutzliche-information\/fremdenverkehrsburos\/\" target=\"_blank\" rel=\"noopener\"><span style=\"color: #ff9900;\">Tourismusb\u00fcros<\/span><\/a> erhaltet ihr alle notwendigen Informationen.<\/span><\/p>\n<p><a href=\"http:\/\/www.webtenerife.com\/elblog\/wp-content\/uploads\/2019\/06\/Senderismo-Tenerife-Teide.jpg\"><img decoding=\"async\" class=\"aligncenter size-large wp-image-4044\" src=\"http:\/\/www.webtenerife.com\/elblog\/wp-content\/uploads\/2019\/06\/Senderismo-Tenerife-Teide-690x460.jpg\" alt=\"Senderismo Tenerife Teide\" width=\"650\" height=\"433\" \/><\/a><\/p>\n<p class=\"p1\"><span class=\"s1\">Um auf den Gipfel des Teide zu gelangen, muss auf der <a href=\"https:\/\/www.reservasparquesnacionales.es\/real\/ParquesNac\/usu\/html\/detalle-actividad-oapn.aspx?ii=8DEU&amp;cen=2&amp;act=1\" target=\"_blank\" rel=\"noopener\"><span style=\"color: #ff9900;\">offiziellen Website der Nationalparks<\/span><\/a> eine Erlaubnis eingeholt werden. Wenn ihr jedoch in der <a href=\"https:\/\/www.volcanoteide.com\/de\/die_berghuette_altavista\" target=\"_blank\" rel=\"noopener\"><span style=\"color: #ff9900;\">Altavista-Herberge<\/span><\/a> \u00fcbernachtet und vor 9 Uhr morgens auf den Gipfel ankommt, braucht ihr keine Erlaubnis.<\/span><\/p>\n<h2 class=\"p1\"><span class=\"s1\">Wanderwege f\u00fcr Anf\u00e4nger auf Teneriffa<\/span><\/h2>\n<p class=\"p1\"><span class=\"s1\">Ihr habt Lust die Wanderwege der Insel zu erkunden, wisst aber noch nicht welche Routen ihr w\u00e4hlen sollt, dann empfehlen wir euch mit einem niedrigem Schwierigkeitsgrad anzufangen.<\/span><\/p>\n<h3 class=\"p1\"><span class=\"s1\">Weg der Sinne<\/span><\/h3>\n<p><a href=\"http:\/\/www.webtenerife.com\/elblog\/wp-content\/uploads\/2019\/06\/Camino-de-los-sentidos-Tenerife.jpg\"><img loading=\"lazy\" decoding=\"async\" class=\"aligncenter size-large wp-image-4045\" src=\"http:\/\/www.webtenerife.com\/elblog\/wp-content\/uploads\/2019\/06\/Camino-de-los-sentidos-Tenerife-690x457.jpg\" alt=\"\" width=\"650\" height=\"431\" \/><\/a><\/p>\n<p class=\"p1\"><span class=\"s1\">Er befindet sich im Anaga-Gebirge und ist <a href=\"https:\/\/www.webtenerife.de\/aktivitaten\/natur\/wandern\/wanderwege\/sendero-sentidos-1.htm\" target=\"_blank\" rel=\"noopener\"><span style=\"color: #ff9900;\">ein ganz besonderer Weg<\/span><\/a>, da er dazu anregt, die Natur dieser einzigartigen Umgebung durch Riechen, Ber\u00fchren und Sehen zu entdecken. Er ist in 3 verschiedene Abschnitte unterteilt, von denen der erste f\u00fcr Rollstuhlfahrer zug\u00e4nglich ist, w\u00e4hrend der dritte die beiden vorhergehenden umfasst und bis zu dem Aussichtspunkt Mirador del Llano de los Loros f\u00fchrt.<\/span><\/p>\n<h3 class=\"p1\"><span class=\"s1\">Samarines &#8211; die K\u00fcste von Candelaria erkunden<\/span><\/h3>\n<p><a href=\"http:\/\/www.webtenerife.com\/elblog\/wp-content\/uploads\/2019\/06\/Samarines-Candelaria-Tenerife.jpg\"><img loading=\"lazy\" decoding=\"async\" class=\"aligncenter size-large wp-image-4046\" src=\"http:\/\/www.webtenerife.com\/elblog\/wp-content\/uploads\/2019\/06\/Samarines-Candelaria-Tenerife-690x457.jpg\" alt=\"Samarines Candelaria Tenerife \" width=\"650\" height=\"431\" \/><\/a><\/p>\n<p class=\"p1\"><span class=\"s1\">Wenn ihr die Vulkan-K\u00fcste der Insel erkunden wollt, ist <a href=\"https:\/\/www.webtenerife.de\/aktivitaten\/natur\/wandern\/wanderwege\/samarines.htm\" target=\"_blank\" rel=\"noopener\"><span style=\"color: #ff9900;\">dieser kleine Wanderweg<\/span> <\/a>von nur 2 Kilometern ideal. Teil der Basilica von Candelaria, sowie Str\u00e4nde, Klippen, die einheimische Pflanzenwelt und andere Landschaften k\u00f6nnt ihr auf der Route sehen, die \u00fcbrigens schon vor den Spaniern, also von den Ureinwohnern, den Guanchen, genutzt wurde. Es ist ein Rundwanderweg, somit k\u00f6nnt ihr auch bei der R\u00fcckkehr die Dinge entdecken, die euch vielleicht auf der ersten Reise nicht aufgefallen sind.<\/span><\/p>\n<h3 class=\"p1\"><span class=\"s1\">Monte del Agua<\/span><\/h3>\n<p><a href=\"http:\/\/www.webtenerife.com\/elblog\/wp-content\/uploads\/2019\/06\/Monte-del-Agua.jpg\"><img loading=\"lazy\" decoding=\"async\" class=\"aligncenter size-large wp-image-4047\" src=\"http:\/\/www.webtenerife.com\/elblog\/wp-content\/uploads\/2019\/06\/Monte-del-Agua-690x418.jpg\" alt=\"Monte del Agua Tenerife \" width=\"650\" height=\"394\" \/><\/a><\/p>\n<p class=\"p1\"><span class=\"s1\">Um die Landschaften im Nordwesten von Teneriffa zu erkunden, k\u00f6nnt ihr den als &#8222;Monte de Agua&#8220; bekannten Weg w\u00e4hlen, der euch zum Weiler El Palmar f\u00fchrt. Es gibt zwei Varianten f\u00fcr die Tour:<span class=\"Apple-converted-space\">\u00a0 <\/span>die erste f\u00fchrt euch durch <a href=\"https:\/\/www.webtenerife.de\/aktivitaten\/natur\/wandern\/wanderwege\/monte%20del%20agua%20huertas.htm\" target=\"_blank\" rel=\"noopener\"><span style=\"color: #ff9900;\">Las Huertas<\/span><\/a> und die zweite durch <a href=\"https:\/\/www.webtenerife.de\/aktivitaten\/natur\/wandern\/wanderwege\/monte-agua-lagunetas.htm\" target=\"_blank\" rel=\"noopener\"><span style=\"color: #ff9900;\">Las Lagunetas<\/span><\/a>. Beide dauern ungef\u00e4hr eine Stunde und um ihren Ausgangspunkt zu erreichen, m\u00fcsst ihr einen Teil des Weges zwischen <a href=\"https:\/\/www.webtenerife.de\/aktivitaten\/natur\/wandern\/wanderwege\/erjos-portelas-(monte-agua).htm\" target=\"_blank\" rel=\"noopener\"><span style=\"color: #ff9900;\">Erjos und Las Portelas<\/span><\/a> \u00fcberqueren.<\/span><\/p>\n<h3 class=\"p1\"><span class=\"s1\">Tenerife Walking Festival, der n\u00e4chste Schritt.<\/span><\/h3>\n<p><a href=\"http:\/\/www.webtenerife.com\/elblog\/wp-content\/uploads\/2019\/06\/Tenerife-Walking-Festival-2019.jpg\"><img loading=\"lazy\" decoding=\"async\" class=\"aligncenter size-large wp-image-4048\" src=\"http:\/\/www.webtenerife.com\/elblog\/wp-content\/uploads\/2019\/06\/Tenerife-Walking-Festival-2019-690x518.jpg\" alt=\"Tenerife Walking Festival 2019\" width=\"650\" height=\"488\" \/><\/a><\/p>\n<p class=\"p1\"><span class=\"s1\">Wenn ihr bereit seid, den Sprung zu wagen und bei einem authentischen Wandererlebnis mitzumachen, ist das <a href=\"https:\/\/www.tenerifewalkingfestival.com\/de\/\" target=\"_blank\" rel=\"noopener\"><span style=\"color: #ff9900;\">Tenerife Walking Festival<\/span><\/a> eure Veranstaltung. Jedes Jahr Ende Mai versammeln sich Abenteurer aus aller Welt auf unserer Insel, um die besten Trails zu erkunden. Macht doch beim n\u00e4chsten Mal mit!<\/span><\/p>\n","protected":false},"excerpt":{"rendered":"<p>Mit mehr als 1.000 Kilometern Wanderwegen ist Wandern auf Teneriffa die beste Option, um die Natur der Insel zu Fu\u00df zu erkunden. Dar\u00fcber hinaus versammeln sich jedes Jahr Wanderer aus der ganzen Welt, um das Tenerife Walking Festival zu feiern &#8211; eine tolle Gelegenheit, an einem gro\u00dfartigen Wanderereignis teilzunehmen und [&hellip;]<\/p>\n","protected":false},"author":5,"featured_media":1937,"comment_status":"open","ping_status":"open","sticky":false,"template":"","format":"standard","meta":{"footnotes":""},"categories":[7,1,176],"tags":[519,331,500,518,295],"class_list":["post-1935","post","type-post","status-publish","format-standard","has-post-thumbnail","hentry","category-natur","category-verschiedenes","category-wandern","tag-einfache-wanderungen","tag-wandern","tag-wandern-auf-teneriffa","tag-wandern-fuer-anfaenger","tag-webtenerife"],"_links":{"self":[{"href":"https:\/\/www.webtenerife.de\/dasblog\/wp-json\/wp\/v2\/posts\/1935","targetHints":{"allow":["GET"]}}],"collection":[{"href":"https:\/\/www.webtenerife.de\/dasblog\/wp-json\/wp\/v2\/posts"}],"about":[{"href":"https:\/\/www.webtenerife.de\/dasblog\/wp-json\/wp\/v2\/types\/post"}],"author":[{"embeddable":true,"href":"https:\/\/www.webtenerife.de\/dasblog\/wp-json\/wp\/v2\/users\/5"}],"replies":[{"embeddable":true,"href":"https:\/\/www.webtenerife.de\/dasblog\/wp-json\/wp\/v2\/comments?post=1935"}],"version-history":[{"count":3,"href":"https:\/\/www.webtenerife.de\/dasblog\/wp-json\/wp\/v2\/posts\/1935\/revisions"}],"predecessor-version":[{"id":1939,"href":"https:\/\/www.webtenerife.de\/dasblog\/wp-json\/wp\/v2\/posts\/1935\/revisions\/1939"}],"wp:featuredmedia":[{"embeddable":true,"href":"https:\/\/www.webtenerife.de\/dasblog\/wp-json\/wp\/v2\/media\/1937"}],"wp:attachment":[{"href":"https:\/\/www.webtenerife.de\/dasblog\/wp-json\/wp\/v2\/media?parent=1935"}],"wp:term":[{"taxonomy":"category","embeddable":true,"href":"https:\/\/www.webtenerife.de\/dasblog\/wp-json\/wp\/v2\/categories?post=1935"},{"taxonomy":"post_tag","embeddable":true,"href":"https:\/\/www.webtenerife.de\/dasblog\/wp-json\/wp\/v2\/tags?post=1935"}],"curies":[{"name":"wp","href":"https:\/\/api.w.org\/{rel}","templated":true}]}}