{"id":1929,"date":"2019-05-24T10:59:03","date_gmt":"2019-05-24T09:59:03","guid":{"rendered":"https:\/\/www.webtenerife.de\/dasblog\/?p=1929"},"modified":"2019-05-24T10:59:03","modified_gmt":"2019-05-24T09:59:03","slug":"top-10-wanderungen-auf-teneriffa-die-besten-strecken","status":"publish","type":"post","link":"https:\/\/www.webtenerife.de\/dasblog\/2019\/05\/top-10-wanderungen-auf-teneriffa-die-besten-strecken\/","title":{"rendered":"Top 10 Wanderungen auf Teneriffa &#8211; die besten Strecken"},"content":{"rendered":"<p class=\"p1\"><span class=\"s1\">Manchmal ist es wirklich schwierig zu entscheiden, welche Wanderungen man auf Teneriffa machen k\u00f6nnte. Die beeindruckende K\u00fcstenlandschaft, die legend\u00e4ren Vulkane, die \u00fcppigen W\u00e4lder&#8230; Es gibt eine riesengro\u00dfe Auswahl! Aus diesem Grund haben wir in diesem Blogbeitrag die Top 10 Wanderwege auf Teneriffa f\u00fcr euch zusammengestellt. Lernt einige der besten Strecken der Insel kennen.<\/span><\/p>\n<h2>Alto de Guajara<\/h2>\n<p><a href=\"http:\/\/www.webtenerife.com\/elblog\/wp-content\/uploads\/2019\/05\/Alto-de-Guajara.jpg\"><img fetchpriority=\"high\" decoding=\"async\" class=\"aligncenter size-large wp-image-4025\" src=\"http:\/\/www.webtenerife.com\/elblog\/wp-content\/uploads\/2019\/05\/Alto-de-Guajara-690x423.jpg\" alt=\"Alto de Guajara Tenerife\" width=\"650\" height=\"398\" \/><\/a><\/p>\n<p class=\"p1\"><span class=\"s1\"><span style=\"color: #ff9900;\"><a style=\"color: #ff9900;\" href=\"https:\/\/www.webtenerife.de\/aktivitaten\/natur\/wandern\/wanderwege\/alto-guajara.htm\" target=\"_blank\" rel=\"noopener\">Dieser Weg<\/a><\/span> f\u00fchrt euch durch einige der merkw\u00fcrdigsten Orte des Teide. Die Wanderung beginnt in Degollada de Guajara und f\u00fchrt euch auf 2.715 Meter H\u00f6he nach Alto de Guajara. W\u00e4hrend des Aufstiegs k\u00f6nnt ihr den S\u00fcdhang der Insel sowie den Rest der Inseln des Archipels sehen.<\/span><\/p>\n<h2>Monta\u00f1a Blanca \u2013 Pico del Teide<\/h2>\n<p><a href=\"http:\/\/www.webtenerife.com\/elblog\/wp-content\/uploads\/2019\/05\/Montana-Blanca.jpg\"><img decoding=\"async\" class=\"aligncenter size-large wp-image-4027\" src=\"http:\/\/www.webtenerife.com\/elblog\/wp-content\/uploads\/2019\/05\/Montana-Blanca-690x416.jpg\" alt=\"Monta\u00f1a Blanca\" width=\"650\" height=\"392\" \/><\/a><\/p>\n<p class=\"p1\"><span class=\"s1\"><a href=\"https:\/\/www.webtenerife.de\/aktivitaten\/natur\/wandern\/wanderwege\/montana-blanca-pico-teide.htm\" target=\"_blank\" rel=\"noopener\"><span style=\"color: #ff9900;\">Diese Wanderung<\/span><\/a> ist eine der schwierigsten und lohnenswertesten Strecken zugleich im Teide-Nationalpark. Der Schwierigkeitsgrad ist allerdings recht hoch und es dauert ungef\u00e4hr f\u00fcnf Stunden. Beginn ist der Monta\u00f1a Blanca-Pfad, welcher euch bis fast auf den Gipfel des Teide (nur 200 Meter vom Gipfel entfernt) f\u00fchrt. Wenn ihr beim Aussichtspunkt <a href=\"https:\/\/www.webtenerife.de\/aktivitaten\/natur\/wandern\/wanderwege\/mirador-fortaleza.htm\" target=\"_blank\" rel=\"noopener\"><span style=\"color: #ff9900;\">Mirador de la Fortaleza<\/span><\/a> angelangt seid, k\u00f6nnt ihr den gesamten Nordhang Teneriffas sehen.<\/span><\/p>\n<p class=\"p1\"><span class=\"s1\">Wer den Gipfel Spaniens ganz erklimmen m\u00f6chte, der brauch eine <a href=\"https:\/\/www.reservasparquesnacionales.es\/real\/ParquesNac\/usu\/html\/detalle-actividad-oapn.aspx?ii=8DEU&amp;cen=2&amp;act=1\" target=\"_blank\" rel=\"noopener\"><span style=\"color: #ff9900;\">Sondergenehmigung<\/span><\/a> f\u00fcr die letzten 200 Meter zum Teide. Ihr k\u00f6nnt auch in der <a href=\"https:\/\/www.webtenerife.de\/unterkunfte\/landliche-ferienhaus\/refugio+de+altavista.htm\" target=\"_blank\" rel=\"noopener\"><span style=\"color: #ff9900;\">Altavista-Herberge<\/span><\/a> \u00fcbernachten und, wenn ihr fr\u00fch genug aufsteht, sogar einen der sch\u00f6nsten Sonnenaufg\u00e4nge sehen.<\/span><\/p>\n<h2>Malpa\u00eds de G\u00fc\u00edmar<\/h2>\n<p><a href=\"http:\/\/www.webtenerife.com\/elblog\/wp-content\/uploads\/2019\/05\/Malpais-de-Guimar.jpg\"><img decoding=\"async\" class=\"aligncenter size-large wp-image-4028\" src=\"http:\/\/www.webtenerife.com\/elblog\/wp-content\/uploads\/2019\/05\/Malpais-de-Guimar-690x341.jpg\" alt=\"Malpa\u00eds de G\u00fc\u00edmar\" width=\"650\" height=\"321\" \/><\/a><\/p>\n<p class=\"p1\"><span class=\"s1\">Auf diesem Weg, der durch das Naturschutzgebiet von Malpa\u00eds de G\u00fc\u00edmar f\u00fchrt, erwarten euch <a href=\"https:\/\/www.webtenerife.de\/aktivitaten\/natur\/wandern\/wanderwege\/malpais-guimar-1.htm\" target=\"_blank\" rel=\"noopener\"><span style=\"color: #ff9900;\">Kontraste aus vulkanischem Boden und blauem Meer<\/span><\/a>. Es ist ein Rundwanderweg, also sind Anfang und Ende gleich, was das die Strecke erleichtert. Nutzt die Wanderung, um einige der endemischen Arten des Archipels wie Wolfsmilchgew\u00e4chse, <a href=\"https:\/\/www.webtenerife.de\/uber-teneriffa\/die-insel\/flora-fauna\/pflanzenarten\/cardon.htm\" target=\"_blank\" rel=\"noopener\"><span style=\"color: #ff9900;\">Cardones<\/span><\/a> oder <a href=\"https:\/\/www.webtenerife.de\/uber-teneriffa\/die-insel\/flora-fauna\/pflanzenarten\/tabaiba+dulce.htm\" target=\"_blank\" rel=\"noopener\"><span style=\"color: #ff9900;\">Tabaibas<\/span><\/a>, zu sehen.<\/span><\/p>\n<h2>Cruz del Carmen &#8211; Punta del Hidalgo<\/h2>\n<p><a href=\"http:\/\/www.webtenerife.com\/elblog\/wp-content\/uploads\/2019\/05\/Cruz-del-Carmen-Punta-del-Hidalgo.jpg\"><img loading=\"lazy\" decoding=\"async\" class=\"aligncenter size-large wp-image-4029\" src=\"http:\/\/www.webtenerife.com\/elblog\/wp-content\/uploads\/2019\/05\/Cruz-del-Carmen-Punta-del-Hidalgo-690x457.jpg\" alt=\"Cruz del Carmen - Punta del Hidalgo\" width=\"650\" height=\"431\" \/><\/a><\/p>\n<p class=\"p1\"><span class=\"s1\">Man beginnt die Wanderung in den gr\u00fcnen W\u00e4ldern von Anaga, bis ihr die raue K\u00fcste von Punta del Hidalgo erreicht&#8230; Genau das ist die Herausforderung bei dem 10 Kilometer langen <a href=\"https:\/\/www.webtenerife.de\/aktivitaten\/natur\/wandern\/wanderwege\/cruz+del+carmen_punta+del+hidalgo.htm\" target=\"_blank\" rel=\"noopener\"><span style=\"color: #ff9900;\">Wanderweg Cruz del Carmen &#8211; Punta del Hidalgo<\/span><\/a>, der in etwa vier Stunden dauert. Vorbei geht es an interessanten Landschaften, wie dem Lorbeerwald bis hin zu eher l\u00e4ndlichen Gegenden oder kleinen D\u00f6rfern wie Chinamada.<\/span><\/p>\n<h2>Siete Ca\u00f1adas<\/h2>\n<p><a href=\"http:\/\/www.webtenerife.com\/elblog\/wp-content\/uploads\/2019\/05\/4-siete-canadas-parque-nacional-teide-gal04.jpg\"><img loading=\"lazy\" decoding=\"async\" class=\"size-large wp-image-4024\" src=\"http:\/\/www.webtenerife.com\/elblog\/wp-content\/uploads\/2019\/05\/4-siete-canadas-parque-nacional-teide-gal04-690x457.jpg\" alt=\"Siete Ca\u00f1adas Tenerife\" width=\"650\" height=\"431\" \/><\/a><\/p>\n<p class=\"p1\"><span class=\"s1\">Dies ist ein <a href=\"https:\/\/www.webtenerife.de\/aktivitaten\/natur\/wandern\/wanderwege\/siete-canadas.htm\" target=\"_blank\" rel=\"noopener\"><span style=\"color: #ff9900;\">besonders sch\u00f6ner Wanderweg bei Nacht<\/span><\/a>. Im Juni bl\u00fcht der blaue Natternkopf zuerst auf und sp\u00e4ter der rote Teide-Natternkopf. Die Wanderung kann sowohl am Anfang als auch am Ende problemlos mit \u00f6ffentlichen Verkehrsmitteln verbunden werden. Daher ist es ratsam, die Fahrpl\u00e4ne vorab zu \u00fcberpr\u00fcfen, wobei zu ber\u00fccksichtigen ist, dass die Gesamtstrecke etwa viereinhalb Stunden dauert.<\/span><\/p>\n<h2>San Jos\u00e9 de los Llanos &#8211; Monta\u00f1a Chinyero<\/h2>\n<p><a href=\"http:\/\/www.webtenerife.com\/elblog\/wp-content\/uploads\/2019\/05\/Chinyero.jpg\"><img loading=\"lazy\" decoding=\"async\" class=\"aligncenter size-large wp-image-4030\" src=\"http:\/\/www.webtenerife.com\/elblog\/wp-content\/uploads\/2019\/05\/Chinyero-690x394.jpg\" alt=\"Chinyero\" width=\"650\" height=\"371\" \/><\/a><\/p>\n<p class=\"p1\"><span class=\"s1\">Dies ist ein <a href=\"https:\/\/www.webtenerife.de\/aktivitaten\/natur\/wandern\/wanderwege\/san-jos%C3%A9-llanos-monta%C3%B1a-chinyero.htm\" target=\"_blank\" rel=\"noopener\"><span style=\"color: #ff9900;\">Wanderweg mit geringem Schwierigkeitsgrad<\/span><\/a> und knapp 4 Kilometern Strecke. Der Weg f\u00fchrt durch Pinienw\u00e4lder und vulkanische Landschaften, die typisch f\u00fcr die Gegend um Chinyero sind. <a href=\"https:\/\/www.webtenerife.de\/besucherattraktionen\/weitere-naturlandschaften\/chinyero.htm\" target=\"_blank\" rel=\"noopener\"><span style=\"color: #ff9900;\">Chinyero<\/span><\/a> ist der Vulkan, der zuletzt auf Teneriffa, vor mehr als einem Jahrhundert, ausgebrochen ist. Es ist also eine gro\u00dfartige Gelegenheit, die j\u00fcngste Vulkangeschichte der Insel zu erkunden.<\/span><\/p>\n<h2>Los Silos &#8211; Cuevas Negras \u2013 Erjos<\/h2>\n<p><a href=\"http:\/\/www.webtenerife.com\/elblog\/wp-content\/uploads\/2019\/05\/Los-Silos.jpg\"><img loading=\"lazy\" decoding=\"async\" class=\"aligncenter size-large wp-image-4032\" src=\"http:\/\/www.webtenerife.com\/elblog\/wp-content\/uploads\/2019\/05\/Los-Silos-690x457.jpg\" alt=\"Los Silos Tenerife\" width=\"650\" height=\"431\" \/><\/a><\/p>\n<p class=\"p1\"><span class=\"s1\"><a href=\"https:\/\/www.webtenerife.de\/aktivitaten\/natur\/wandern\/wanderwege\/cuevas-negras.htm\" target=\"_blank\" rel=\"noopener\"><span style=\"color: #ff9900;\">Auf dieser Wanderung<\/span><\/a>, welche in dem Ort Erjos beginnt, entdeckt man die Naturwunder der nordwestlichen Spitze Teneriffas. Fr\u00fcher war dies eine k\u00f6nigliche Stra\u00dfe, die die K\u00fcste von Los Silos mit dem Gipfel des Valle de Santiago verband, sodass einige Abschnitte asphaltiert sind.<\/span><\/p>\n<h2>Los Silos &#8211; Talavera &#8211; El Palmar<\/h2>\n<p><a href=\"http:\/\/www.webtenerife.com\/elblog\/wp-content\/uploads\/2019\/05\/El-Palmar.jpg\"><img loading=\"lazy\" decoding=\"async\" class=\"aligncenter size-large wp-image-4033\" src=\"http:\/\/www.webtenerife.com\/elblog\/wp-content\/uploads\/2019\/05\/El-Palmar-690x425.jpg\" alt=\"El Palmar\" width=\"650\" height=\"400\" \/><\/a><\/p>\n<p class=\"p1\"><span class=\"s1\"><a href=\"https:\/\/www.webtenerife.de\/aktivitaten\/natur\/wandern\/wanderwege\/talavera.htm\" target=\"_blank\" rel=\"noopener\"><span style=\"color: #ff9900;\">Mit dem Ziel El Palmar<\/span><\/a> verlassen wir Los Silos und wandern umgeben von der einheimischen Pflanzenwelt, welche sich mit der Agrarlandschaft vermischt. Wenn ihr unvergessliche Ausblicke auf die <a href=\"https:\/\/www.webtenerife.de\/uber-teneriffa\/die-insel\/tourismusgebiete\/isla-baja.htm\" target=\"_blank\" rel=\"noopener\"><span style=\"color: #ff9900;\">Isla Baja<\/span><\/a> haben m\u00f6chtet, ist dies eure Strecke.<\/span><\/p>\n<h2>Vilaflor &#8211; Paisaje Lunar \u2013 Vilaflor<\/h2>\n<p><a href=\"http:\/\/www.webtenerife.com\/elblog\/wp-content\/uploads\/2019\/05\/Paisaje-Lunar.jpg\"><img loading=\"lazy\" decoding=\"async\" class=\"aligncenter size-large wp-image-4034\" src=\"http:\/\/www.webtenerife.com\/elblog\/wp-content\/uploads\/2019\/05\/Paisaje-Lunar-690x457.jpg\" alt=\"Paisaje Lunar\" width=\"650\" height=\"431\" \/><\/a><\/p>\n<p class=\"p1\"><span class=\"s1\">Wusstet ihr, dass ihr auf Teneriffa <a href=\"https:\/\/www.webtenerife.de\/aktivitaten\/natur\/wandern\/wanderwege\/camino-de-chasna-paisaje-lunar.htm\" target=\"_blank\" rel=\"noopener\"><span style=\"color: #ff9900;\">zum Mond wandern<\/span><\/a> k\u00f6nnt? Auf dieser Wanderung, die im Dorf Vilaflor beginnt, lauft ihr durch die sogenannte &#8222;Mondlandschaft&#8220; in der Gemeinde Granadilla. Neben der einzigartigen Felsformation k\u00f6nnt ihr w\u00e4hrend der Wanderung auch einen herrlichen Blick auf den Gipfel genie\u00dfen.<\/span><\/p>\n<h2>Afur &#8211; Taganana \u2013 Afur<\/h2>\n<p><a href=\"http:\/\/www.webtenerife.com\/elblog\/wp-content\/uploads\/2019\/05\/Afur.jpg\"><img loading=\"lazy\" decoding=\"async\" class=\"aligncenter size-large wp-image-4035\" src=\"http:\/\/www.webtenerife.com\/elblog\/wp-content\/uploads\/2019\/05\/Afur-690x438.jpg\" alt=\"Afur\" width=\"650\" height=\"413\" \/><\/a><\/p>\n<p class=\"p1\"><span class=\"s1\">Unsere Top 10-Liste beendet dieser <a href=\"https:\/\/www.webtenerife.de\/aktivitaten\/natur\/wandern\/wanderwege\/afur_taganana_afur.htm\" target=\"_blank\" rel=\"noopener\"><span style=\"color: #ff9900;\">Wanderweg<\/span><\/a>, der durch die Sch\u00f6nheit der Weiler und der Nordk\u00fcste Teneriffas f\u00fchrt. Ihr k\u00f6nnt Orte wie <a href=\"https:\/\/www.webtenerife.de\/besucherattraktionen\/dorfer-und-weiler\/taganana.htm\" target=\"_blank\" rel=\"noopener\"><span style=\"color: #ff9900;\">Taganana<\/span><\/a> oder Afur sowie abgelegene Gegenden Teneriffas wie den Tamadite-Strand besuchen.<\/span><\/p>\n<p class=\"p1\"><span class=\"s1\">Dies sind nur einige Beispiele aller Wanderwege, die euch auf Teneriffa warten. Welche ist eure Lieblingswanderstrecke auf der Insel?<\/span><\/p>\n","protected":false},"excerpt":{"rendered":"<p>Manchmal ist es wirklich schwierig zu entscheiden, welche Wanderungen man auf Teneriffa machen k\u00f6nnte. Die beeindruckende K\u00fcstenlandschaft, die legend\u00e4ren Vulkane, die \u00fcppigen W\u00e4lder&#8230; Es gibt eine riesengro\u00dfe Auswahl! Aus diesem Grund haben wir in diesem Blogbeitrag die Top 10 Wanderwege auf Teneriffa f\u00fcr euch zusammengestellt. Lernt einige der besten Strecken [&hellip;]<\/p>\n","protected":false},"author":5,"featured_media":1931,"comment_status":"open","ping_status":"open","sticky":false,"template":"","format":"standard","meta":{"footnotes":""},"categories":[1,176],"tags":[301,516,500,515,517,295],"class_list":["post-1929","post","type-post","status-publish","format-standard","has-post-thumbnail","hentry","category-verschiedenes","category-wandern","tag-teide-2","tag-top-10-wanderungen","tag-wandern-auf-teneriffa","tag-wanderungen-teneriffa","tag-wanderwege-teneriffa","tag-webtenerife"],"_links":{"self":[{"href":"https:\/\/www.webtenerife.de\/dasblog\/wp-json\/wp\/v2\/posts\/1929","targetHints":{"allow":["GET"]}}],"collection":[{"href":"https:\/\/www.webtenerife.de\/dasblog\/wp-json\/wp\/v2\/posts"}],"about":[{"href":"https:\/\/www.webtenerife.de\/dasblog\/wp-json\/wp\/v2\/types\/post"}],"author":[{"embeddable":true,"href":"https:\/\/www.webtenerife.de\/dasblog\/wp-json\/wp\/v2\/users\/5"}],"replies":[{"embeddable":true,"href":"https:\/\/www.webtenerife.de\/dasblog\/wp-json\/wp\/v2\/comments?post=1929"}],"version-history":[{"count":2,"href":"https:\/\/www.webtenerife.de\/dasblog\/wp-json\/wp\/v2\/posts\/1929\/revisions"}],"predecessor-version":[{"id":1932,"href":"https:\/\/www.webtenerife.de\/dasblog\/wp-json\/wp\/v2\/posts\/1929\/revisions\/1932"}],"wp:featuredmedia":[{"embeddable":true,"href":"https:\/\/www.webtenerife.de\/dasblog\/wp-json\/wp\/v2\/media\/1931"}],"wp:attachment":[{"href":"https:\/\/www.webtenerife.de\/dasblog\/wp-json\/wp\/v2\/media?parent=1929"}],"wp:term":[{"taxonomy":"category","embeddable":true,"href":"https:\/\/www.webtenerife.de\/dasblog\/wp-json\/wp\/v2\/categories?post=1929"},{"taxonomy":"post_tag","embeddable":true,"href":"https:\/\/www.webtenerife.de\/dasblog\/wp-json\/wp\/v2\/tags?post=1929"}],"curies":[{"name":"wp","href":"https:\/\/api.w.org\/{rel}","templated":true}]}}