{"id":1923,"date":"2019-04-30T12:29:54","date_gmt":"2019-04-30T11:29:54","guid":{"rendered":"https:\/\/www.webtenerife.de\/dasblog\/?p=1923"},"modified":"2019-04-30T12:29:54","modified_gmt":"2019-04-30T11:29:54","slug":"romerias-auf-teneriffa-kalender-geschichte-und-tradition","status":"publish","type":"post","link":"https:\/\/www.webtenerife.de\/dasblog\/2019\/04\/romerias-auf-teneriffa-kalender-geschichte-und-tradition\/","title":{"rendered":"Romer\u00edas auf Teneriffa &#8211; Kalender, Geschichte und Tradition"},"content":{"rendered":"<p class=\"p1\"><span class=\"s1\">Die Wallfahrten, <a href=\"https:\/\/www.webtenerife.de\/aktivitaten\/kultur\/romerias\/\" target=\"_blank\" rel=\"noopener\"><span style=\"color: #ff9900;\">sogenannten Romer\u00edas<\/span><\/a>, von Teneriffa sind mit Sicherheit h\u00f6chster Ausdruck kanarischer Identit\u00e4t. Menschen in traditionellen Kost\u00fcmen (viele wurden von Hand gewebt und bestickt) begleiten mit viel Liebe zum Detail dekorierte Ochsenkarren oder Wagen, von denen <a href=\"https:\/\/www.webtenerife.de\/uber-teneriffa\/gastronomie\/produkte\/?tab=1\" target=\"_blank\" rel=\"noopener\"><span style=\"color: #ff9900;\">traditionelle K\u00f6stlichkeiten<\/span><\/a> an alle Passanten verteilt werden. Musik schallt aus jeder Ecke, Kl\u00e4nge erzeugt durch einzigartige Instrumente der Kanaren&#8230; Die Freude und Stimmung ist auf dem H\u00f6hepunkt!<\/span><\/p>\n<h2 class=\"p1\"><strong><span class=\"s1\">Ursprung der Pilgerfahrten auf Teneriffa<\/span><\/strong><\/h2>\n<p class=\"p1\"><span class=\"s1\">Die Romer\u00edas entstanden aus religi\u00f6sen Wallfahrten, die nach Rom unternommen wurden (daher der Begriff &#8222;Romer\u00eda&#8220;). Doch hier wurden sie dann abgewandelt und daher wird in jeder Gemeinde in Richtung Kirche oder Heiliger gepilgert.<\/span><\/p>\n<p class=\"p1\"><span class=\"s1\">Auf Teneriffa ist das \u00e4lteste Fest der Insel und des gesamten Archipels die &#8222;Romer\u00eda del Socorro&#8220;. Sie wird im September in der Gemeinde G\u00fc\u00edmar gefeiert und stammt aus der Guanchen-Zeit. Als die Ureinwohner die Jungfrau von Candelaria fanden, beschloss der Mencey (K\u00f6nig) Acaymo, die Statue zu tragen und musste um Hilfe erbitten, da sie aufgrund des Gewichts nicht zu transportieren war.<\/span><\/p>\n<p><a href=\"http:\/\/www.webtenerife.com\/elblog\/wp-content\/uploads\/2019\/04\/Baja-del-Socorro.jpg\"><img fetchpriority=\"high\" decoding=\"async\" class=\"aligncenter size-large wp-image-4009\" src=\"http:\/\/www.webtenerife.com\/elblog\/wp-content\/uploads\/2019\/04\/Baja-del-Socorro-690x460.jpg\" alt=\"Romer\u00eda de Tenerife Socorro Guimar \" width=\"650\" height=\"433\" \/><\/a><\/p>\n<p class=\"p1\"><span class=\"s1\">Heute haben sich die Wallfahrten zu einer eindrucksvollen Ausdrucksform des kanarischen Volkes entwickelt. Ch\u00e1caras (Percussion-Musikinstrument), Karren, traditionelle Kleider und typische Gerichte kennzeichnen den Rhythmus einer jeden Feierlichkeit, zu der die Einheimischen normalerweise ihre Balkone mit Elementen und Wimpeln verzieren.<\/span><\/p>\n<h2 class=\"p1\"><span class=\"s1\">Romer\u00edas auf Teneriffa von besonderem touristischen Interesse<\/span><\/h2>\n<p class=\"p1\"><span class=\"s1\">Auf unserer Insel gibt es unendlich viele Wallfahrten, von denen jede ihren eigenen Charakter und ihre ganz eigene Identit\u00e4t hat. Einige unserer Feiern stechen aber besonders hervor und wurden mit dem Titel \u201eFiestas mit nationalem touristischen Interesse\u201c ausgezeichnet. Das sind zum Beispiel diese: die <a href=\"https:\/\/www.webtenerife.de\/aktivitaten\/kultur\/traditionen\/fiestas+de+la+cruz.htm\" target=\"_blank\" rel=\"noopener\"><span style=\"color: #ff9900;\">Fiesta de las Cruces<\/span><\/a> und Fuegos de Mayo in Los Realejos (obwohl dies keine Pilgerfahrt ist) und die Octava del Corpus und <a href=\"https:\/\/www.webtenerife.de\/aktivitaten\/kultur\/romerias\/romeria-san-isidro-labrador-orotava.htm\" target=\"_blank\" rel=\"noopener\"><span style=\"color: #ff9900;\">Romer\u00eda von San Isidro in La Orotava<\/span><\/a>.<\/span><\/p>\n<p><a href=\"http:\/\/www.webtenerife.com\/elblog\/wp-content\/uploads\/2019\/04\/Romeria-La-Orotava.jpg\"><img decoding=\"async\" class=\"aligncenter size-large wp-image-4010\" src=\"http:\/\/www.webtenerife.com\/elblog\/wp-content\/uploads\/2019\/04\/Romeria-La-Orotava-690x459.jpg\" alt=\"Romeria La Orotava \" width=\"650\" height=\"432\" \/><\/a><\/p>\n<p class=\"p1\"><span class=\"s1\">Weitere sehr erw\u00e4hnenswerte Romer\u00edas der Insel sind: die Romer\u00eda von San Isidro Labrador (<a href=\"https:\/\/www.webtenerife.de\/aktivitaten\/kultur\/romerias\/romeria-san-isidro-labrador-los-realejos.htm\" target=\"_blank\" rel=\"noopener\"><span style=\"color: #ff9900;\">in Los Realejos<\/span><\/a>), die <a href=\"https:\/\/www.webtenerife.de\/aktivitaten\/kultur\/romerias\/romeria-san-agustin.htm\" target=\"_blank\" rel=\"noopener\"><span style=\"color: #ff9900;\">Romer\u00eda von San Agust\u00edn<\/span><\/a>, die <a href=\"https:\/\/www.webtenerife.de\/aktivitaten\/kultur\/romerias\/romeria-san-roque.htm\" target=\"_blank\" rel=\"noopener\"><span style=\"color: #ff9900;\">Romer\u00eda von San Roque<\/span><\/a>, die <a href=\"https:\/\/www.webtenerife.de\/aktivitaten\/kultur\/romerias\/romeria-san-benito.htm\" target=\"_blank\" rel=\"noopener\"><span style=\"color: #ff9900;\">Romer\u00eda von San Benito Abad<\/span><\/a> und die Romer\u00eda des Ortsteils La Florida, welche dieses Jahr Premiere mit dem Titel \u201eFiesta mit regionalem touristischem Interesse\u201c hatte.<\/span><\/p>\n<h2 class=\"p1\"><span class=\"s1\">Pilgerkalender von Teneriffa 2019<\/span><\/h2>\n<p class=\"p1\"><span class=\"s1\">Im Mai wird der Startschuss der Romer\u00eda-Zeit auf der Insel gegeben, denn die meisten dieser Feste finden bis September statt, wobei das ganze Jahr \u00fcber gefeiert wird. Wenn ihr einen vollst\u00e4ndigen Kalender der Wallfahrten 2019 sucht, hat <a href=\"https:\/\/www.webtenerife.de\/uber-teneriffa\/die-insel\/gemeinden\/orotava\/sehenswertes\/casa-balcones.htm\" target=\"_blank\" rel=\"noopener\"><span style=\"color: #ff9900;\">Casa de los Balcones<\/span><\/a> einen <a href=\"https:\/\/casa-balcones.com\/guia-de-romerias-2019\/\" target=\"_blank\" rel=\"noopener\"><span style=\"color: #ff9900;\">aktualisierten Kalender<\/span><\/a> mit allen wichtigen Terminen und Feierlichkeiten (auf Spanisch) erstellt, obwohl wir hier, die wichtigsten Feste zusammenzufassen:<\/span><\/p>\n<h3 class=\"p1\"><span class=\"s1\">Romer\u00eda von San Marcos in Tegueste<\/span><\/h3>\n<p class=\"p1\"><span class=\"s1\">Die Veranstaltung wird dieses Jahr am Sonntag, dem 5. Mai, gefeiert. Es ist eine der beliebtesten Romer\u00edas auf Teneriffa. Tausende von Einheimischen und Besuchern kommen zusammen, um die ber\u00fchmten Wagen zu sehen, die die Stra\u00dfen von Tegueste bev\u00f6lkern. Im vergangenen Jahr nahmen 80.000 Menschen an der Romer\u00eda teil.<\/span><\/p>\n<p><a href=\"http:\/\/www.webtenerife.com\/elblog\/wp-content\/uploads\/2019\/04\/Romeria-San-Marcos.jpg\"><img decoding=\"async\" class=\"aligncenter size-large wp-image-4011\" src=\"http:\/\/www.webtenerife.com\/elblog\/wp-content\/uploads\/2019\/04\/Romeria-San-Marcos-690x459.jpg\" alt=\"Romeria San Marcos \" width=\"650\" height=\"432\" \/><\/a><\/p>\n<h3 class=\"p1\"><span class=\"s1\">Wallfahrt von San Isidro Labrador in Los Realejos<\/span><\/h3>\n<p class=\"p1\"><span class=\"s1\">Seit dem siebzehnten Jahrhundert wird <a href=\"https:\/\/www.webtenerife.de\/aktivitaten\/kultur\/romerias\/romeria-san-isidro-labrador-los-realejos.htm\" target=\"_blank\" rel=\"noopener\"><span style=\"color: #ff9900;\">dieses Fest<\/span><\/a> in der Gemeinde Los Realejos gefeiert. Dokumente aus dem Jahr 1676 best\u00e4tigen, dass die Bauern die Heiligenfigur von San Isidro Labrador verehrten. Heutzutage ist die Veranstaltung eine \u201eFiesta mit nationalem touristischen Interesse\u201c und ein ganz besonderer Tag f\u00fcr die Einheimischen. Dieses Jahr wird sie am 2. Juni ab 12:00 Uhr in der Parroquia des Apostels Santiago gefeiert.<\/span><\/p>\n<p><a href=\"http:\/\/www.webtenerife.com\/elblog\/wp-content\/uploads\/2019\/04\/romeria-san-isidro-labrador.jpg\"><img loading=\"lazy\" decoding=\"async\" class=\"aligncenter size-large wp-image-4012\" src=\"http:\/\/www.webtenerife.com\/elblog\/wp-content\/uploads\/2019\/04\/romeria-san-isidro-labrador-690x477.jpg\" alt=\"Romeria San Isidro Labrador\" width=\"650\" height=\"449\" \/><\/a><\/p>\n<h3 class=\"p1\"><span class=\"s1\">Wallfahrt von San Isidro in La Orotava<\/span><\/h3>\n<p class=\"p1\"><span class=\"s1\">84 Wagen waren es, die im vergangenen Jahr eine der zahlreichsten Pilgerfahrten Teneriffas gekr\u00f6nt haben. Dieses Jahr wird auch am 30. Juni die \u201eFiesta mit nationalem touristischen Interesse\u201c gefeiert. Ganze 83 Jahre Geschichte wird die Ehrung des San Isidro Labrador und Santa Mar\u00eda de la Cabeza in diesem Jahr schreiben.<\/span><\/p>\n<p><a href=\"http:\/\/www.webtenerife.com\/elblog\/wp-content\/uploads\/2019\/04\/Romeria-San-Isidro-Tenerife.jpg\"><img loading=\"lazy\" decoding=\"async\" class=\"aligncenter size-large wp-image-4013\" src=\"http:\/\/www.webtenerife.com\/elblog\/wp-content\/uploads\/2019\/04\/Romeria-San-Isidro-Tenerife-690x459.jpg\" alt=\"Romeria San Isidro Tenerife\" width=\"650\" height=\"432\" \/><\/a><\/p>\n<h3 class=\"p1\"><span class=\"s1\">Wallfahrt von San Benito Abad in La Laguna<\/span><\/h3>\n<p class=\"p1\"><span class=\"s1\">Am 14. Juli wird eines der wichtigsten Feste in der <a href=\"https:\/\/www.webtenerife.de\/uber-teneriffa\/die-insel\/gemeinden\/laguna\/?tab=1\" target=\"_blank\" rel=\"noopener\"><span style=\"color: #ff9900;\">UNESCO Weltkulturerbe-Gemeinde<\/span><\/a> stattfinden: die Wallfahrt von San Benito Abad in La Laguna. Rund 43.000 Menschen versammelten sich letztes Jahr bei dieser beliebten Feierlichkeit. Insgesamt nahmen \u00fcber 55 Wagen daran teil, die ihren Status als \u201eFestival von nationalem touristischen Interesse\u201c zur Schau stellten.<\/span><\/p>\n<p><a href=\"http:\/\/www.webtenerife.com\/elblog\/wp-content\/uploads\/2019\/04\/Romeria-La-Laguna.jpg\"><img loading=\"lazy\" decoding=\"async\" class=\"aligncenter size-large wp-image-4014\" src=\"http:\/\/www.webtenerife.com\/elblog\/wp-content\/uploads\/2019\/04\/Romeria-La-Laguna-690x267.jpg\" alt=\"Romeria La Laguna \" width=\"650\" height=\"252\" \/><\/a><\/p>\n<p class=\"p1\"><span class=\"s1\">Es gibt zwar noch viele weitere Veranstaltungen, aber das w\u00fcrde diesen Blogbeitrag sprengen. Daher vergesst nicht, in unserem <a href=\"https:\/\/www.webtenerife.de\/veranstaltungskalender\/\" target=\"_blank\" rel=\"noopener\"><span style=\"color: #ff9900;\">Kalender<\/span><\/a> zu st\u00f6bern, um \u00fcber alle Neuigkeiten und Ereignisse informiert zu sein.<\/span><\/p>\n","protected":false},"excerpt":{"rendered":"<p>Die Wallfahrten, sogenannten Romer\u00edas, von Teneriffa sind mit Sicherheit h\u00f6chster Ausdruck kanarischer Identit\u00e4t. Menschen in traditionellen Kost\u00fcmen (viele wurden von Hand gewebt und bestickt) begleiten mit viel Liebe zum Detail dekorierte Ochsenkarren oder Wagen, von denen traditionelle K\u00f6stlichkeiten an alle Passanten verteilt werden. Musik schallt aus jeder Ecke, Kl\u00e4nge erzeugt [&hellip;]<\/p>\n","protected":false},"author":5,"featured_media":1926,"comment_status":"open","ping_status":"open","sticky":false,"template":"","format":"standard","meta":{"footnotes":""},"categories":[85,1],"tags":[514,512,513,412,511,295],"class_list":["post-1923","post","type-post","status-publish","format-standard","has-post-thumbnail","hentry","category-tradition","category-verschiedenes","tag-kultur","tag-pilgerfahrten","tag-romerias","tag-traditionen","tag-wallfahrten","tag-webtenerife"],"_links":{"self":[{"href":"https:\/\/www.webtenerife.de\/dasblog\/wp-json\/wp\/v2\/posts\/1923","targetHints":{"allow":["GET"]}}],"collection":[{"href":"https:\/\/www.webtenerife.de\/dasblog\/wp-json\/wp\/v2\/posts"}],"about":[{"href":"https:\/\/www.webtenerife.de\/dasblog\/wp-json\/wp\/v2\/types\/post"}],"author":[{"embeddable":true,"href":"https:\/\/www.webtenerife.de\/dasblog\/wp-json\/wp\/v2\/users\/5"}],"replies":[{"embeddable":true,"href":"https:\/\/www.webtenerife.de\/dasblog\/wp-json\/wp\/v2\/comments?post=1923"}],"version-history":[{"count":3,"href":"https:\/\/www.webtenerife.de\/dasblog\/wp-json\/wp\/v2\/posts\/1923\/revisions"}],"predecessor-version":[{"id":1927,"href":"https:\/\/www.webtenerife.de\/dasblog\/wp-json\/wp\/v2\/posts\/1923\/revisions\/1927"}],"wp:featuredmedia":[{"embeddable":true,"href":"https:\/\/www.webtenerife.de\/dasblog\/wp-json\/wp\/v2\/media\/1926"}],"wp:attachment":[{"href":"https:\/\/www.webtenerife.de\/dasblog\/wp-json\/wp\/v2\/media?parent=1923"}],"wp:term":[{"taxonomy":"category","embeddable":true,"href":"https:\/\/www.webtenerife.de\/dasblog\/wp-json\/wp\/v2\/categories?post=1923"},{"taxonomy":"post_tag","embeddable":true,"href":"https:\/\/www.webtenerife.de\/dasblog\/wp-json\/wp\/v2\/tags?post=1923"}],"curies":[{"name":"wp","href":"https:\/\/api.w.org\/{rel}","templated":true}]}}