{"id":1917,"date":"2019-04-14T22:21:51","date_gmt":"2019-04-14T21:21:51","guid":{"rendered":"https:\/\/www.webtenerife.de\/dasblog\/?p=1917"},"modified":"2019-04-14T22:21:51","modified_gmt":"2019-04-14T21:21:51","slug":"karwoche-auf-teneriffa-hingabe-und-tradition","status":"publish","type":"post","link":"https:\/\/www.webtenerife.de\/dasblog\/2019\/04\/karwoche-auf-teneriffa-hingabe-und-tradition\/","title":{"rendered":"Karwoche auf Teneriffa &#8211; Hingabe und Tradition"},"content":{"rendered":"<p class=\"p1\"><span class=\"s1\">Die Karwoche auf Teneriffa wird mit gro\u00dfer Hingabe gelebt. Viele Gemeinden der Insel kommen zusammen, um mit verschiedenen Veranstaltungen die kirchliche Tradition zu feiern. Es ist eine ideale Zeit, um die Geschichte und die Prozessionsabl\u00e4ufe der Insel kennenzulernen.<\/span><\/p>\n<h2 class=\"p1\"><span class=\"s1\">Karwoche in La Laguna<\/span><\/h2>\n<p><a href=\"http:\/\/www.webtenerife.com\/elblog\/wp-content\/uploads\/2019\/04\/Semana-Santa-La-Laguna.jpg\"><img fetchpriority=\"high\" decoding=\"async\" class=\"aligncenter size-large wp-image-3997\" src=\"http:\/\/www.webtenerife.com\/elblog\/wp-content\/uploads\/2019\/04\/Semana-Santa-La-Laguna-690x460.jpg\" alt=\"Semana Santa La Laguna\" width=\"650\" height=\"433\" \/><\/a><\/p>\n<p class=\"p1\"><span class=\"s1\">In San Crist\u00f3bal de La Laguna wird die Fastenzeit mit besonderer Hingabe gelebt. Das Besondere dieses Jahr ist das zweihundertj\u00e4hrige Bestehen der lokalen Di\u00f6zese. Nachbarn und Bruderschaften kommen w\u00e4hrend der Feierlichkeiten zusammen, um die Weltkulturerbestadt bei jeder Prozession im besten Glanz strahlen zu lassen.<\/span><\/p>\n<p class=\"p1\"><span class=\"s1\">Der Reichtum und die Vielfalt der Werke und Bilder, die aus so unterschiedlichen Orten wie Kuba, Mexiko, Flandern oder Sevilla stammen, zeichnen die <a href=\"https:\/\/www.webtenerife.de\/veranstaltungskalender\/semana-santa-de-la-laguna-2019.htm\" target=\"_blank\" rel=\"noopener\"><span style=\"color: #ff9900;\">Karwoche von La Laguna<\/span><\/a> besonders aus. Die so genannte &#8222;Prozession der Stille&#8220;, die am Freitag, den 19., ab 22:00 Uhr stattfindet, ist eine der wichtigsten Veranstaltungen. Sie wird in der Nacht in absoluter Stille aufgef\u00fchrt und man kann nur den Gang der Nazarener h\u00f6ren, die das Bild des verstorbenen Christus begleiten.<\/span><\/p>\n<h2 class=\"p1\"><span class=\"s1\">Karwoche in Santa Cruz de Tenerife<\/span><\/h2>\n<p><a href=\"http:\/\/www.webtenerife.com\/elblog\/wp-content\/uploads\/2019\/04\/Semana-Santa-Tenerife.jpg\"><img decoding=\"async\" class=\"aligncenter wp-image-3998 size-large\" src=\"http:\/\/www.webtenerife.com\/elblog\/wp-content\/uploads\/2019\/04\/Semana-Santa-Tenerife-690x460.jpg\" alt=\"Semana Santa en Tenerife \" width=\"650\" height=\"433\" \/><\/a><\/p>\n<p class=\"p1\"><span class=\"s1\">In der Hauptstadt der Insel finden auch <a href=\"https:\/\/www.santacruzdetenerife.es\/web\/fileadmin\/user_upload\/actualidad\/SEMANA_SANTA_2019.pdf\" target=\"_blank\" rel=\"noopener\"><span style=\"color: #ff9900;\">viele Veranstaltungen<\/span><\/a> w\u00e4hrend der Karwoche statt. Das Zentrum des Festivals ist die Kirche Matriz de la Concepci\u00f3n, die katholische Hauptkirche der Stadt und der Ort, von dem man den Gro\u00dfteil der Altstadt erreichen kann.<\/span><\/p>\n<p class=\"p1\"><span class=\"s1\">Eine der am meist verehrten Figuren ist &#8222;La Macarena&#8220;, die nach dem Abbild ihres Namensgebers aus Sevilla geschaffen wurde und von einem in Teneriffa lebenden Bildhauer aus Granada geschnitzt wurde. In der Nacht zum Gr\u00fcndonnerstag, wenn sie die Kirche verlassen, schaukeln die Tr\u00e4ger die Figur zum Takt der Musik. Es ist eines der emotionalsten Momente der Feierlichkeiten.<\/span><\/p>\n<h2 class=\"p1\"><span class=\"s1\">Ostern in Gu\u00eda de Isora<\/span><\/h2>\n<p><a href=\"http:\/\/www.webtenerife.com\/elblog\/wp-content\/uploads\/2019\/04\/Pascua-Florida.jpg\"><img decoding=\"async\" class=\"aligncenter size-large wp-image-3999\" src=\"http:\/\/www.webtenerife.com\/elblog\/wp-content\/uploads\/2019\/04\/Pascua-Florida-690x475.jpg\" alt=\"Pascua Florida Guia de Isora\" width=\"650\" height=\"447\" \/><\/a><\/p>\n<p class=\"p1\"><span class=\"s1\">In Gu\u00eda de Isora leben sie die Tradition auf sehr originelle Weise. Die <a href=\"https:\/\/www.webtenerife.de\/veranstaltungskalender\/pascua-florida-2019.htm\" target=\"_blank\" rel=\"noopener\"><span style=\"color: #ff9900;\">\u201ePascua Florida&#8220;<\/span><\/a> ist eine einzigartige kurzlebige Kunstveranstaltung in Spanien, die einheimische und internationale K\u00fcnstler zusammenbringt, um wundersch\u00f6ne Werke und Skulpturen zu schaffen. Sie sind von Passionsszenen inspiriert und verwenden Blumen und Pflanzenmaterial als Hauptmotiv ihrer Werke.<\/span><\/p>\n<p class=\"p1\"><span class=\"s1\">Die auf den Hauptpl\u00e4tzen und Stra\u00dfen der Altstadt ausgestellten Werke k\u00f6nnen vom 18. bis 21. April besichtigt werden. Auch wird eine Oper und zeitgen\u00f6ssischer Tanz geboten und sogar an einem Fotowettbewerb, bei dem das beste Foto von Ostern belohnt wird, kann man mitmachen.<\/span><\/p>\n<h2 class=\"p1\"><span class=\"s1\">Darstellung von Ostern in Adeje<\/span><\/h2>\n<p><a href=\"http:\/\/www.webtenerife.com\/elblog\/wp-content\/uploads\/2019\/04\/Representacion-Adeje.jpg\"><img loading=\"lazy\" decoding=\"async\" class=\"aligncenter size-large wp-image-4001\" src=\"http:\/\/www.webtenerife.com\/elblog\/wp-content\/uploads\/2019\/04\/Representacion-Adeje-690x461.jpg\" alt=\"Representacion Adeje\" width=\"650\" height=\"434\" \/><\/a><\/p>\n<p>&nbsp;<\/p>\n<p class=\"p1\"><span class=\"s1\">In der Gemeinde Adeje gibt es eine der charakteristischsten Vorstellungen der Karwoche, die sogar vom lokalen und nationalen Fernsehen \u00fcbertragen wird. Diese Tradition begann spontan im Jahr 1996 als kleine Hommage, bei der Nachbarn zusammenarbeiteten.<\/span><\/p>\n<p class=\"p1\"><span class=\"s1\">Im Laufe der Zeit ist es gewachsen, Hunderte von Schauspielern und Statisten kommen zusammen, von denen viele Einwohner der Gemeinde sind. Die aufgef\u00fchrten Szenen sind Teil der letzten Momente des Lebens Jesu Christi, wobei die Kreuzigung auf dem Platz der Kirche Santa \u00darsula der emotionalste Moment ist.<\/span><\/p>\n<p class=\"p1\"><span class=\"s1\">Die Vorstellung findet am Freitag, den 19. April, ab 12:00 Uhr in der Calle Grande de Adeje statt.<\/span><\/p>\n<h2 class=\"p1\"><span class=\"s1\">Karwoche in anderen Gemeinden auf Teneriffa<\/span><\/h2>\n<p class=\"p1\"><span class=\"s1\">Viele andere Gemeinden auf der Insel feiern auch die Karwoche. In <a href=\"https:\/\/www.webtenerife.de\/veranstaltungskalender\/semana-santa-santiago-del-teide.htm\" target=\"_blank\" rel=\"noopener\"><span style=\"color: #ff9900;\">Santiago del Teide<\/span><\/a>, einem der Orte im S\u00fcden, ist diese Tradition auch st\u00e4rker verwurzelt. In den Gemeinden wie Arona, Puerto de la Cruz, Candelaria, G\u00fc\u00edmar, Icod de los Vinos oder La Orotava wird ebenfalls mit besonderer Hingabe gefeiert.<\/span><\/p>\n<p class=\"p1\"><span class=\"s1\">Wenn ihr w\u00e4hrend der Karwoche auf Teneriffa seid, um die Kultur kennenzulernen, denkt auch an alle <a href=\"https:\/\/www.webtenerife.de\/dasblog\/2018\/08\/die-besten-familienstraende-auf-teneriffa\/\" target=\"_blank\" rel=\"noopener\"><span style=\"color: #ff9900;\">Ausfl\u00fcge mit der Familie<\/span><\/a> oder an die <a href=\"https:\/\/www.webtenerife.de\/dasblog\/2019\/03\/erlebnisse-auf-dem-teide-sterne-wanderwege-und-marslandschaften\/\" target=\"_blank\" rel=\"noopener\"><span style=\"color: #ff9900;\">neuen Abenteuer<\/span><\/a>, die ihr direkt hier buchen k\u00f6nnt. Wir freuen uns auf euch!<\/span><\/p>\n","protected":false},"excerpt":{"rendered":"<p>Die Karwoche auf Teneriffa wird mit gro\u00dfer Hingabe gelebt. Viele Gemeinden der Insel kommen zusammen, um mit verschiedenen Veranstaltungen die kirchliche Tradition zu feiern. Es ist eine ideale Zeit, um die Geschichte und die Prozessionsabl\u00e4ufe der Insel kennenzulernen. Karwoche in La Laguna In San Crist\u00f3bal de La Laguna wird die [&hellip;]<\/p>\n","protected":false},"author":5,"featured_media":1920,"comment_status":"open","ping_status":"open","sticky":false,"template":"","format":"standard","meta":{"footnotes":""},"categories":[85,1],"tags":[509,510,508,507,506,295],"class_list":["post-1917","post","type-post","status-publish","format-standard","has-post-thumbnail","hentry","category-tradition","category-verschiedenes","tag-karwoche-in-la-laguna","tag-karwoche-in-santa-cruz","tag-ostern-auf-teneriffa","tag-ostern-in-adeje","tag-pascua-florida-guia-de-isora","tag-webtenerife"],"_links":{"self":[{"href":"https:\/\/www.webtenerife.de\/dasblog\/wp-json\/wp\/v2\/posts\/1917","targetHints":{"allow":["GET"]}}],"collection":[{"href":"https:\/\/www.webtenerife.de\/dasblog\/wp-json\/wp\/v2\/posts"}],"about":[{"href":"https:\/\/www.webtenerife.de\/dasblog\/wp-json\/wp\/v2\/types\/post"}],"author":[{"embeddable":true,"href":"https:\/\/www.webtenerife.de\/dasblog\/wp-json\/wp\/v2\/users\/5"}],"replies":[{"embeddable":true,"href":"https:\/\/www.webtenerife.de\/dasblog\/wp-json\/wp\/v2\/comments?post=1917"}],"version-history":[{"count":3,"href":"https:\/\/www.webtenerife.de\/dasblog\/wp-json\/wp\/v2\/posts\/1917\/revisions"}],"predecessor-version":[{"id":1921,"href":"https:\/\/www.webtenerife.de\/dasblog\/wp-json\/wp\/v2\/posts\/1917\/revisions\/1921"}],"wp:featuredmedia":[{"embeddable":true,"href":"https:\/\/www.webtenerife.de\/dasblog\/wp-json\/wp\/v2\/media\/1920"}],"wp:attachment":[{"href":"https:\/\/www.webtenerife.de\/dasblog\/wp-json\/wp\/v2\/media?parent=1917"}],"wp:term":[{"taxonomy":"category","embeddable":true,"href":"https:\/\/www.webtenerife.de\/dasblog\/wp-json\/wp\/v2\/categories?post=1917"},{"taxonomy":"post_tag","embeddable":true,"href":"https:\/\/www.webtenerife.de\/dasblog\/wp-json\/wp\/v2\/tags?post=1917"}],"curies":[{"name":"wp","href":"https:\/\/api.w.org\/{rel}","templated":true}]}}