{"id":1910,"date":"2019-04-03T17:58:22","date_gmt":"2019-04-03T16:58:22","guid":{"rendered":"https:\/\/www.webtenerife.de\/dasblog\/?p=1910"},"modified":"2019-04-03T17:58:22","modified_gmt":"2019-04-03T16:58:22","slug":"wandern-auf-teneriffa-5-jahre-tenerife-walking-festival","status":"publish","type":"post","link":"https:\/\/www.webtenerife.de\/dasblog\/2019\/04\/wandern-auf-teneriffa-5-jahre-tenerife-walking-festival\/","title":{"rendered":"Wandern auf Teneriffa &#8211; 5 Jahre Tenerife Walking Festival"},"content":{"rendered":"<p class=\"p1\"><span class=\"s1\">Wandern auf Teneriffa ist eine Aktivit\u00e4t, die bei unseren Reisenden und Besuchern immer mehr Interesse weckt. Das Tenerife Walking Festival, die <a href=\"https:\/\/www.tenerifewalkingfestival.com\/de\/\" target=\"_blank\" rel=\"noopener\"><span style=\"color: #ff9900;\">gro\u00dfe Wanderveranstaltung unserer Insel<\/span><\/a>, findet dieses Jahr zum f\u00fcnften Mal statt; f\u00fcnf Jahre voller Anekdoten, Geschichten, Landschaften, Legenden, Gastronomie, Kultur&#8230; Werdet ihr es verpassen?<\/span><\/p>\n<h2 class=\"p1\"><span class=\"s1\">Gr\u00fcne Routen, vulkanische Routen und K\u00fcstenrouten beim Tenerife Walking Festival<\/span><\/h2>\n<p><a href=\"http:\/\/www.webtenerife.com\/elblog\/wp-content\/uploads\/2019\/03\/Tenerife-Walking-Festival-Senderismo-en-Tenerife.jpg\"><img fetchpriority=\"high\" decoding=\"async\" class=\"aligncenter size-large wp-image-3986\" src=\"http:\/\/www.webtenerife.com\/elblog\/wp-content\/uploads\/2019\/03\/Tenerife-Walking-Festival-Senderismo-en-Tenerife-690x462.jpg\" alt=\"Tenerife Walking Festival Senderismo en Tenerife\" width=\"650\" height=\"435\" \/><\/a><\/p>\n<p class=\"p1\"><span class=\"s1\">Die Wandertouren des Tenerife Walking Festival sind so unterschiedlich und farbenfroh, wie die Insel selbst. Vom intensiven Blau des Atlantiks bis zu r\u00f6tlichen Marslandschaften des Teide-Naturparks wandert ihr durch <a href=\"https:\/\/www.tenerifewalkingfestival.com\/de\/ausfluege\/gruen\/\" target=\"_blank\" rel=\"noopener\"><span style=\"color: #ff9900;\">tausend Jahre alte W\u00e4lder<\/span><\/a>, <a href=\"https:\/\/www.tenerifewalkingfestival.com\/de\/ausfluege\/vulkanische\/\" target=\"_blank\" rel=\"noopener\"><span style=\"color: #ff9900;\">historische Vulkane<\/span><\/a> und entlang <a href=\"https:\/\/www.tenerifewalkingfestival.com\/de\/ausfluege\/kueste\/\" target=\"_blank\" rel=\"noopener\"><span style=\"color: #ff9900;\">herrlicher K\u00fcsten<\/span><\/a>.<\/span><\/p>\n<h3 class=\"p1\"><span class=\"s1\">Gr\u00fcne Wanderwege des Tenerife Walking Festivals<\/span><\/h3>\n<p class=\"p1\"><span class=\"s1\">Von den Passatwinden gestreichelt und in einem Wolkenmeer versunken, lassen euch die W\u00e4lder der Nordwand Teneriffas in eine bezaubernde gr\u00fcne Bergwelt eintauchen. Kanarische Kiefern und Lorbeerb\u00e4ume \u00f6ffnen den Weg zu l\u00e4ndlichen und endemischen Landschaften, jede mit ihrer eigenen Geschichte und Kultur.<\/span><\/p>\n<p><a href=\"http:\/\/www.webtenerife.com\/elblog\/wp-content\/uploads\/2019\/03\/Senderos-Verdes-Tenerife-Walking-Festival.jpg\"><img decoding=\"async\" class=\"aligncenter size-large wp-image-3987\" src=\"http:\/\/www.webtenerife.com\/elblog\/wp-content\/uploads\/2019\/03\/Senderos-Verdes-Tenerife-Walking-Festival-690x917.jpg\" alt=\"Senderos Verdes Tenerife Walking Festival 2019\" width=\"650\" height=\"864\" \/><\/a><\/p>\n<p class=\"p1\"><span class=\"s1\">Neu ist in diesem Jahr die <a href=\"https:\/\/www.tenerifewalkingfestival.com\/de\/el-palmar-los-silos-sat-3\/\" target=\"_blank\" rel=\"noopener\"><span style=\"color: #ff9900;\">Route El Palmar &#8211; Talavera &#8211; Los Silos<\/span><\/a>. Im \u00e4u\u00dfersten Nordwesten von Teneriffa erwarten euch f\u00fcnf Stunden Wanderung zwischen Agrarlandschaften, Tabaibas, anderen einheimischen Pflanzen und Heidekraut. Ihr werdet erfahren, was den Teno Rural Park einzigartig macht, und ihr werdet auch einen der kleinen Sch\u00e4tze Teneriffas, die <a href=\"https:\/\/www.webtenerife.de\/uber-teneriffa\/die-insel\/tourismusgebiete\/isla-baja.htm\" target=\"_blank\" rel=\"noopener\"><span style=\"color: #ff9900;\">Isla Baja<\/span><\/a>, erkunden.<\/span><\/p>\n<h3 class=\"p1\"><span class=\"s1\">Vulkanrouten des Tenerife Walking Festival<\/span><\/h3>\n<p class=\"p1\"><span class=\"s1\">Teneriffa ist eine Insel, die langsam aus Vulkanen geboren wurde. Es dauerte Millionen von Jahren, um dieses Juwel mitten im Atlantik zu schaffen. Der Teide ist unser Wahrzeichen, aber nicht die einzige Vulkanlandschaft auf Teneriffa.<\/span><\/p>\n<p><a href=\"http:\/\/www.webtenerife.com\/elblog\/wp-content\/uploads\/2019\/03\/Senderos-Volcanicos-Tenerife-Walking-Festival-2019.jpg\"><img decoding=\"async\" class=\"aligncenter size-large wp-image-3989\" src=\"http:\/\/www.webtenerife.com\/elblog\/wp-content\/uploads\/2019\/03\/Senderos-Volcanicos-Tenerife-Walking-Festival-2019-690x518.jpg\" alt=\"Senderos Volcanicos Tenerife Walking Festival 2019\" width=\"650\" height=\"488\" \/><\/a><\/p>\n<p class=\"p1\"><span class=\"s1\">Beim Tenerife Walking Festival 2019 k\u00f6nnt ihr viele Vulkanlandschaften entdecken; bis zu sieben Routen werden bei der Veranstaltung angeboten. Nat\u00fcrlich ist der Teide der gro\u00dfe Protagonist, aber auch Punta de Teno oder Masca werden dabei sein. Auf diesen Routen erfahrt ihr alles \u00fcber die Vulkangeschichte Teneriffas.<\/span><\/p>\n<h3 class=\"p1\"><span class=\"s1\">K\u00fcstenwanderwege des Tenerife Walking Festival<\/span><\/h3>\n<p class=\"p1\"><span class=\"s1\">Die Tatsache, dass man vom Meer umgeben ist, f\u00fchrt nat\u00fcrlich dazu, dass es viele Wege entlang der K\u00fcste gibt. Ob gigantische Klippen oder kuriose Felsformationen, sowohl die Nordk\u00fcste als auch die S\u00fcdk\u00fcste Teneriffas verbergen Sch\u00e4tze, die es zu entdecken gilt.<\/span><\/p>\n<p><a href=\"http:\/\/www.webtenerife.com\/elblog\/wp-content\/uploads\/2019\/03\/Senderos-de-Costa-Teneirfe-Walking-Festival-2019.jpg\"><img loading=\"lazy\" decoding=\"async\" class=\"aligncenter size-large wp-image-3990\" src=\"http:\/\/www.webtenerife.com\/elblog\/wp-content\/uploads\/2019\/03\/Senderos-de-Costa-Teneirfe-Walking-Festival-2019-690x460.jpg\" alt=\"Senderos de Costa Tenerife Walking Festival 2019\" width=\"650\" height=\"433\" \/><\/a><\/p>\n<p class=\"p1\"><span class=\"s1\">Einer dieser Sch\u00e4tze ist definitiv Benijo, sozusagen der <a href=\"https:\/\/www.tenerifewalkingfestival.com\/de\/2017-benijo-el-draguillo-chamorga-roque-bermejo\/\" target=\"_blank\" rel=\"noopener\"><span style=\"color: #ff9900;\">Star der K\u00fcstenwanderungen<\/span><\/a> beim Festival. Es ist ein kleiner Strand, kaum 300 Meter lang, aber er z\u00e4hlt zu den am meist fotografierten Str\u00e4nden Teneriffas. Die Sonnenunterg\u00e4nge hier sind spektakul\u00e4r und zusammen mit den charakteristischen Felsen geh\u00f6rt er zu den sch\u00f6nsten Orten auf der Insel, um Fotos zu machen.<\/span><\/p>\n<p class=\"p1\"><span class=\"s1\">Obwohl Benijo nur der Anfang des Abenteuers ist! Ihr werdet durch die aufregendsten Gebiete des Anaga-Gebirges wandern und bis nach Cruz del Draguillo hinaufsteigen. Schlie\u00dflich erreicht ihr Roque Bermejo, einen versteckten Strand, den man \u00fcber die schmalen Pfade erreicht.<\/span><\/p>\n<h3 class=\"p1\"><span class=\"s1\">Zus\u00e4tzliche Aktivit\u00e4ten des Tenerife Walking Festival<\/span><\/h3>\n<p class=\"p1\"><span class=\"s1\">Obwohl das Tenerife Walking Festival haupts\u00e4chlich aus Wandern und Natur besteht, ist das aber l\u00e4ngst nicht alles. Bei den Wanderungen lernt ihr auch die Eigenart und Kultur der Inseln kennen. Euch wird zum Beispiel der &#8222;Salto del Pastor\u201c vorgef\u00fchrt; eine alte Technik, die von den Ziegenhirten der Insel noch heute verwendet wird, um sich auf schwierigem und besonders steilem Gel\u00e4nde fortbewegen zu k\u00f6nnen.<\/span><\/p>\n<p><a href=\"http:\/\/www.webtenerife.com\/elblog\/wp-content\/uploads\/2019\/03\/Clausura-Tenerife-Walking-Festival.jpg\"><img loading=\"lazy\" decoding=\"async\" class=\"aligncenter size-large wp-image-3991\" src=\"http:\/\/www.webtenerife.com\/elblog\/wp-content\/uploads\/2019\/03\/Clausura-Tenerife-Walking-Festival-690x457.jpg\" alt=\"Clausura Tenerife Walking Festival\" width=\"650\" height=\"431\" \/><\/a><\/p>\n<p class=\"p1\"><span class=\"s1\">Zu den Aktivit\u00e4ten geh\u00f6ren nat\u00fcrlich auch die Begr\u00fc\u00dfungs- und Abschiedsfeiern. Vor allem die Abschlusszeremonie ist in der Regel ein sehr emotionaler Moment, bei dem alle Wanderer aller teilnehmenden Nationalit\u00e4ten einen Paradelauf durch Puerto de la Cruz machen, zudem wird Live-Musik gespielt, gastronomische Spezialit\u00e4ten angeboten, um sich so von den f\u00fcnf intensiven Abenteuertagen zu verabschieden.<\/span><\/p>\n<p class=\"p1\"><span class=\"s1\">Seid ihr bereit, um <a href=\"https:\/\/www.tenerifewalkingfestival.com\/de\/inscripciones-3\/\" target=\"_blank\" rel=\"noopener\"><span style=\"color: #ff9900;\">an diesem Abenteuer teilzunehmen<\/span><\/a>?<\/span><\/p>\n","protected":false},"excerpt":{"rendered":"<p>Wandern auf Teneriffa ist eine Aktivit\u00e4t, die bei unseren Reisenden und Besuchern immer mehr Interesse weckt. Das Tenerife Walking Festival, die gro\u00dfe Wanderveranstaltung unserer Insel, findet dieses Jahr zum f\u00fcnften Mal statt; f\u00fcnf Jahre voller Anekdoten, Geschichten, Landschaften, Legenden, Gastronomie, Kultur&#8230; Werdet ihr es verpassen? Gr\u00fcne Routen, vulkanische Routen und [&hellip;]<\/p>\n","protected":false},"author":5,"featured_media":1912,"comment_status":"open","ping_status":"open","sticky":false,"template":"","format":"standard","meta":{"footnotes":""},"categories":[7,13,1,176],"tags":[503,269,319,504,505,404,500,502,501,295],"class_list":["post-1910","post","type-post","status-publish","format-standard","has-post-thumbnail","hentry","category-natur","category-sport","category-verschiedenes","category-wandern","tag-kuestenwanderungen","tag-sport-auf-teneriffa","tag-tenerife-walking-festival","tag-vulkanwanderungen","tag-waldwanderungen","tag-wanderfestival","tag-wandern-auf-teneriffa","tag-wanderveranstaltung","tag-wanderwege","tag-webtenerife"],"_links":{"self":[{"href":"https:\/\/www.webtenerife.de\/dasblog\/wp-json\/wp\/v2\/posts\/1910","targetHints":{"allow":["GET"]}}],"collection":[{"href":"https:\/\/www.webtenerife.de\/dasblog\/wp-json\/wp\/v2\/posts"}],"about":[{"href":"https:\/\/www.webtenerife.de\/dasblog\/wp-json\/wp\/v2\/types\/post"}],"author":[{"embeddable":true,"href":"https:\/\/www.webtenerife.de\/dasblog\/wp-json\/wp\/v2\/users\/5"}],"replies":[{"embeddable":true,"href":"https:\/\/www.webtenerife.de\/dasblog\/wp-json\/wp\/v2\/comments?post=1910"}],"version-history":[{"count":4,"href":"https:\/\/www.webtenerife.de\/dasblog\/wp-json\/wp\/v2\/posts\/1910\/revisions"}],"predecessor-version":[{"id":1915,"href":"https:\/\/www.webtenerife.de\/dasblog\/wp-json\/wp\/v2\/posts\/1910\/revisions\/1915"}],"wp:featuredmedia":[{"embeddable":true,"href":"https:\/\/www.webtenerife.de\/dasblog\/wp-json\/wp\/v2\/media\/1912"}],"wp:attachment":[{"href":"https:\/\/www.webtenerife.de\/dasblog\/wp-json\/wp\/v2\/media?parent=1910"}],"wp:term":[{"taxonomy":"category","embeddable":true,"href":"https:\/\/www.webtenerife.de\/dasblog\/wp-json\/wp\/v2\/categories?post=1910"},{"taxonomy":"post_tag","embeddable":true,"href":"https:\/\/www.webtenerife.de\/dasblog\/wp-json\/wp\/v2\/tags?post=1910"}],"curies":[{"name":"wp","href":"https:\/\/api.w.org\/{rel}","templated":true}]}}