{"id":1888,"date":"2019-02-25T19:08:58","date_gmt":"2019-02-25T18:08:58","guid":{"rendered":"https:\/\/www.webtenerife.de\/dasblog\/?p=1888"},"modified":"2019-02-25T19:32:31","modified_gmt":"2019-02-25T18:32:31","slug":"karneval-auf-teneriffa-2019-die-wichtigsten-termine","status":"publish","type":"post","link":"https:\/\/www.webtenerife.de\/dasblog\/2019\/02\/karneval-auf-teneriffa-2019-die-wichtigsten-termine\/","title":{"rendered":"Karneval auf Teneriffa 2019 &#8211; die wichtigsten Termine"},"content":{"rendered":"<p class=\"p1\"><span class=\"s1\">Der Karneval von Teneriffa 2019 ist da und damit die gro\u00dfen Parties, jede Menge Spa\u00df und tolle Kost\u00fcme. Ihr wisst immer noch nicht, welches die wichtigsten Veranstaltungen sind? Gut w\u00e4re es, die verschiedenen Karnevalsprogramme der Gemeinden zu haben, um euern Karneval auf der Insel planen zu k\u00f6nnen\u2026 Kein Problem, hier kommt eine kurze Zusammenfassung der wichtigsten Feierlichkeiten, damit ihr nichts verpasst.<\/span><\/p>\n<h2 class=\"p1\"><span class=\"s1\">Karneval von Santa Cruz de Tenerife 2019<\/span><\/h2>\n<p class=\"p1\"><span class=\"s1\">Der <a href=\"https:\/\/www.webtenerife.de\/dasblog\/2018\/03\/die-geschichte-des-karnevals-auf-teneriffa\/\" target=\"_blank\" rel=\"noopener\"><span style=\"color: #ff9900;\">bekannteste Karneval von allen<\/span><\/a> wird in der Hauptstadt gefeiert und bildet den Auftakt der Saison f\u00fcr die ganze Insel. Wir m\u00fcssen den Karneval in zwei Bereiche teilen: Die Wettbewerbe und der Stra\u00dfenkarneval.<\/span><\/p>\n<p><a href=\"http:\/\/www.webtenerife.com\/elblog\/wp-content\/uploads\/2019\/02\/Carnaval-de-Santa-Cruz.jpg\"><img fetchpriority=\"high\" decoding=\"async\" class=\"aligncenter size-large wp-image-3959\" src=\"http:\/\/www.webtenerife.com\/elblog\/wp-content\/uploads\/2019\/02\/Carnaval-de-Santa-Cruz-690x503.jpg\" alt=\"Carnaval de Tenerife 2019 Santa Cruz\" width=\"650\" height=\"474\" \/><\/a><\/p>\n<h2 class=\"p1\"><span class=\"s1\">Wettbewerbe und Galawahlen des Karnevals von Teneriffa<\/span><\/h2>\n<p class=\"p1\"><span class=\"s1\">Die Wettbewerbe zeichnen sich dadurch aus, dass die besten Gruppen, Kost\u00fcme und T\u00e4nze des Karnevals zusammenkommen und in tollen Wettbewerben gegeneinander antreten. Die Karnevalsgruppen wie <span style=\"color: #ff9900;\"><a href=\"https:\/\/www.webtenerife.de\/aktivitaten\/karneval\/karnevalsgruppen-wettbewerbe\/karnevalsgruppen\/murgas.htm\" target=\"_blank\" rel=\"noopener\"><span style=\"color: #ff9900;\">Murgas (Gesangsgruppen)<\/span><\/a><\/span>, <a href=\"https:\/\/www.webtenerife.de\/aktivitaten\/karneval\/karnevalsgruppen-wettbewerbe\/karnevalsgruppen\/comparsas.htm\" target=\"_blank\" rel=\"noopener\"><span style=\"color: #ff9900;\">Comparsas (Tanzgruppen)<\/span><\/a> und <a href=\"https:\/\/www.webtenerife.de\/aktivitaten\/karneval\/karnevalsgruppen-wettbewerbe\/karnevalsgruppen\/rondallas.htm\" target=\"_blank\" rel=\"noopener\"><span style=\"color: #ff9900;\">Rondallas (typische Musikgruppen Teneriffas)<\/span><\/a> sind allgemein bekannt, jedoch Auftakt f\u00fcr den Karneval auf die Stra\u00dfe, ist immer die <a href=\"https:\/\/www.webtenerife.de\/aktivitaten\/karneval\/konigin\/\" target=\"_blank\" rel=\"noopener\"><span style=\"color: #ff9900;\">Galawahl der Karnevalsk\u00f6nigin<\/span><\/a>, welche in diesem Jahr am 27. Februar gefeiert wird.<\/span><\/p>\n<p class=\"p1\"><span class=\"s1\">Nach der Wahl der<span style=\"color: #333333;\"> Karnevalsk\u00f6nigin <\/span>beginnen die Stra\u00dfenfeste mit der Er\u00f6ffnungsparade offiziell am Freitag, dem 1. M\u00e4rz. Am n\u00e4chsten Tag, am Samstag, dem 2. M\u00e4rz, erleben die Comparsas ihre gro\u00dfe Nacht bei der Parade \u201eRhythmus und Harmonie\u201c, einer der rhythmischsten und farbenreichsten Veranstaltungen des Karnevals.<\/span><\/p>\n<p><a href=\"http:\/\/www.webtenerife.com\/elblog\/wp-content\/uploads\/2019\/02\/Carnaval-de-Tenerife.jpg\"><img decoding=\"async\" class=\"aligncenter size-large wp-image-3960\" src=\"http:\/\/www.webtenerife.com\/elblog\/wp-content\/uploads\/2019\/02\/Carnaval-de-Tenerife-690x460.jpg\" alt=\"Carnaval de Tenerife 2019 Carnaval en la Calle\" width=\"650\" height=\"433\" \/><\/a><\/p>\n<h2 class=\"p1\"><span class=\"s1\">Karneval auf der Stra\u00dfe<\/span><\/h2>\n<p class=\"p1\"><span class=\"s1\">Sowohl f\u00fcr die Kleinen als auch f\u00fcr die Gro\u00dfen ist f\u00fcr alle beim Stra\u00dfenkarneval etwas dabei, ob am Tag oder in der Nacht. Der Karneval am Tag wird am 3. und 9. M\u00e4rz gefeiert, w\u00e4hrend der Karneval in der Nacht die ganze Woche \u00fcber mit verschiedenen Konzerten und Veranstaltungen wie der Beerdigung der Sardine stattfindet. Nachstehend habt ihr ein zusammenfassendes Bild mit allen Highlights und dem <a href=\"http:\/\/www.carnavaldetenerife.com\/programas\/programacarnaval2019-web.pdf\" target=\"_blank\" rel=\"noopener\"><span style=\"color: #ff9900;\">Karnevalsprogramm<\/span><\/a> von Teneriffa.<\/span><\/p>\n<p><a href=\"http:\/\/www.webtenerife.com\/elblog\/wp-content\/uploads\/2019\/02\/programacarnaval2019-web-page-023-1.jpg\"><img decoding=\"async\" class=\"aligncenter size-large wp-image-3961\" src=\"http:\/\/www.webtenerife.com\/elblog\/wp-content\/uploads\/2019\/02\/programacarnaval2019-web-page-023-1-690x426.jpg\" alt=\"Programa Carnaval de Tenerife 2019\" width=\"650\" height=\"401\" \/><\/a><\/p>\n<h2 class=\"p1\"><span class=\"s1\">Internationaler Karneval von Puerto de la Cruz 2019<\/span><\/h2>\n<p><a href=\"http:\/\/www.webtenerife.com\/elblog\/wp-content\/uploads\/2019\/02\/mascarita-ponte-tacon-106-2.jpg\"><img loading=\"lazy\" decoding=\"async\" class=\"aligncenter size-large wp-image-3962\" src=\"http:\/\/www.webtenerife.com\/elblog\/wp-content\/uploads\/2019\/02\/mascarita-ponte-tacon-106-2-690x460.jpg\" alt=\"Carnaval Puerto de la Cruz 2019 Mascarita Ponte Tac\u00f3n\" width=\"650\" height=\"433\" \/><\/a><\/p>\n<p class=\"p1\"><span class=\"s1\">In Puerto de la Cruz findet auch ein <a href=\"https:\/\/carnavalpuertodelacruz.com\/wp-content\/uploads\/2019\/02\/PUERTO-CRUZ-PROGRAMA-CARNAVAL2019.pdf\" target=\"_blank\" rel=\"noopener\"><span style=\"color: #ff9900;\">Karneval<\/span><\/a> statt, bei dem der M\u00e4nner-Marathon \u201eMascarita Ponte Tac\u00f3n\u201c das absolute Highlight ist. Bei diesem verr\u00fcckten Rennen tragen M\u00e4nner extravagante Kost\u00fcme und gigantische Abs\u00e4tze, die mindestens 8 Zentimeter hoch sein m\u00fcssen. Der Marathon findet am Freitag, den 8. M\u00e4rz ab 20.00 Uhr statt.<\/span><\/p>\n<h2 class=\"p1\"><span class=\"s1\">Karneval von Los Gigantes 2019<\/span><\/h2>\n<p><a href=\"http:\/\/www.webtenerife.com\/elblog\/wp-content\/uploads\/2019\/02\/coso-1.jpg\"><img loading=\"lazy\" decoding=\"async\" class=\"aligncenter size-large wp-image-3963\" src=\"http:\/\/www.webtenerife.com\/elblog\/wp-content\/uploads\/2019\/02\/coso-1-690x459.jpg\" alt=\"Carnaval de Los Gigantes 2019\" width=\"650\" height=\"432\" \/><\/a><\/p>\n<p class=\"p1\"><span class=\"s1\">Der ganze Olymp wird sich beim Karneval in dem Ort Los Gigantes in Santiago del Teide einfinden, denn die Feierlichkeiten sind in diesem Jahr den griechischen Gottheiten gewidmet. Vom 15. bis 23. M\u00e4rz finden (neben dem Karneval in Los Cristianos) die verschiedenen Veranstaltungen statt, die diesen Karneval zu einem der wichtigsten Ereignisse im S\u00fcden der Insel machen.<\/span><\/p>\n<h2 class=\"p1\"><span class=\"s1\">Karneval von Los Cristianos 2019<\/span><\/h2>\n<p><a href=\"http:\/\/www.webtenerife.com\/elblog\/wp-content\/uploads\/2019\/02\/dsc03047.jpg\"><img loading=\"lazy\" decoding=\"async\" class=\"aligncenter size-large wp-image-3964\" src=\"http:\/\/www.webtenerife.com\/elblog\/wp-content\/uploads\/2019\/02\/dsc03047-690x460.jpg\" alt=\"Carnaval de Los Cristianos 2019\" width=\"650\" height=\"433\" \/><\/a><\/p>\n<p class=\"p1\"><span class=\"s1\">Der Dschungel ist das diesj\u00e4hrige Thema des Internationalen Karnevals von Los Cristianos, welcher als einer der letzten vom 21. M\u00e4rz bis 1. April stattfindet. Die wichtigsten Daten dieses Karnevals sind die Er\u00f6ffnungsparade am Samstag, dem 23. M\u00e4rz, die Galawahl der K\u00f6nigin am Donnerstag, den 28. M\u00e4rz, die Drag-Queen-Gala am Freitag, den 29.M\u00e4rz, der Karneval am Tag am 30. M\u00e4rz, und die Apotheose-Parade am 31. M\u00e4rz mit der Bestattung der Sardine am 1. April.<\/span><\/p>\n<h2 class=\"p1\"><span class=\"s1\">Karneval von Candelaria 2019<\/span><\/h2>\n<p><a href=\"http:\/\/www.webtenerife.com\/elblog\/wp-content\/uploads\/2019\/02\/Carnaval-de-Candelaria-2019.jpg\"><img loading=\"lazy\" decoding=\"async\" class=\"aligncenter size-large wp-image-3965\" src=\"http:\/\/www.webtenerife.com\/elblog\/wp-content\/uploads\/2019\/02\/Carnaval-de-Candelaria-2019-690x460.jpg\" alt=\"Carnaval de Candelaria 2019\" width=\"650\" height=\"433\" \/><\/a><\/p>\n<p><span class=\"s1\">In diesem Jahr wird der Karneval von Candelaria vom 9. bis 23. M\u00e4rz gefeiert. Auf dem Programm stehen die Galawahl der K\u00f6nigin am 15. M\u00e4rz, das choreografische Festival und der Karneval am Tag am 17. M\u00e4rz, die Drag-Queen-Gala am 22. M\u00e4rz und der Tanz des Karnevals am 23. M\u00e4rz.<\/span><\/p>\n<h2 class=\"p1\"><span class=\"s1\">Karneval von Los Silos 2019<\/span><\/h2>\n<p><a href=\"http:\/\/www.webtenerife.com\/elblog\/wp-content\/uploads\/2019\/02\/Carnaval-de-Los-Silos.jpg\"><img loading=\"lazy\" decoding=\"async\" class=\"aligncenter size-large wp-image-3966\" src=\"http:\/\/www.webtenerife.com\/elblog\/wp-content\/uploads\/2019\/02\/Carnaval-de-Los-Silos-690x458.jpg\" alt=\"Carnaval de Los Silos 2019\" width=\"650\" height=\"431\" \/><\/a><\/p>\n<p class=\"p1\"><span class=\"s1\">Der historische Ort Los Silos feiert seinen <a href=\"https:\/\/www.webtenerife.de\/veranstaltungskalender\/carnaval-de-los-silos-2019.htm\" target=\"_blank\" rel=\"noopener\"><span style=\"color: #ff9900;\">Karneval<\/span><\/a> ebenfalls im M\u00e4rz, vom 4. bis 10. Eine der lustigsten Veranstaltungen ist das verr\u00fcckte Autorennen am Samstag, den 9. M\u00e4rz.<\/span><\/p>\n<h2>Pi\u00f1ata Chica in Tacoronte 2019<\/h2>\n<p><a href=\"http:\/\/www.webtenerife.com\/elblog\/wp-content\/uploads\/2019\/02\/Pinata-Chica-Tacoronte.jpg\"><img loading=\"lazy\" decoding=\"async\" class=\"aligncenter size-large wp-image-3968\" src=\"http:\/\/www.webtenerife.com\/elblog\/wp-content\/uploads\/2019\/02\/Pinata-Chica-Tacoronte-690x459.jpg\" alt=\"Carnaval de Tacoronte 2019\" width=\"650\" height=\"432\" \/><\/a><\/p>\n<p class=\"p1\"><span class=\"s1\">Die Pi\u00f1ata Chica, der Karneval in der Gemeinde Tacoronte vom 15. bis 18. M\u00e4rz, sind Feierlichkeiten, bei denen vor allem die Kleinen ganz gro\u00df feiern k\u00f6nnen. Besonders hervorzuheben ist dabei die traditionelle Show der Oldtimer am 17. M\u00e4rz.<\/span><\/p>\n<p class=\"p1\"><span class=\"s1\">Bei so vielen Karnevals-M\u00f6glichkeiten, werdet ihr auf jeden Fall richtig auf eure Kosten kommen! Vergesst nicht, auf unserem <a href=\"https:\/\/www.webtenerife.de\/veranstaltungskalender\/\" target=\"_blank\" rel=\"noopener\"><span style=\"color: #ff9900;\">Eventkalender<\/span><\/a> nachzuschauen, um weitere Veranstaltungen und mehr \u00fcber Neuigkeiten auf der Insel zu erfahren.<\/span><\/p>\n","protected":false},"excerpt":{"rendered":"<p>Der Karneval von Teneriffa 2019 ist da und damit die gro\u00dfen Parties, jede Menge Spa\u00df und tolle Kost\u00fcme. Ihr wisst immer noch nicht, welches die wichtigsten Veranstaltungen sind? Gut w\u00e4re es, die verschiedenen Karnevalsprogramme der Gemeinden zu haben, um euern Karneval auf der Insel planen zu k\u00f6nnen\u2026 Kein Problem, hier [&hellip;]<\/p>\n","protected":false},"author":5,"featured_media":1893,"comment_status":"open","ping_status":"open","sticky":false,"template":"","format":"standard","meta":{"footnotes":""},"categories":[85,1],"tags":[342,494,493,399],"class_list":["post-1888","post","type-post","status-publish","format-standard","has-post-thumbnail","hentry","category-tradition","category-verschiedenes","tag-karneval","tag-karneval-2019","tag-karneval-teneriffa-2019","tag-karnevalskonigin"],"_links":{"self":[{"href":"https:\/\/www.webtenerife.de\/dasblog\/wp-json\/wp\/v2\/posts\/1888","targetHints":{"allow":["GET"]}}],"collection":[{"href":"https:\/\/www.webtenerife.de\/dasblog\/wp-json\/wp\/v2\/posts"}],"about":[{"href":"https:\/\/www.webtenerife.de\/dasblog\/wp-json\/wp\/v2\/types\/post"}],"author":[{"embeddable":true,"href":"https:\/\/www.webtenerife.de\/dasblog\/wp-json\/wp\/v2\/users\/5"}],"replies":[{"embeddable":true,"href":"https:\/\/www.webtenerife.de\/dasblog\/wp-json\/wp\/v2\/comments?post=1888"}],"version-history":[{"count":5,"href":"https:\/\/www.webtenerife.de\/dasblog\/wp-json\/wp\/v2\/posts\/1888\/revisions"}],"predecessor-version":[{"id":1894,"href":"https:\/\/www.webtenerife.de\/dasblog\/wp-json\/wp\/v2\/posts\/1888\/revisions\/1894"}],"wp:featuredmedia":[{"embeddable":true,"href":"https:\/\/www.webtenerife.de\/dasblog\/wp-json\/wp\/v2\/media\/1893"}],"wp:attachment":[{"href":"https:\/\/www.webtenerife.de\/dasblog\/wp-json\/wp\/v2\/media?parent=1888"}],"wp:term":[{"taxonomy":"category","embeddable":true,"href":"https:\/\/www.webtenerife.de\/dasblog\/wp-json\/wp\/v2\/categories?post=1888"},{"taxonomy":"post_tag","embeddable":true,"href":"https:\/\/www.webtenerife.de\/dasblog\/wp-json\/wp\/v2\/tags?post=1888"}],"curies":[{"name":"wp","href":"https:\/\/api.w.org\/{rel}","templated":true}]}}