{"id":1883,"date":"2019-02-15T13:25:25","date_gmt":"2019-02-15T12:25:25","guid":{"rendered":"https:\/\/www.webtenerife.de\/dasblog\/?p=1883"},"modified":"2019-02-15T13:25:25","modified_gmt":"2019-02-15T12:25:25","slug":"surf-weltcup-auf-teneriffa-cabreiroa-las-americas-pro-2019","status":"publish","type":"post","link":"https:\/\/www.webtenerife.de\/dasblog\/2019\/02\/surf-weltcup-auf-teneriffa-cabreiroa-las-americas-pro-2019\/","title":{"rendered":"Surf-Weltcup auf Teneriffa: Cabreiro\u00e1 Las Am\u00e9ricas Pro 2019"},"content":{"rendered":"<p class=\"p1\"><span class=\"s1\">Der Surf-Weltcup auf Teneriffa Anfang Februar hat sich nach dem zweiten Jahr schon etabliert. In einer intensiven Woche konnten Surfer aus aller Welt die Welle &#8222;Izquierda de la Palmera&#8220;, einen der bekanntesten <a href=\"https:\/\/www.webtenerife.de\/aktivitaten\/sportarten\/wasser\/surfen-bodyboarden\/?tab=1\" target=\"_blank\" rel=\"noopener\"><span style=\"color: #ff9900;\">Surfspots der Insel<\/span><\/a>, reiten. M\u00f6chtet ihr wissen, wie die Meisterschaft gelaufen ist?<\/span><\/p>\n<h2 class=\"p1\"><span class=\"s1\">Qualifying Series, der Weg zum Ruhm<\/span><\/h2>\n<p><a href=\"http:\/\/www.webtenerife.com\/elblog\/wp-content\/uploads\/2019\/02\/51623589_405139850259749_4302352496560439296_o.jpg\"><img fetchpriority=\"high\" decoding=\"async\" class=\"aligncenter size-large wp-image-3949\" src=\"http:\/\/www.webtenerife.com\/elblog\/wp-content\/uploads\/2019\/02\/51623589_405139850259749_4302352496560439296_o-690x461.jpg\" alt=\"Mundial de Surf en Tenerife 2019\" width=\"650\" height=\"434\" \/><\/a><\/p>\n<p class=\"p1\"><span class=\"s1\">Die Qualifying Series (umgangssprachlich als QS bekannt) sind ein Muss f\u00fcr jeden Surfer, der am Olymp der Wellen teilnehmen m\u00f6chte. Die Athleten, die im QS antreten, tun dies mit dem Ziel, einen der preisgekr\u00f6nten und limitierten Pl\u00e4tze der World Championship Tour zu erreichen.<\/span><\/p>\n<p class=\"p1\"><span class=\"s1\">Zu diesem Zweck organisiert der Verband der World Surfing League (WSL als Kurzform) QS-Meisterschaften auf der ganzen Welt. Las Americas Pro war der erste Test des Jahres 2019 f\u00fcr Europa.<\/span><\/p>\n<p><a href=\"http:\/\/www.webtenerife.com\/elblog\/wp-content\/uploads\/2019\/02\/51047932_403678053739262_4776907564854018048_n.jpg\"><img decoding=\"async\" class=\"aligncenter size-large wp-image-3950\" src=\"http:\/\/www.webtenerife.com\/elblog\/wp-content\/uploads\/2019\/02\/51047932_403678053739262_4776907564854018048_n-690x460.jpg\" alt=\"Cabreiroa Las Americas Pro 2019\" width=\"650\" height=\"433\" \/><\/a><\/p>\n<p class=\"p1\"><span class=\"s1\">Die sogenannte &#8222;Spanische Linke&#8220; oder &#8222;Izquierda de la Palmera&#8220; ist der Ort, der das zweite Jahr in Folge Gastgeber dieses Ereignisses war. Ein Surfspot auf vulkanischem Untergrund mit Wellen von 1 bis 3 Metern. Er liegt auch in einer der <a href=\"https:\/\/www.webtenerife.de\/uber-teneriffa\/die-insel\/tourismusgebiete\/tenerife-sur.htm\" target=\"_blank\" rel=\"noopener\"><span style=\"color: #ff9900;\">wichtigsten touristischen Enklaven im S\u00fcden der Insel<\/span><\/a>, mit zahlreichen Freizeitangeboten und ganzj\u00e4hrig angenehmen Temperaturen.<\/span><\/p>\n<h2 class=\"p1\"><span class=\"s1\">Cabreiro\u00e1 Las Am\u00e9ricas Pro 2019, eine umstrittene Meisterschaft mit zwei Gewinnern<\/span><\/h2>\n<p class=\"p1\"><span class=\"s1\">Rund 150 Surfer aus der ganzen Welt versammelten sich w\u00e4hrend sechs Tagen strittiger Tests auf der \u201eSurf-B\u00fchne\u201c von Las Americas Pro. Die Meisterschaft wurde live auf dem <a href=\"https:\/\/www.youtube.com\/user\/ASPWorldTour\/videos\" target=\"_blank\" rel=\"noopener\"><span style=\"color: #ff9900;\">offiziellen YouTube-Kanal<\/span> <\/a>der WSL \u00fcbertragen und mit tausenden von Visualisierungen und Live-Kommentaren von Hunderten von Internetsurfern, die die tolle Atmosph\u00e4re und das angenehme Klima von Teneriffa kennenlernten.<\/span><\/p>\n<p><a href=\"http:\/\/www.webtenerife.com\/elblog\/wp-content\/uploads\/2019\/02\/51969875_407779243329143_7216128365378404352_o.jpg\"><img decoding=\"async\" class=\"aligncenter size-large wp-image-3951\" src=\"http:\/\/www.webtenerife.com\/elblog\/wp-content\/uploads\/2019\/02\/51969875_407779243329143_7216128365378404352_o-690x460.jpg\" alt=\"Surf en Tenerife los 365 d\u00edas del a\u00f1o\" width=\"650\" height=\"433\" \/><\/a><\/p>\n<p class=\"p1\"><span class=\"s1\">Das Finale der M\u00e4nner trugen die beiden Franzosen Paul Cesar Distinguin und Timothee Bisso aus. Timothee Bisso sicherte sich den Sieg mit 15,10 Punkten, dank einer gro\u00dfen Welle, die ihm direkt 8,33 Punkte einbrachte.<\/span><\/p>\n<p class=\"p1\"><span class=\"s1\">Im Frauenfinale traten die baskische Leticia Canales und Daniela Baldini aus Teneriffa gegeneinander an. In einem knappen Finale mit nur 1,5 Punkten Unterschied war schlie\u00dflich die Lokalmatadorin Daniela Boldini siegreich und erntete den Jubel des Publikums.<\/span><\/p>\n<p><a href=\"http:\/\/www.webtenerife.com\/elblog\/wp-content\/uploads\/2019\/02\/51662363_407993113307756_9131532248653234176_o.jpg\"><img loading=\"lazy\" decoding=\"async\" class=\"aligncenter size-large wp-image-3952\" src=\"http:\/\/www.webtenerife.com\/elblog\/wp-content\/uploads\/2019\/02\/51662363_407993113307756_9131532248653234176_o-690x1035.jpg\" alt=\"Ganadores Las Americas Pro 2019\" width=\"650\" height=\"975\" \/><\/a><\/p>\n<p class=\"p1\"><span class=\"s1\">Zum ersten Mal ist die H\u00f6he der Preisgelder in beiden Kategorien gleich, um eine egalit\u00e4re Meisterschaft zu schaffen, bei der Frauen und M\u00e4nner gleich behandelt werden.<\/span><\/p>\n<h2 class=\"p1\"><span class=\"s1\">Surfen auf Teneriffa an 365 Tagen im Jahr<\/span><\/h2>\n<p class=\"p1\"><span class=\"s1\">Auf Teneriffa k\u00f6nnt ihr dank des guten Wetters, <a href=\"https:\/\/www.youtube.com\/watch?v=oWATJV7sG0I\" target=\"_blank\" rel=\"noopener\"><span style=\"color: #ff9900;\">an 365 Tagen im Jahr surfen<\/span><\/a>. Egal, ob ihr ein erfahrener Surfer oder ein Neuling seid, ihr werdet sicherlich den idealen Ort finden, um den Sport voll zu genie\u00dfen.<\/span><\/p>\n<p class=\"p1\"><span class=\"s1\">Wenn ihr von Profis das Surfen lernen wollt, dann k\u00f6nnt ihr eine der <a href=\"https:\/\/www.webtenerife.de\/aktivitaten\/sportarten\/wasser\/surfen-bodyboarden\/?tab=3&amp;tab-view-mode=listado\" target=\"_blank\" rel=\"noopener\"><span style=\"color: #ff9900;\">zahlreichen Surfschulen der Insel<\/span><\/a> besuchen, wo ihr euch gerne mit den Grundlagen vertraut machen k\u00f6nnt und euch das n\u00f6tige Material zur Verf\u00fcgung gestellt wird, damit ihr mit dem Surfen beginnen und eure ersten Wellen reiten k\u00f6nnt. <a href=\"https:\/\/www.webtenerife.de\/tenerifenolimits\/\" target=\"_blank\" rel=\"noopener\"><span style=\"color: #ff9900;\">Worauf wartet ihr noch?<\/span><\/a><\/span><\/p>\n","protected":false},"excerpt":{"rendered":"<p>Der Surf-Weltcup auf Teneriffa Anfang Februar hat sich nach dem zweiten Jahr schon etabliert. In einer intensiven Woche konnten Surfer aus aller Welt die Welle &#8222;Izquierda de la Palmera&#8220;, einen der bekanntesten Surfspots der Insel, reiten. M\u00f6chtet ihr wissen, wie die Meisterschaft gelaufen ist? Qualifying Series, der Weg zum Ruhm [&hellip;]<\/p>\n","protected":false},"author":5,"featured_media":1885,"comment_status":"open","ping_status":"open","sticky":false,"template":"","format":"standard","meta":{"footnotes":""},"categories":[13,148,1],"tags":[488,487,486,492,491,453,490,489],"class_list":["post-1883","post","type-post","status-publish","format-standard","has-post-thumbnail","hentry","category-sport","category-surf","category-verschiedenes","tag-cabreiroa","tag-las-americas-pro","tag-surf-meisterschaft","tag-surf-weltcup","tag-surfen-teneriffa","tag-tenerife-no-limits","tag-world-surf-league-qualifying-series","tag-wsl"],"_links":{"self":[{"href":"https:\/\/www.webtenerife.de\/dasblog\/wp-json\/wp\/v2\/posts\/1883","targetHints":{"allow":["GET"]}}],"collection":[{"href":"https:\/\/www.webtenerife.de\/dasblog\/wp-json\/wp\/v2\/posts"}],"about":[{"href":"https:\/\/www.webtenerife.de\/dasblog\/wp-json\/wp\/v2\/types\/post"}],"author":[{"embeddable":true,"href":"https:\/\/www.webtenerife.de\/dasblog\/wp-json\/wp\/v2\/users\/5"}],"replies":[{"embeddable":true,"href":"https:\/\/www.webtenerife.de\/dasblog\/wp-json\/wp\/v2\/comments?post=1883"}],"version-history":[{"count":2,"href":"https:\/\/www.webtenerife.de\/dasblog\/wp-json\/wp\/v2\/posts\/1883\/revisions"}],"predecessor-version":[{"id":1886,"href":"https:\/\/www.webtenerife.de\/dasblog\/wp-json\/wp\/v2\/posts\/1883\/revisions\/1886"}],"wp:featuredmedia":[{"embeddable":true,"href":"https:\/\/www.webtenerife.de\/dasblog\/wp-json\/wp\/v2\/media\/1885"}],"wp:attachment":[{"href":"https:\/\/www.webtenerife.de\/dasblog\/wp-json\/wp\/v2\/media?parent=1883"}],"wp:term":[{"taxonomy":"category","embeddable":true,"href":"https:\/\/www.webtenerife.de\/dasblog\/wp-json\/wp\/v2\/categories?post=1883"},{"taxonomy":"post_tag","embeddable":true,"href":"https:\/\/www.webtenerife.de\/dasblog\/wp-json\/wp\/v2\/tags?post=1883"}],"curies":[{"name":"wp","href":"https:\/\/api.w.org\/{rel}","templated":true}]}}