{"id":1866,"date":"2019-01-17T12:57:39","date_gmt":"2019-01-17T11:57:39","guid":{"rendered":"https:\/\/www.webtenerife.de\/dasblog\/?p=1866"},"modified":"2019-01-17T14:17:14","modified_gmt":"2019-01-17T13:17:14","slug":"sportevents-2019-auf-teneriffa-ein-jahr-voller-neuer-herausforderungen","status":"publish","type":"post","link":"https:\/\/www.webtenerife.de\/dasblog\/2019\/01\/sportevents-2019-auf-teneriffa-ein-jahr-voller-neuer-herausforderungen\/","title":{"rendered":"Sportevents 2019 auf Teneriffa &#8211; ein Jahr voller neuer Herausforderungen"},"content":{"rendered":"<p class=\"p1\"><span class=\"s1\">Der Sportkalender von Teneriffa 2019 ist voll mit gro\u00dfen Veranstaltungen und das ist nicht verwunderlich. Denn Spitzensportler wie die Tennisspieler Dominic Thiem oder Karol\u00edna Pl\u00ed\u0161kov\u00e1, beide Top-10 der ATP und WTA, bereiteten sich auf ihre Tourniere f\u00fcr das neue Jahr auf der Insel vor, aber sie waren nicht die einzigen, die bei uns trainierten.<\/span><\/p>\n<p class=\"p1\"><span class=\"s1\">Radfahrer wie Alberto Contador oder Chris Froome; Fu\u00dfballmannschaften wie Liverpool FC, Manchester City, der FC Augsburg oder sogar Olympia-Schwimmer wie Sarah Sj\u00f6str\u00f6m waren im Trainingslager auf Teneriffa. Auch wurde im vergangenen Jahr die Basketball-Weltmeisterschaft der Frauen 2018 auf der Insel ausgetragen und zwar mit gro\u00dfem Erfolg. M\u00f6chtet ihr wissen, was die besten sportlichen Veranstaltungen dieses Jahr auf Teneriffa sind?<\/span><\/p>\n<h2><\/h2>\n<h2>WSL Pro Las Am\u00e9ricas<\/h2>\n<p><img fetchpriority=\"high\" decoding=\"async\" class=\"aligncenter size-large wp-image-3921\" src=\"http:\/\/www.webtenerife.com\/elblog\/wp-content\/uploads\/2019\/01\/Las-Americas-Pro-690x460.jpg\" alt=\"Las Am\u00e9ricas Pro Calendario Deportivo\" width=\"650\" height=\"433\" \/><\/p>\n<p class=\"p1\"><span class=\"s1\">Vom 4. bis 10. Februar kehrt der World Surf League-Wettbewerb, <a href=\"http:\/\/www.worldsurfleague.com\/events\/2018\/mqs\/2608\/las-americas-pro-tenerife\" target=\"_blank\" rel=\"noopener\"><span style=\"color: #ff9900;\">&#8222;Las Americas Pro&#8220;<\/span><\/a>, zur\u00fcck auf die Kanareninsel. Im letzten Jahr gewannen Ruben Vitoria und die Australierin Mikaela Greene. Der Ort \u201cIzquierda de la Palmera\u201d wird erneut Surfer aus der ganzen Welt anziehen, um dieses Scoring-Event f\u00fcr die European Qualifying Series der WSL gegeneinander antreten zu sehen.<\/span><\/p>\n<p>&nbsp;<\/p>\n<h2 class=\"p1\"><span class=\"s1\">Radtour Vuelta al Teide<\/span><\/h2>\n<p><a href=\"http:\/\/www.webtenerife.com\/elblog\/wp-content\/uploads\/2019\/01\/Ciclista-Teide.jpg\"><img decoding=\"async\" class=\"aligncenter size-large wp-image-3922\" src=\"http:\/\/www.webtenerife.com\/elblog\/wp-content\/uploads\/2019\/01\/Ciclista-Teide-690x1035.jpg\" alt=\"Cicloturista Vuelta al Teide\" width=\"650\" height=\"975\" \/><\/a><\/p>\n<p class=\"p1\"><span class=\"s1\">Die <a href=\"https:\/\/www.vueltaalteide.com\/?lang=en\" target=\"_blank\" rel=\"noopener\"><span style=\"color: #ff9900;\">Vuelta al Teide Radtour<\/span><\/a> wird am 30. M\u00e4rz durch ber\u00fchmte Orte auf Teneriffa wie den Teno Landschaftspark oder den Teide Nationalpark f\u00fchren. Die Hauptstrecke der Tour ist insgesamt 160 Kilometer lang mit einem Gesamtaufstieg von fast 4.000 H\u00f6henmetern &#8211; ein harter Test. Die Half Teide ist eine andere Modalit\u00e4t mit 90 Kilometern Strecke und \u201enur\u201c 2.000 H\u00f6henmetern.<\/span><\/p>\n<p>&nbsp;<\/p>\n<h2>Tenerife Walking Festival<\/h2>\n<p><a href=\"http:\/\/www.webtenerife.com\/elblog\/wp-content\/uploads\/2019\/01\/Tenerife-Walking-Festival.jpg\"><img decoding=\"async\" class=\"aligncenter size-large wp-image-3923\" src=\"http:\/\/www.webtenerife.com\/elblog\/wp-content\/uploads\/2019\/01\/Tenerife-Walking-Festival-690x518.jpg\" alt=\"Tenerife Walking Festival\" width=\"650\" height=\"488\" \/><\/a><\/p>\n<p class=\"p1\"><span class=\"s1\">Der <a href=\"http:\/\/www.tenerifewalkingfestival.com\/de\/\" target=\"_blank\" rel=\"noopener\"><span style=\"color: #ff9900;\">Inbegriff des Wanderfestivals auf Teneriffa<\/span><\/a>. Die Veranstaltung kombiniert einige der besten Wanderwege der Insel mit lokalen Traditionen, Kultur, Gastronomie und l\u00e4dt zu Erkundungstouren an Orten wie Anaga oder dem Teide ein. Die diesj\u00e4hrige Ausgabe findet vom 21. bis 25. Mai statt und Puerto de la Cruz wird wieder Treff- und Ausgangspunkt f\u00fcr alle, die sich f\u00fcr die Natur und ihre Wege begeistern, sein.<\/span><\/p>\n<p>&nbsp;<\/p>\n<h2>Tenerife Bluetrail<\/h2>\n<figure id=\"attachment_3924\" aria-describedby=\"caption-attachment-3924\" style=\"width: 650px\" class=\"wp-caption aligncenter\"><img loading=\"lazy\" decoding=\"async\" class=\"wp-image-3924 size-large\" src=\"http:\/\/www.webtenerife.com\/elblog\/wp-content\/uploads\/2019\/01\/Tenerife-Bluetrail-690x461.jpg\" alt=\"Tenerife BlueTrail\" width=\"650\" height=\"434\" \/><figcaption id=\"caption-attachment-3924\" class=\"wp-caption-text\"><strong>Jordi de la Fuente<\/strong><\/figcaption><\/figure>\n<p>&nbsp;<\/p>\n<p class=\"p1\"><span class=\"s1\">Von null bis auf 3.555 H\u00f6henmeter. Die <a href=\"https:\/\/www.tenerifebluetrail.com\/de\/inscripcion\/\" target=\"_blank\" rel=\"noopener\"><span style=\"color: #ff9900;\">Tenerife Bluetrail<\/span><\/a> ist das h\u00f6chste Trail-Rennen in ganz Spanien und das zweitgr\u00f6\u00dfte in Europa. Und das aus gutem Grund, denn die \u00fcber 100 Kilometer lange Strecke im Ultra Trail-Modus ist eine Herausforderung f\u00fcr alle Teilnehmer. \u00dcber 2.000 L\u00e4ufer haben sich im Jahr 2018 f\u00fcr die verschiedenen Modalit\u00e4ten angemeldet. Es war sogar eine Tarahumara (Ethnie aus Nord-Mexiko bekannt f\u00fcr Langstreckenl\u00e4ufe durch W\u00fcsten, Schluchten, Berge) dabei. Die Rar\u00e1muri Lorena Ram\u00edrez belegte den dritten Platz in der Senior-Kategorie. In diesem Jahr findet der Lauf am 8. Juni statt und die Anmeldungen sind bereits offen.<\/span><\/p>\n<p>&nbsp;<\/p>\n<h2>PWA Windsurf<\/h2>\n<p><a href=\"http:\/\/www.webtenerife.com\/elblog\/wp-content\/uploads\/2019\/01\/PWA.jpg\"><img loading=\"lazy\" decoding=\"async\" class=\"aligncenter size-large wp-image-3925\" src=\"http:\/\/www.webtenerife.com\/elblog\/wp-content\/uploads\/2019\/01\/PWA-690x460.jpg\" alt=\"PWA Tenerife Windsurf\" width=\"650\" height=\"433\" \/><\/a><\/p>\n<p class=\"p1\"><span class=\"s1\"><a href=\"https:\/\/www.webtenerife.de\/besucherattraktionen\/strande\/el+medano.htm\" target=\"_blank\" rel=\"noopener\"><span style=\"color: #ff9900;\">El M\u00e9dano<\/span><\/a> ist ein idealer Ort, um Windsurfen zu praktizieren. Dies macht ihn zu einer der privilegiertesten Strecken der PWA-Weltmeisterschaft, die uns in der zweiten Augusth\u00e4lfte wieder erwarten wird. Zus\u00e4tzlich zur Windsurf-Weltmeisterschaft werden Workshops zur Reparatur und Erstellung von Surfbrettern und Fortbildungskurse angeboten, au\u00dferdem erwartet euch ein gro\u00dfartiges Angebot an Gastronomie und Freizeitaktivit\u00e4ten.<\/span><\/p>\n<p>&nbsp;<\/p>\n<h2>Santa Cruz Extreme<\/h2>\n<figure id=\"attachment_3926\" aria-describedby=\"caption-attachment-3926\" style=\"width: 650px\" class=\"wp-caption aligncenter\"><a href=\"http:\/\/www.webtenerife.com\/elblog\/wp-content\/uploads\/2019\/01\/Santa-Cruz-Extreme.jpg\"><img loading=\"lazy\" decoding=\"async\" class=\"size-large wp-image-3926\" src=\"http:\/\/www.webtenerife.com\/elblog\/wp-content\/uploads\/2019\/01\/Santa-Cruz-Extreme-690x460.jpg\" alt=\"Santa Cruz Extreme\" width=\"650\" height=\"433\" \/><\/a><figcaption id=\"caption-attachment-3926\" class=\"wp-caption-text\"><strong>Ra\u00fal Santana<\/strong><\/figcaption><\/figure>\n<p class=\"p1\"><span class=\"s1\">Im Oktober 2019 haben all die Athleten Gl\u00fcck, die eine besondere Herausforderung in der Natur, wie den tausendj\u00e4hrigen Lorbeerw\u00e4ldern suchen. Denn dann wird die <a href=\"http:\/\/festivalsantacruzextreme.com\/\" target=\"_blank\" rel=\"noopener\"><span style=\"color: #ff9900;\">Santa Cruz Extreme<\/span><\/a> auf Teneriffa ausgetragen. Dieser Lauf f\u00fchrt durch den Anaga Landschaftspark, der vom Strand Las Teresitas ausgeht und durch die W\u00e4lder des Laurisilva entlang alter Bauernh\u00e4user f\u00fchrt. Dieser Lauf bietet drei verschiedene Schwierigkeitsgrade an.<\/span><\/p>\n<p>&nbsp;<\/p>\n<h2 class=\"p1\"><span class=\"s1\">Internationaler Marathon von Santa Cruz de Tenerife<\/span><\/h2>\n<p><a href=\"http:\/\/www.webtenerife.com\/elblog\/wp-content\/uploads\/2019\/01\/Maraton-de-Tenerife.jpg\"><img loading=\"lazy\" decoding=\"async\" class=\"aligncenter size-large wp-image-3927\" src=\"http:\/\/www.webtenerife.com\/elblog\/wp-content\/uploads\/2019\/01\/Maraton-de-Tenerife-690x460.jpg\" alt=\"Marat\u00f3n de Tenerife\" width=\"650\" height=\"433\" \/><\/a><\/p>\n<p class=\"p1\"><span class=\"s1\">Einer der bekanntesten Marathons auf internationaler Ebene ist der <a href=\"https:\/\/www.maratondetenerife.com\/ingles\/index.html\" target=\"_blank\" rel=\"noopener\"><span style=\"color: #ff9900;\">Marathon von Santa Cruz de Tenerife<\/span><\/a>. Beim letzten Mal (f\u00fcnfte Ausgabe) kamen 4.000 Teilnehmer aus 60 verschiedenen L\u00e4ndern zusammen. Dieses Stadtrennen f\u00fchrt durch die Stra\u00dfen der Hauptstadt Teneriffas und ist ein gro\u00dfes festliches Ereignis, mit viel Sportsgeist und vor allem guten Wetter. Diese Veranstaltung wird eine der letzten sportlichen Ereignisse des Jahres sein, denn sie findet am 10. November statt.<\/span><\/p>\n<p class=\"p1\"><span class=\"s1\">Aber das war noch nicht alles, es gibt noch mehr! Besucht unsere Website, wenn ihr mehr \u00fcber <a href=\"https:\/\/www.webtenerife.de\/aktivitaten\/sportarten\/land\/kombinationssport\/sportveranstaltungen\/\" target=\"_blank\" rel=\"noopener\"><span style=\"color: #ff9900;\">Sportveranstaltungen auf Teneriffa<\/span><\/a> erfahren m\u00f6chtet.<\/span><\/p>\n","protected":false},"excerpt":{"rendered":"<p>Der Sportkalender von Teneriffa 2019 ist voll mit gro\u00dfen Veranstaltungen und das ist nicht verwunderlich. Denn Spitzensportler wie die Tennisspieler Dominic Thiem oder Karol\u00edna Pl\u00ed\u0161kov\u00e1, beide Top-10 der ATP und WTA, bereiteten sich auf ihre Tourniere f\u00fcr das neue Jahr auf der Insel vor, aber sie waren nicht die einzigen, [&hellip;]<\/p>\n","protected":false},"author":5,"featured_media":1868,"comment_status":"open","ping_status":"open","sticky":false,"template":"","format":"standard","meta":{"footnotes":""},"categories":[146,13,148,1,176,149],"tags":[483,456,484,482,481,424,319,426,295,433],"class_list":["post-1866","post","type-post","status-publish","format-standard","has-post-thumbnail","hentry","category-bike","category-sport","category-surf","category-verschiedenes","category-wandern","category-windsurf","tag-marathon","tag-radfahren-auf-teneriffa","tag-running","tag-sportveranstaltungen-2019","tag-sportveranstaltungen-teneriffa","tag-tenerife-bluetrail","tag-tenerife-walking-festival","tag-trailrunning","tag-webtenerife","tag-windsurf-weltmeisterschaft"],"_links":{"self":[{"href":"https:\/\/www.webtenerife.de\/dasblog\/wp-json\/wp\/v2\/posts\/1866","targetHints":{"allow":["GET"]}}],"collection":[{"href":"https:\/\/www.webtenerife.de\/dasblog\/wp-json\/wp\/v2\/posts"}],"about":[{"href":"https:\/\/www.webtenerife.de\/dasblog\/wp-json\/wp\/v2\/types\/post"}],"author":[{"embeddable":true,"href":"https:\/\/www.webtenerife.de\/dasblog\/wp-json\/wp\/v2\/users\/5"}],"replies":[{"embeddable":true,"href":"https:\/\/www.webtenerife.de\/dasblog\/wp-json\/wp\/v2\/comments?post=1866"}],"version-history":[{"count":5,"href":"https:\/\/www.webtenerife.de\/dasblog\/wp-json\/wp\/v2\/posts\/1866\/revisions"}],"predecessor-version":[{"id":1872,"href":"https:\/\/www.webtenerife.de\/dasblog\/wp-json\/wp\/v2\/posts\/1866\/revisions\/1872"}],"wp:featuredmedia":[{"embeddable":true,"href":"https:\/\/www.webtenerife.de\/dasblog\/wp-json\/wp\/v2\/media\/1868"}],"wp:attachment":[{"href":"https:\/\/www.webtenerife.de\/dasblog\/wp-json\/wp\/v2\/media?parent=1866"}],"wp:term":[{"taxonomy":"category","embeddable":true,"href":"https:\/\/www.webtenerife.de\/dasblog\/wp-json\/wp\/v2\/categories?post=1866"},{"taxonomy":"post_tag","embeddable":true,"href":"https:\/\/www.webtenerife.de\/dasblog\/wp-json\/wp\/v2\/tags?post=1866"}],"curies":[{"name":"wp","href":"https:\/\/api.w.org\/{rel}","templated":true}]}}