{"id":1853,"date":"2018-12-18T13:48:16","date_gmt":"2018-12-18T12:48:16","guid":{"rendered":"https:\/\/www.webtenerife.de\/dasblog\/?p=1853"},"modified":"2018-12-18T13:48:16","modified_gmt":"2018-12-18T12:48:16","slug":"weihnachten-auf-teneriffa-mal-ganz-anders","status":"publish","type":"post","link":"https:\/\/www.webtenerife.de\/dasblog\/2018\/12\/weihnachten-auf-teneriffa-mal-ganz-anders\/","title":{"rendered":"Weihnachten auf Teneriffa, mal ganz anders"},"content":{"rendered":"<p class=\"p1\"><span class=\"s1\">Weihnachten auf Teneriffa ist ganz anders\u2026 Nat\u00fcrlich herrscht eine besondere weihnachtliche Atmosph\u00e4re vor, wobei die Menschen dank des milden und warmen Klimas ganz ohne Frieren durch die Stra\u00dfen schlendern. Begleitet uns auf eine kurze Reise. Denn hier erfahrt ihr alles, was euch in dieser Jahreszeit auf unserer Insel erwartet!<\/span><\/p>\n<h2 class=\"p1\"><span class=\"s1\">Ein Himmel voll mit Weihnachtssternen<\/span><\/h2>\n<p class=\"p1\"><span class=\"s1\">K\u00f6nnt ihr euch vorstellen, Weihnachten auf \u00fcber 3.000 Metern H\u00f6he zu genie\u00dfen? Auf dem <a href=\"https:\/\/www.webtenerife.de\/besucherattraktionen\/teide-nationalpark\/?tab=1\" target=\"_blank\" rel=\"noopener\"><span style=\"color: #ff9900;\">Teide<\/span><\/a> ist es m\u00f6glich. Steigt mit uns in den Sternenhimmel.<\/span><\/p>\n<p><a href=\"http:\/\/www.webtenerife.com\/elblog\/wp-content\/uploads\/2018\/12\/1.jpg\"><img fetchpriority=\"high\" decoding=\"async\" class=\"aligncenter size-large wp-image-3898\" src=\"http:\/\/www.webtenerife.com\/elblog\/wp-content\/uploads\/2018\/12\/1-690x461.jpg\" alt=\"Estrellas Teide\" width=\"650\" height=\"434\" \/><\/a><\/p>\n<p class=\"p1\"><span class=\"s1\">Ob als Familie, als Paar oder auch alleine, ihr k\u00f6nnt euch den perfekten Plan zusammenstellen, um einen der meist besuchten Nationalparks Spaniens in vollen Z\u00fcgen zu genie\u00dfen. M\u00f6chtet ihr den Gipfel ohne Anstrengung erreichen? Dann denkt daran, rechtzeitig euren Platz f\u00fcr die <a href=\"https:\/\/www.webtenerife.de\/besucherattraktionen\/teide-nationalpark\/teide-drahtseilbahn.htm\" target=\"_blank\" rel=\"noopener\"><span style=\"color: #ff9900;\">Teide-Seilbahn<\/span><\/a> zu reservieren. Ihr m\u00f6chtet euch vor Ende des Jahres noch mal selbst herausfordern? Dann schaut euch mal die <a href=\"https:\/\/www.webtenerife.de\/besucherattraktionen\/teide-nationalpark\/ascension+a+la+cumbre.htm\" target=\"_blank\" rel=\"noopener\"><span style=\"color: #ff9900;\">verschiedenen Routen<\/span><\/a>, die zum Gipfel f\u00fchren, an.<\/span><\/p>\n<p><a href=\"http:\/\/www.webtenerife.com\/elblog\/wp-content\/uploads\/2018\/12\/2.jpg\"><img decoding=\"async\" class=\"aligncenter size-large wp-image-3899\" src=\"http:\/\/www.webtenerife.com\/elblog\/wp-content\/uploads\/2018\/12\/2-690x461.jpg\" alt=\"Familia Teide\" width=\"650\" height=\"434\" \/><\/a><\/p>\n<p class=\"p1\"><span class=\"s1\">Wenn ihr euren Urlaub etwas entspannter verbringen wollt, dann k\u00f6nnt ihr eine gef\u00fchrte Tour durch die Einrichtungen des <a href=\"https:\/\/www.webtenerife.de\/uber-teneriffa\/die-insel\/astronomie\/observatorio+del+teide.htm\" target=\"_blank\" rel=\"noopener\"><span style=\"color: #ff9900;\">Teide Observatoriums<\/span><\/a> unternehmen, diese mit astronomischen Beobachtungen in der Nacht kombinieren oder einfach entlang der verschiedenen Natursehensw\u00fcrdigkeiten im Nationalpark spazieren. Egal was ihr bevorzugt, der Teide ist ein Muss, wenn man nach Teneriffa reist!<\/span><\/p>\n<h2 class=\"p1\"><span class=\"s1\">Winter unter Palmen, Weihnachten am Strand<\/span><\/h2>\n<p class=\"p1\"><span class=\"s1\">Eine weitere tolle Option, um Weihnachten in der Natur zu genie\u00dfen, ist euer sch\u00f6nstes Bade-Outfit hervorzukramen und es euch an einem der vielen <a href=\"https:\/\/www.webtenerife.de\/besucherattraktionen\/strande\/?tab=1\" target=\"_blank\" rel=\"noopener\"><span style=\"color: #ff9900;\">Str\u00e4nde von Teneriffa<\/span><\/a> bequem zu machen. F\u00fcr jeden Geschmack ist was dabei: heller Sand, schwarzer Vulkansand, Kieselsteine, Familienstr\u00e4nde, gut besuchte oder einsame Str\u00e4nde&#8230;<\/span><\/p>\n<p><a href=\"http:\/\/www.webtenerife.com\/elblog\/wp-content\/uploads\/2018\/12\/3.jpg\"><img decoding=\"async\" class=\"aligncenter size-large wp-image-3900\" src=\"http:\/\/www.webtenerife.com\/elblog\/wp-content\/uploads\/2018\/12\/3-690x461.jpg\" alt=\"Navidad en Tenerife playa\" width=\"650\" height=\"434\" \/><\/a><\/p>\n<p class=\"p1\"><span class=\"s1\">Bei diesem angenehmen Klima, auch im Dezember, fragt man sich manchmal, ob nicht doch schon Sommer ist. Dennoch kann man eine etwas andere Weihnachtsatmosph\u00e4re genie\u00dfen, die vom Rauschen der Wellen begleitet wird. Ihr solltet auf alle F\u00e4lle lange Strandspazierg\u00e4nge oder K\u00fcstenspazierg\u00e4nge machen, so k\u00f6nnt ihr die Sonne Teneriffas genie\u00dfen und das weihnachtliche Ambiente.<\/span><\/p>\n<h2 class=\"p1\"><span class=\"s1\">Weihnachten in den Stra\u00dfen von Teneriffa: Lichter, Shopping und festliche Atmosph\u00e4re<\/span><\/h2>\n<p class=\"p1\"><span class=\"s1\">Nougats, Marzipan, Krippen&#8230; Weihnachten ist einfach einzigartig! Die festliche Stimmung in den Stra\u00dfen, die umherlaufenden Menschen, die Weihnachtsst\u00e4nde und Weihnachtskirmes, die farbigen Lichter, die jeden Schritt erleuchten\u2026<\/span><\/p>\n<p><a href=\"http:\/\/www.webtenerife.com\/elblog\/wp-content\/uploads\/2018\/12\/4.jpg\"><img loading=\"lazy\" decoding=\"async\" class=\"aligncenter size-large wp-image-3901\" src=\"http:\/\/www.webtenerife.com\/elblog\/wp-content\/uploads\/2018\/12\/4-690x461.jpg\" alt=\"Terraceo amigos\" width=\"650\" height=\"434\" \/><\/a><\/p>\n<p class=\"p1\"><span class=\"s1\">Menschen treffen sich mit Freunden und der Familie, Weihnachtsfeiern&#8230; Wenn ihr die authentische festliche Atmosph\u00e4re von Weihnachten auf Teneriffa erleben m\u00f6chtet, dann empfehlen wir euch, die <a href=\"https:\/\/www.webtenerife.de\/besucherattraktionen\/historische-orte\/?tab=1\" target=\"_blank\" rel=\"noopener\"><span style=\"color: #ff9900;\">St\u00e4dte und historischen Zentren<\/span><\/a> zu besuchen. Einer der emotionalsten und erwartungsvollen Momente f\u00fcr alle Einheimischen der Insel ist das ber\u00fchmte <a href=\"https:\/\/www.webtenerife.de\/veranstaltungskalender\/concierto-de-navidad-2018.htm\" target=\"_blank\" rel=\"noopener\"><span style=\"color: #ff9900;\">Weihnachtskonzert des Symphonie-Orchesters von Teneriffa<\/span><\/a>, das immer am 25. Dezember in Santa Cruz de Tenerife stattfindet.<\/span><\/p>\n<p class=\"p1\"><span class=\"s1\">Oh! Und vergesst nicht, euch die <a href=\"https:\/\/www.webtenerife.de\/veranstaltungskalender\/exposiciones-de-belenes-navide%C3%B1os.htm\" target=\"_blank\" rel=\"noopener\"><span style=\"color: #ff9900;\">Krippen und traditionellen Weihnachtsdarbietungen<\/span><\/a> anzuschauen. Handwerker, Weber und typische Figuren der Kultur Teneriffas sind in den Krippen zu sehen, die von Nachbargemeinschaften, Institutionen oder Einzelpersonen mit viel Enthusiasmus und Engagement kreiert wurden.<\/span><\/p>\n<h2 class=\"p1\"><span class=\"s1\">Weihnachten auf Teneriffa &#8211; ein unvergessliches Erlebnis<\/span><\/h2>\n<p class=\"p1\"><span class=\"s1\">Was auch immer euer Plan f\u00fcr dieses Weihnachtsfest auf der Insel ist, wir versichern euch, dass es eine unvergessliche Feier wird, die immer <a href=\"https:\/\/www.webtenerife.de\/\" target=\"_blank\" rel=\"noopener\"><span style=\"color: #ff9900;\">in eurer Erinnerung bleibt<\/span><\/a>. Frohe Weihnachten!<\/span><\/p>\n","protected":false},"excerpt":{"rendered":"<p>Weihnachten auf Teneriffa ist ganz anders\u2026 Nat\u00fcrlich herrscht eine besondere weihnachtliche Atmosph\u00e4re vor, wobei die Menschen dank des milden und warmen Klimas ganz ohne Frieren durch die Stra\u00dfen schlendern. Begleitet uns auf eine kurze Reise. Denn hier erfahrt ihr alles, was euch in dieser Jahreszeit auf unserer Insel erwartet! Ein [&hellip;]<\/p>\n","protected":false},"author":5,"featured_media":0,"comment_status":"open","ping_status":"open","sticky":false,"template":"","format":"standard","meta":{"footnotes":""},"categories":[1],"tags":[476,295,478,267,477],"class_list":["post-1853","post","type-post","status-publish","format-standard","hentry","category-verschiedenes","tag-krippen","tag-webtenerife","tag-weihnachten-auf-dem-teide","tag-weihnachten-auf-teneriffa","tag-weihnachtskonzert"],"_links":{"self":[{"href":"https:\/\/www.webtenerife.de\/dasblog\/wp-json\/wp\/v2\/posts\/1853","targetHints":{"allow":["GET"]}}],"collection":[{"href":"https:\/\/www.webtenerife.de\/dasblog\/wp-json\/wp\/v2\/posts"}],"about":[{"href":"https:\/\/www.webtenerife.de\/dasblog\/wp-json\/wp\/v2\/types\/post"}],"author":[{"embeddable":true,"href":"https:\/\/www.webtenerife.de\/dasblog\/wp-json\/wp\/v2\/users\/5"}],"replies":[{"embeddable":true,"href":"https:\/\/www.webtenerife.de\/dasblog\/wp-json\/wp\/v2\/comments?post=1853"}],"version-history":[{"count":2,"href":"https:\/\/www.webtenerife.de\/dasblog\/wp-json\/wp\/v2\/posts\/1853\/revisions"}],"predecessor-version":[{"id":1856,"href":"https:\/\/www.webtenerife.de\/dasblog\/wp-json\/wp\/v2\/posts\/1853\/revisions\/1856"}],"wp:attachment":[{"href":"https:\/\/www.webtenerife.de\/dasblog\/wp-json\/wp\/v2\/media?parent=1853"}],"wp:term":[{"taxonomy":"category","embeddable":true,"href":"https:\/\/www.webtenerife.de\/dasblog\/wp-json\/wp\/v2\/categories?post=1853"},{"taxonomy":"post_tag","embeddable":true,"href":"https:\/\/www.webtenerife.de\/dasblog\/wp-json\/wp\/v2\/tags?post=1853"}],"curies":[{"name":"wp","href":"https:\/\/api.w.org\/{rel}","templated":true}]}}