{"id":1789,"date":"2018-08-25T13:14:11","date_gmt":"2018-08-25T12:14:11","guid":{"rendered":"https:\/\/www.webtenerife.de\/dasblog\/?p=1789"},"modified":"2018-08-25T13:14:11","modified_gmt":"2018-08-25T12:14:11","slug":"windsurf-weltmeisterschaft-pwa-world-cup-2018-in-el-medano","status":"publish","type":"post","link":"https:\/\/www.webtenerife.de\/dasblog\/2018\/08\/windsurf-weltmeisterschaft-pwa-world-cup-2018-in-el-medano\/","title":{"rendered":"Windsurf-Weltmeisterschaft, PWA World Cup 2018, in El M\u00e9dano"},"content":{"rendered":"<p class=\"p1\"><span class=\"s1\">Diesen Sommer haben sich wieder Elite-Wassersportler am Strand von <a href=\"https:\/\/www.webtenerife.de\/besucherattraktionen\/strande\/el+medano.htm\" target=\"_blank\" rel=\"noopener\"><span style=\"color: #ff9900;\">El M\u00e9dano<\/span><\/a> im S\u00fcden Teneriffas versammelt. Vom 5. bis 11. August und schon das achte Jahr in Folge fand die <a href=\"https:\/\/www.facebook.com\/Tenerifeworldcup\/\" target=\"_blank\" rel=\"noopener\"><span style=\"color: #ff9900;\">PWA Windsurf-Weltmeisterschaft<\/span> <\/a>in der Kategorie \u201eWellen\u201c statt. Insgesamt nahmen mehr als 70 Menschen aus \u00fcber 18 verschiedenen L\u00e4ndern teil: 48 M\u00e4nner, 19 Frauen und 17 Nachwuchstalente in der Kategorie Junior &#8211; alles Athleten, die diesen anspruchsvollen Wassersport mit viel Liebe und Leidenschaft aus\u00fcben.<\/span><\/p>\n<p><a href=\"http:\/\/www.webtenerife.com\/elblog\/wp-content\/uploads\/2018\/08\/37689285_1733740133361113_5217762713425412096_n.jpg\"><img fetchpriority=\"high\" decoding=\"async\" class=\"aligncenter wp-image-3775\" src=\"http:\/\/www.webtenerife.com\/elblog\/wp-content\/uploads\/2018\/08\/37689285_1733740133361113_5217762713425412096_n.jpg\" alt=\"\" width=\"317\" height=\"448\" \/><\/a><\/p>\n<h2>Windsurf-Weltmeisterschaft in El M\u00e9dano<\/h2>\n<p class=\"p1\"><span class=\"s1\">Der K\u00fcstenort El Medano war diesen Monat voller Leben, denn Hunderte von Menschen kamen zusammen, um das Spektakel zu beobachten. Die Stadtr\u00e4tin f\u00fcr Tourismus, Maria Candelaria Rodriguez, sagte, dass El Medano \u201ezu den besten Gebieten f\u00fcr Wassersport dieser Art z\u00e4hlt\u201c und das haben die teilnehmenden M\u00e4nner und Frauen beim Wettkampf mit ihren atemberaubenden Spr\u00fcngen bewiesen. El M\u00e9dano und die Gegend <a href=\"https:\/\/www.webtenerife.de\/besucherattraktionen\/strande\/playa+de+el+cabezo.htm\" target=\"_blank\" rel=\"noopener\"><span style=\"color: #ff9900;\">El Cabezo<\/span><\/a> waren schon immer Treffpunkt f\u00fcr diese Sportart angesichts der L\u00e4nge des Strandes und dem konstant starken Wind &#8211; eben ein Paradies zum <a href=\"https:\/\/www.webtenerife.de\/aktivitaten\/sportarten\/wasser\/windsurfen\/?tab=1\" target=\"_blank\" rel=\"noopener\"><span style=\"color: #ff9900;\">Windsurfen<\/span><\/a>! Dar\u00fcber hinaus ist es ein wunderbarer Ort, um die typische kanarische K\u00fcche zu genie\u00dfen, mit frischem Fisch und Meeresfr\u00fcchten. Teneriffa beheimatet hervorragende Str\u00e4nde f\u00fcr Windsurfer, wie <a href=\"https:\/\/www.webtenerife.de\/uber-teneriffa\/die-insel\/tourismusgebiete\/tenerife-sur.htm\" target=\"_blank\" rel=\"noopener\"><span style=\"color: #ff9900;\">Playa de las Am\u00e9ricas<\/span><\/a> und <a href=\"https:\/\/www.webtenerife.de\/besucherattraktionen\/strande\/la+tejita.htm\" target=\"_blank\" rel=\"noopener\"><span style=\"color: #ff9900;\">La Tejita<\/span><\/a>.<\/span><\/p>\n<p><img decoding=\"async\" class=\"aligncenter wp-image-3776\" src=\"http:\/\/www.webtenerife.com\/elblog\/wp-content\/uploads\/2018\/08\/38461416_1754669087934884_1540043777626865664_o.jpg\" alt=\"\" width=\"586\" height=\"390\" \/><\/p>\n<p class=\"p1\"><span class=\"s1\">Die Weltmeisterschaft im Windsurfen, der PWA World Cup, in El Medano wurde vom B\u00fcrgermeister, Jos\u00e9 Domingo Regalado, dem Leiter des Sport-Clubs und Veranstalter, Daniel Bruch, dem stellvertretenden Minister f\u00fcr Tourismus der Regierung der Kanaren (Gobierno de Canarias), Cristobal de la Rosa, dem stellvertretenden Pr\u00e4sident und Berater f\u00fcr Tourismus der Inselregierung von Teneriffa (Cabildo Insular de Tenerife), Alberto Bernab\u00e9, und der Stadtr\u00e4tin f\u00fcr Tourismus, Mar\u00eda Candelaria Rodriguez, vorgestellt.<\/span><\/p>\n<p><a href=\"http:\/\/www.webtenerife.com\/elblog\/wp-content\/uploads\/2018\/08\/Mundial-Windsurf-2018.jpg\"><img decoding=\"async\" class=\"aligncenter wp-image-3782\" src=\"http:\/\/www.webtenerife.com\/elblog\/wp-content\/uploads\/2018\/08\/Mundial-Windsurf-2018.jpg\" alt=\"\" width=\"693\" height=\"462\" \/><\/a><\/p>\n<p class=\"p1\"><span class=\"s1\">Die Er\u00f6ffnung der Veranstaltung fand am 5. August mit einer rhythmischen Parade von Bloko del Valle statt. Unter Applaus und Zurufen der \u00d6ffentlichkeit pr\u00e4sentierten sich die Teilnehmer mit den Flaggen, der von ihnen vertretenen L\u00e4nder.<\/span><\/p>\n<p><a href=\"http:\/\/www.webtenerife.com\/elblog\/wp-content\/uploads\/2018\/08\/foto459.jpg\"><img loading=\"lazy\" decoding=\"async\" class=\"aligncenter wp-image-3781\" src=\"http:\/\/www.webtenerife.com\/elblog\/wp-content\/uploads\/2018\/08\/foto459.jpg\" alt=\"\" width=\"612\" height=\"408\" \/><\/a><\/p>\n<h2 class=\"p1\"><span class=\"s1\">Adrenalin und Spannung bis zum Ende<\/span><\/h2>\n<p class=\"p1\"><span class=\"s1\">Die J\u00fcngsten waren die Ersten, die am Montagnachmittag am Wettbewerb teilnahmen. Im ersten Durchgang traten Mar\u00eda Morales (M\u00e9dano) und Alexia Kiefer Quintana (Gran Canaria) an. Alexia gewann nur um ein Haar. In der maskulinen Sub13 boten Tobias Bjorna (D\u00e4nemark) und Carlos Kiefer (Gran Canaria) ihre Spr\u00fcnge dar; Tobias schlug Carlos. In der Sub17 traten Julia Pascuale (Pozo Izquierdo), Mar de Arce S\u00e1nchez und Alexia Kiefer gegeneinander an, Julia wurde Erste, Alexia Zweite und Mar Dritte. Die maskuline Sub17 wurden in zwei Durchl\u00e4ufen ausgetragen. Beim ersten Durchlauf gewann der Japaner Takuma, der zweite Platz ging an Jose Casanova und der dritte an Adri\u00e1n. Beim zweiten Durchlauf belegte Marino Pascuale aus Gran Canaria den ersten Platz vor Mike Friedl und Aaron Leonard, der sich den dritten Platz errang. In der Sub20 konkurrierten Tessa Nikki Coraline und Julia Pascuale, wobei Julia sich den ersten Platz erk\u00e4mpfte.<\/span><\/p>\n<p><a href=\"http:\/\/www.webtenerife.com\/elblog\/wp-content\/uploads\/2018\/08\/38837030_1761222213946238_501188113251434496_o.jpg\"><img loading=\"lazy\" decoding=\"async\" class=\"aligncenter wp-image-3777\" src=\"http:\/\/www.webtenerife.com\/elblog\/wp-content\/uploads\/2018\/08\/38837030_1761222213946238_501188113251434496_o.jpg\" alt=\"\" width=\"620\" height=\"413\" \/><\/a><\/p>\n<p class=\"p1\"><span class=\"s1\">Die beiden Finals der einfachen Qualifikation waren wirklich aufregend. Iballa Ruano und V\u00edctor Fern\u00e1ndez wurden jeweils in der Damen- und Herrenkategorie mit dem ersten Platz gekr\u00f6nt. Bei den Damen wurde Sarah-Quita Offringa, nach Iballa Ruano, Zweite, Daida Ruano und Sniady positionierten sich auf dem dritten und vierten Platz. Bei den Herren qualifizierte sich Lewis mit einem wunderbaren zweiten Platz und die Pl\u00e4tze drei und vier belegten jeweils Campello und Stone. Der Vorjahressieger, Philip K\u00f6ster, \u00fcberraschte mit seinem Ausscheiden, da er Campello nicht \u00fcbertreffen konnte. Dennoch hat er uns einige unglaubliche Erinnerungen hinterlassen. Die riesigen Wellen und Spr\u00fcnge boten dem Publikum in El Cabezo wirklich ein gewaltiges Spektakel.<\/span><\/p>\n<p><a href=\"http:\/\/www.webtenerife.com\/elblog\/wp-content\/uploads\/2018\/08\/foto225.jpg\"><img loading=\"lazy\" decoding=\"async\" class=\"aligncenter wp-image-3780\" src=\"http:\/\/www.webtenerife.com\/elblog\/wp-content\/uploads\/2018\/08\/foto225.jpg\" alt=\"\" width=\"602\" height=\"415\" \/><\/a><\/p>\n<p class=\"p1\"><span class=\"s1\">Herzlichen Gl\u00fcckwunsch an die Gewinner und nat\u00fcrlich an alle Teilnehmer, Organisatoren und Mitarbeiter. Bis die Weltmeisterschaft im n\u00e4chsten Jahr wieder stattfindet, machen wir mit dem Windsurfen in der Zwischenzeit einfach weiter oder probieren andere <a href=\"https:\/\/www.webtenerife.de\/aktivitaten\/sportarten\/?tab=1\" target=\"_blank\" rel=\"noopener\"><span style=\"color: #ff9900;\">Sportarten<\/span><\/a> aus. Denn hier im S\u00fcden Teneriffas kann man das ganze Jahr \u00fcber die Sonne, den Strand, das Wasser, den Wind und die Wellen genie\u00dfen. Bis n\u00e4chstes Jahr!<\/span><\/p>\n","protected":false},"excerpt":{"rendered":"<p>Diesen Sommer haben sich wieder Elite-Wassersportler am Strand von El M\u00e9dano im S\u00fcden Teneriffas versammelt. Vom 5. bis 11. August und schon das achte Jahr in Folge fand die PWA Windsurf-Weltmeisterschaft in der Kategorie \u201eWellen\u201c statt. Insgesamt nahmen mehr als 70 Menschen aus \u00fcber 18 verschiedenen L\u00e4ndern teil: 48 M\u00e4nner, [&hellip;]<\/p>\n","protected":false},"author":5,"featured_media":1792,"comment_status":"open","ping_status":"open","sticky":false,"template":"","format":"standard","meta":{"footnotes":""},"categories":[13,1,149],"tags":[435,434,437,436,393,360,361,295,433,357],"class_list":["post-1789","post","type-post","status-publish","format-standard","has-post-thumbnail","hentry","category-sport","category-verschiedenes","category-windsurf","tag-el-cabezo","tag-el-medano","tag-granadilla-de-abona","tag-playa-el-cabezo","tag-playa-el-medano","tag-pwa-world-cup","tag-wassersport","tag-webtenerife","tag-windsurf-weltmeisterschaft","tag-windsurfen"],"_links":{"self":[{"href":"https:\/\/www.webtenerife.de\/dasblog\/wp-json\/wp\/v2\/posts\/1789","targetHints":{"allow":["GET"]}}],"collection":[{"href":"https:\/\/www.webtenerife.de\/dasblog\/wp-json\/wp\/v2\/posts"}],"about":[{"href":"https:\/\/www.webtenerife.de\/dasblog\/wp-json\/wp\/v2\/types\/post"}],"author":[{"embeddable":true,"href":"https:\/\/www.webtenerife.de\/dasblog\/wp-json\/wp\/v2\/users\/5"}],"replies":[{"embeddable":true,"href":"https:\/\/www.webtenerife.de\/dasblog\/wp-json\/wp\/v2\/comments?post=1789"}],"version-history":[{"count":3,"href":"https:\/\/www.webtenerife.de\/dasblog\/wp-json\/wp\/v2\/posts\/1789\/revisions"}],"predecessor-version":[{"id":1793,"href":"https:\/\/www.webtenerife.de\/dasblog\/wp-json\/wp\/v2\/posts\/1789\/revisions\/1793"}],"wp:featuredmedia":[{"embeddable":true,"href":"https:\/\/www.webtenerife.de\/dasblog\/wp-json\/wp\/v2\/media\/1792"}],"wp:attachment":[{"href":"https:\/\/www.webtenerife.de\/dasblog\/wp-json\/wp\/v2\/media?parent=1789"}],"wp:term":[{"taxonomy":"category","embeddable":true,"href":"https:\/\/www.webtenerife.de\/dasblog\/wp-json\/wp\/v2\/categories?post=1789"},{"taxonomy":"post_tag","embeddable":true,"href":"https:\/\/www.webtenerife.de\/dasblog\/wp-json\/wp\/v2\/tags?post=1789"}],"curies":[{"name":"wp","href":"https:\/\/api.w.org\/{rel}","templated":true}]}}