{"id":1751,"date":"2018-07-29T14:47:28","date_gmt":"2018-07-29T13:47:28","guid":{"rendered":"https:\/\/www.webtenerife.de\/dasblog\/?p=1751"},"modified":"2018-07-29T14:47:28","modified_gmt":"2018-07-29T13:47:28","slug":"sportveranstaltungen-auf-teneriffa-was-wir-erlebt-haben-und-was-noch-kommen-wird","status":"publish","type":"post","link":"https:\/\/www.webtenerife.de\/dasblog\/2018\/07\/sportveranstaltungen-auf-teneriffa-was-wir-erlebt-haben-und-was-noch-kommen-wird\/","title":{"rendered":"Sportveranstaltungen auf Teneriffa, was wir erlebt haben und was noch kommen wird"},"content":{"rendered":"<p class=\"p1\"><span class=\"s1\">Teneriffa ist eine &#8222;Sportskanone&#8220; durch und durch. Das gesamte Jahr \u00fcber finden Sportveranstaltungen jeglicher Art statt. Von herausfordernden Bergrennen bis zu Triathlons, die all eure k\u00f6rperlichen F\u00e4higkeiten testen. Wir haben k\u00fcrzlich drei besonders wichtige Veranstaltungen erlebt: <a href=\"http:\/\/www.tenerifewalkingfestival.com\/de\/\" target=\"_blank\" rel=\"noopener\"><span style=\"color: #ff9900;\">Tenerife Walking Festival<\/span><\/a>,<a href=\"https:\/\/www.webtenerife.de\/veranstaltungskalender\/las-am%C3%A9ricas-pro.htm\" target=\"_blank\" rel=\"noopener\"><span style=\"color: #ff9900;\"> Las Americas Pro<\/span><\/a> und <a href=\"https:\/\/www.webtenerife.de\/aktivitaten\/sportarten\/land\/kombinationssport\/sportveranstaltungen\/tenerife-bluetrail.htm\" target=\"_blank\" rel=\"noopener\"><span style=\"color: #ff9900;\">Tenerife Bluetrail<\/span><\/a>, aber nat\u00fcrlich werden immer noch gro\u00dfe Sportevents kommen, wie ihr in diesem Blogbeitrag lesen k\u00f6nnt.<\/span><\/p>\n<h2 class=\"p1\"><span class=\"s1\">Tenerife Walking Festival 2018<\/span><\/h2>\n<p class=\"p1\"><span class=\"s1\">Das Tenerife Walking Festival ist das ideale internationale Wanderevent, bei dem man die wundersch\u00f6nen Landschaften Teneriffas zu Fu\u00df entdecken kann. Fast 200 Wanderer aus 14 Nationen trafen sich dieses Jahr in Puerto de la Cruz. Die K\u00fcstenstadt im Norden diente als Basislager, um die 20 Wanderwege des Festivals zu erkunden.<\/span><\/p>\n<p><a href=\"http:\/\/www.webtenerife.com\/elblog\/wp-content\/uploads\/2018\/06\/1.jpg\"><img fetchpriority=\"high\" decoding=\"async\" class=\"aligncenter size-full wp-image-3733\" src=\"http:\/\/www.webtenerife.com\/elblog\/wp-content\/uploads\/2018\/06\/1.jpg\" alt=\"Evento Senderismo Tenerife\" width=\"1600\" height=\"1200\" \/><\/a><\/p>\n<p class=\"p1\"><span class=\"s1\">Wanderwege durch Vulkan-, K\u00fcsten- und Waldlandschaften erm\u00f6glichten es, Teneriffa auf eine einzigartige Weise kennenzulernen. Zudem wurden zahlreiche Konferenzen und Zusatzaktivit\u00e4ten geboten. Einer der H\u00f6hepunkte der Veranstaltung war die Abschiedsfeier auf der Plaza de Europa, wo das perfekte Finale der Veranstaltung mit Musik und lokaler K\u00fcche stattfand.<\/span><\/p>\n<p><a href=\"http:\/\/www.webtenerife.com\/elblog\/wp-content\/uploads\/2018\/06\/2.jpg\"><img decoding=\"async\" class=\"aligncenter size-full wp-image-3734\" src=\"http:\/\/www.webtenerife.com\/elblog\/wp-content\/uploads\/2018\/06\/2.jpg\" alt=\"TWF Senderismo Tenerife\" width=\"1600\" height=\"1200\" \/><\/a><\/p>\n<p class=\"p1\"><span class=\"s1\">Wenn ihr dieses Jahr verpasst habt, kein Problem. Das <a href=\"http:\/\/www.tenerifewalkingfestival.com\/de\/\" target=\"_blank\" rel=\"noopener\"><span style=\"color: #ff9900;\">Tenerife Walking Festival wird 2019<\/span><\/a>, voraussichtlich im Mai, wieder stattfinden und wieder werden Wanderfreunde aus der ganzen Welt zusammenkommen, um die Landschaft, die Kontraste und die Kultur unserer Insel kennenzulernen.<\/span><\/p>\n<h2 class=\"p1\"><span class=\"s1\">Las Americas Pro, die besten Surfer auf Teneriffa<\/span><\/h2>\n<p><a href=\"http:\/\/www.webtenerife.com\/elblog\/wp-content\/uploads\/2018\/06\/3.jpg\"><img decoding=\"async\" class=\"aligncenter size-full wp-image-3735\" src=\"http:\/\/www.webtenerife.com\/elblog\/wp-content\/uploads\/2018\/06\/3.jpg\" alt=\"Surf Tenerife Campeonato\" width=\"1296\" height=\"729\" \/><\/a><\/p>\n<p class=\"p1\"><span class=\"s1\">Zu Beginn des Jahres konnten wir den weltbesten Surfern der World Surf League (WSL) in Arona zu sehen. F\u00fcnf Tage lang fanden Wettbewerbe mit Surfern aus aller Welt am bekanntesten Surfspot der Insel &#8222;La izquierda de Las Palmeras&#8220; statt. Ruben Vitoria Basken und die australische Mikaela Greene z\u00e4hlten zu den Siegen. Sogar im Siam Park wurde auf der <a href=\"https:\/\/www.webtenerife.de\/aktivitaten\/freizeit\/freizeitparks\/siam-park.htm\" target=\"_blank\" rel=\"noopener\"><span style=\"color: #ff9900;\">weltweit gr\u00f6\u00dften k\u00fcnstlichen Welle<\/span><\/a> eine kleine <a href=\"https:\/\/www.youtube.com\/watch?v=VXCL1Emuo2Y\" target=\"_blank\" rel=\"noopener\"><span style=\"color: #ff9900;\">Kostprobe ihres Surfk\u00f6nnens<\/span><\/a> gegeben.<\/span><\/p>\n<h2 class=\"p1\"><span class=\"s1\">Tenerife Bluetrail 2018<\/span><\/h2>\n<p class=\"p1\"><span class=\"s1\">Vom Sandstrand Playa Fa\u00f1ab\u00e9 bis zum Vulkan Teide, Teneriffa von S\u00fcden nach Norden \u00fcberqueren. Das ist die Ultra Tenerife Bluetrail, das h\u00f6chste Bergrennen in Spanien und das zweith\u00f6chste in Europa. Insgesamt sind es 102 Kilometer L\u00e4nge und 3.555 Meter H\u00f6henunterschied.<\/span><\/p>\n<p><a href=\"http:\/\/www.webtenerife.com\/elblog\/wp-content\/uploads\/2018\/06\/4.jpg\"><img loading=\"lazy\" decoding=\"async\" class=\"aligncenter wp-image-3736 size-full\" src=\"http:\/\/www.webtenerife.com\/elblog\/wp-content\/uploads\/2018\/06\/4.jpg\" alt=\"Trailrunning Evento deportivo Tenerife\" width=\"1184\" height=\"792\" \/><\/a><\/p>\n<p class=\"p1\"><span class=\"s1\">Bis zu 2.400 L\u00e4ufer aus 38 verschiedenen L\u00e4ndern haben dieses Jahr an der Veranstaltung teilgenommen, aufgeteilt auf verschiedene Modalit\u00e4ten: Ultra, Trail, Marathon, Media und Challenge. Unter den L\u00e4ufern war die S\u00fcdamerikanerin Lorena Ramirez. Sie setzte einen globalen Meilenstein, denn sie lief das Ultra-Rennen in ihrer landestypischen Tracht und ihren \u201eHuaraches\u201c, eine traditionelle Sandale aus ihrem Dorf Tarahumara.<\/span><\/p>\n<p><a href=\"http:\/\/www.webtenerife.com\/elblog\/wp-content\/uploads\/2018\/06\/5.jpg\"><img loading=\"lazy\" decoding=\"async\" class=\"aligncenter wp-image-3737 size-full\" src=\"http:\/\/www.webtenerife.com\/elblog\/wp-content\/uploads\/2018\/06\/5.jpg\" alt=\"Ganadores Tenerifebluetrail 2018, Evento Deportivo Tenerife\" width=\"1200\" height=\"798\" \/><\/a><\/p>\n<p class=\"p1\"><span class=\"s1\">Yeray Dur\u00e1n aus Gran Canaria, zusammen mit der kantabrischen Azara Garc\u00eda, waren die ersten, die das Ziel in der m\u00e4nnlichen und weiblichen Kategorie erreichten. Auf dem Podium folgten Senga Sherpa und Nadezna Surmonina auf dem zweiten Platz und Antonio Gonz\u00e1lez und Bernadette Benson auf dem dritten Platz. Die n\u00e4chste Cajamar Tenerife Bluetrail wird am 8. Juni 2019 stattfinden und die Anmeldung wird am 1. September beginnen. <a href=\"https:\/\/www.tenerifebluetrail.com\/de\" target=\"_blank\" rel=\"noopener\"><span style=\"color: #ff9900;\">Schreibt euch rechtzeitig ein!<\/span><\/a><\/span><\/p>\n<p class=\"p1\"><span class=\"s1\">Dies waren die drei gro\u00dfen Ereignisse des Jahres , aber wir hatten und haben noch mehr zu bieten:<\/span><\/p>\n<h2 class=\"p1\"><span class=\"s1\">Infinity Xtreme 2018<\/span><\/h2>\n<p><a href=\"http:\/\/www.webtenerife.com\/elblog\/wp-content\/uploads\/2018\/06\/6.jpg\"><img loading=\"lazy\" decoding=\"async\" class=\"aligncenter size-full wp-image-3738\" src=\"http:\/\/www.webtenerife.com\/elblog\/wp-content\/uploads\/2018\/06\/6.jpg\" alt=\"Carrera obst\u00e1culos Tenerife\" width=\"960\" height=\"371\" \/><\/a><\/p>\n<p class=\"p1\"><span class=\"s1\">Dieser Wettkampf ist richtig lustig, aber auch anstrengend! Man muss nat\u00fcrliche und k\u00fcnstliche Hindernisse \u00fcberwinden, was eine gute k\u00f6rperliche Verfassung voraussetzt. Es gibt auch Teilnehmer, die sich als Superhelden mit Superkr\u00e4ften verkleiden.\u00a0<\/span><span class=\"s1\">Dieses Jahr fand am 14. Juli das 10-j\u00e4hrige Jubil\u00e4um statt.<\/span><\/p>\n<h2 class=\"p1\"><span class=\"s1\">PWA El M\u00e9dano, Windsurfen erobert Teneriffa<\/span><\/h2>\n<p><a href=\"http:\/\/www.webtenerife.com\/elblog\/wp-content\/uploads\/2018\/06\/7.jpg\"><img loading=\"lazy\" decoding=\"async\" class=\"aligncenter size-full wp-image-3739\" src=\"http:\/\/www.webtenerife.com\/elblog\/wp-content\/uploads\/2018\/06\/7.jpg\" alt=\"Windsurf Tenerife\" width=\"1024\" height=\"683\" \/><\/a><\/p>\n<p class=\"p1\"><span class=\"s1\">Die Passatwinde, die an den Str\u00e4nden von El M\u00e9dano wehen, sind ein Magnet f\u00fcr <a href=\"https:\/\/www.webtenerife.de\/aktivitaten\/sportarten\/wasser\/windsurfen\/?tab=1\" target=\"_blank\" rel=\"noopener\"><span style=\"color: #ff9900;\">Windsurfer aus der ganzen Welt<\/span><\/a>. Zwischen dem 5. und 11. August besuchen sie Teneriffa, um an der PWA World Tour teilzunehmen. <a href=\"https:\/\/www.instagram.com\/p\/BYJFNAph_mM\/?taken-by=pwatenerife\" target=\"_blank\" rel=\"noopener\"><span style=\"color: #ff9900;\">Spektakul\u00e4re Spr\u00fcnge<\/span><\/a> werden euch bei einer der gr\u00f6\u00dften Wassersportveranstaltungen Teneriffas erwarten.<\/span><\/p>\n<h2 class=\"p1\"><span class=\"s1\">Internationaler Marathon von Santa Cruz<\/span><\/h2>\n<p><a href=\"http:\/\/www.webtenerife.com\/elblog\/wp-content\/uploads\/2018\/06\/8.jpg\"><img loading=\"lazy\" decoding=\"async\" class=\"aligncenter size-full wp-image-3740\" src=\"http:\/\/www.webtenerife.com\/elblog\/wp-content\/uploads\/2018\/06\/8.jpg\" alt=\"Marat\u00f3n Tenerife \" width=\"960\" height=\"370\" \/><\/a><\/p>\n<p class=\"p1\"><span class=\"s1\">Es ist eines der internationalsten Sportereignisse in der Hauptstadt der Insel. Im Jahr 2017 nahmen mehr als 3.500 L\u00e4ufer mit 55 verschiedenen Nationalit\u00e4ten teil, um die drei Rennen zu bestreiten: 8 km Volkslauf, Halbmarathon mit 21 km und der K\u00f6nigslauf mit 42 km. Dieses Jahr wird der Marathon am 11. November stattfinden und bis zum 4. November k\u00f6nnt ihr euch <a href=\"https:\/\/tenerifemaraton.trackingsport.com\/events\/modalidades.xhtml\" target=\"_blank\" rel=\"noopener\"><span style=\"color: #ff9900;\">online registrieren<\/span><\/a>.<\/span><\/p>\n<h2 class=\"p1\"><span class=\"s1\">Santa Cruz Extreme<\/span><\/h2>\n<p><a href=\"http:\/\/www.webtenerife.com\/elblog\/wp-content\/uploads\/2018\/06\/9.jpg\"><img loading=\"lazy\" decoding=\"async\" class=\"aligncenter size-full wp-image-3741\" src=\"http:\/\/www.webtenerife.com\/elblog\/wp-content\/uploads\/2018\/06\/9.jpg\" alt=\"Trail Tenerife\" width=\"960\" height=\"371\" \/><\/a><\/p>\n<p class=\"p1\"><span class=\"s1\">An einem der spektakul\u00e4rsten Orte Teneriffas, dem Anaga-Gebirge, wird die Santa Cruz Extreme ausgetragen. Es ist ein 49,2 km langer Wettlauf, der durch Orte wie <a href=\"https:\/\/www.webtenerife.de\/besucherattraktionen\/strande\/playa-benijo.htm\" target=\"_blank\" rel=\"noopener\"><span style=\"color: #ff9900;\">Benijo<\/span><\/a> oder <a href=\"https:\/\/www.webtenerife.de\/besucherattraktionen\/dorfer-und-weiler\/taganana.htm\" target=\"_blank\" rel=\"noopener\"><span style=\"color: #ff9900;\">Taganana<\/span><\/a> f\u00fchrt. Am 21. Oktober findet die Santa Cruz Extreme statt und ihr k\u00f6nnt euch noch <a href=\"http:\/\/festivalsantacruzextreme.com\/inscripcion-2-2\/\" target=\"_blank\" rel=\"noopener\"><span style=\"color: #ff9900;\">bis zum 15. Oktober anmelden<\/span><\/a>.<\/span><\/p>\n<h2 class=\"p1\"><span class=\"s1\">K42 Anaga-Marathon<\/span><\/h2>\n<p><a href=\"http:\/\/www.webtenerife.com\/elblog\/wp-content\/uploads\/2018\/06\/10.jpg\"><img loading=\"lazy\" decoding=\"async\" class=\"aligncenter size-full wp-image-3742\" src=\"http:\/\/www.webtenerife.com\/elblog\/wp-content\/uploads\/2018\/06\/10.jpg\" alt=\"Marat\u00f3n monta\u00f1a Tenerife\" width=\"960\" height=\"371\" \/><\/a><\/p>\n<p class=\"p1\"><span class=\"s1\">Eines der letzten Ereignisse des Jahres ist der K42 Anaga Marathon, der am Wochenende vom 8. und 9. Dezember stattfindet. Dieser Marathon f\u00fchrt auch durch das Anaga-Gebirge, wobei die Startlinie San Crist\u00f3bal de La Laguna sein wird. Entlang f\u00fchrt die Route durch Orte wie Punta del Hidalgo oder Las Mercedes. <a href=\"http:\/\/www.k42canarias.com\/index.php\/inscripciones-3\" target=\"_blank\" rel=\"noopener\"><span style=\"color: #ff9900;\">Registrieren<\/span><\/a> k\u00f6nnt ihr euch hier bis zum 30. November.<\/span><\/p>\n<p class=\"p1\"><span class=\"s1\">Und welche Sportveranstaltung interessiert euch? Ob Leistungssport oder einfach nur einen aktiven Urlaub, <a href=\"https:\/\/www.webtenerife.de\/aktivitaten\/sportarten\/?tab=1\" target=\"_blank\" rel=\"noopener\"><span style=\"color: #ff9900;\">entdeckt alles<\/span><\/a>, was ihr auf Teneriffa erleben k\u00f6nnt.<\/span><\/p>\n","protected":false},"excerpt":{"rendered":"<p>Teneriffa ist eine &#8222;Sportskanone&#8220; durch und durch. Das gesamte Jahr \u00fcber finden Sportveranstaltungen jeglicher Art statt. Von herausfordernden Bergrennen bis zu Triathlons, die all eure k\u00f6rperlichen F\u00e4higkeiten testen. Wir haben k\u00fcrzlich drei besonders wichtige Veranstaltungen erlebt: Tenerife Walking Festival, Las Americas Pro und Tenerife Bluetrail, aber nat\u00fcrlich werden immer noch [&hellip;]<\/p>\n","protected":false},"author":5,"featured_media":1755,"comment_status":"open","ping_status":"open","sticky":false,"template":"","format":"standard","meta":{"footnotes":""},"categories":[1],"tags":[269,425,424,319,426,295,357],"class_list":["post-1751","post","type-post","status-publish","format-standard","has-post-thumbnail","hentry","category-verschiedenes","tag-sport-auf-teneriffa","tag-surfen","tag-tenerife-bluetrail","tag-tenerife-walking-festival","tag-trailrunning","tag-webtenerife","tag-windsurfen"],"_links":{"self":[{"href":"https:\/\/www.webtenerife.de\/dasblog\/wp-json\/wp\/v2\/posts\/1751","targetHints":{"allow":["GET"]}}],"collection":[{"href":"https:\/\/www.webtenerife.de\/dasblog\/wp-json\/wp\/v2\/posts"}],"about":[{"href":"https:\/\/www.webtenerife.de\/dasblog\/wp-json\/wp\/v2\/types\/post"}],"author":[{"embeddable":true,"href":"https:\/\/www.webtenerife.de\/dasblog\/wp-json\/wp\/v2\/users\/5"}],"replies":[{"embeddable":true,"href":"https:\/\/www.webtenerife.de\/dasblog\/wp-json\/wp\/v2\/comments?post=1751"}],"version-history":[{"count":3,"href":"https:\/\/www.webtenerife.de\/dasblog\/wp-json\/wp\/v2\/posts\/1751\/revisions"}],"predecessor-version":[{"id":1754,"href":"https:\/\/www.webtenerife.de\/dasblog\/wp-json\/wp\/v2\/posts\/1751\/revisions\/1754"}],"wp:featuredmedia":[{"embeddable":true,"href":"https:\/\/www.webtenerife.de\/dasblog\/wp-json\/wp\/v2\/media\/1755"}],"wp:attachment":[{"href":"https:\/\/www.webtenerife.de\/dasblog\/wp-json\/wp\/v2\/media?parent=1751"}],"wp:term":[{"taxonomy":"category","embeddable":true,"href":"https:\/\/www.webtenerife.de\/dasblog\/wp-json\/wp\/v2\/categories?post=1751"},{"taxonomy":"post_tag","embeddable":true,"href":"https:\/\/www.webtenerife.de\/dasblog\/wp-json\/wp\/v2\/tags?post=1751"}],"curies":[{"name":"wp","href":"https:\/\/api.w.org\/{rel}","templated":true}]}}