{"id":1723,"date":"2018-05-20T16:35:02","date_gmt":"2018-05-20T15:35:02","guid":{"rendered":"https:\/\/www.webtenerife.de\/dasblog\/?p=1723"},"modified":"2018-05-20T16:41:27","modified_gmt":"2018-05-20T15:41:27","slug":"mai-monat-der-romerias-und-wallfahrten-auf-teneriffa","status":"publish","type":"post","link":"https:\/\/www.webtenerife.de\/dasblog\/2018\/05\/mai-monat-der-romerias-und-wallfahrten-auf-teneriffa\/","title":{"rendered":"Mai &#8211; Monat der Romer\u00edas (Wallfahrten) auf Teneriffa"},"content":{"rendered":"<p class=\"p1\"><span class=\"s1\">Fr\u00f6hliche Menschen zum Klang der Musik, Karren und St\u00e4nde voll mit traditionellem Essen, farbenfrohe handgewebte Kleider&#8230; Zweifellos ihr seid auf einer <span style=\"color: #ff9900;\"><a style=\"color: #ff9900;\" href=\"https:\/\/www.webtenerife.de\/aktivitaten\/kultur\/romerias\/?_ga=2.203836563.264609761.1526828884-1769011282.1526828884\" target=\"_blank\" rel=\"noopener\">Romer\u00eda<\/a><\/span>!<\/span><\/p>\n<p><a href=\"https:\/\/www.webtenerife.de\/dasblog\/2018\/05\/mai-monat-der-romerias-und-wallfahrten-auf-teneriffa\/1-1\/\" rel=\"attachment wp-att-1724\"><img fetchpriority=\"high\" decoding=\"async\" class=\"aligncenter size-large wp-image-1724\" src=\"https:\/\/www.webtenerife.de\/dasblog\/wp-content\/uploads\/2018\/05\/1-1-690x461.jpg\" alt=\"\" width=\"650\" height=\"434\" srcset=\"https:\/\/www.webtenerife.de\/dasblog\/wp-content\/uploads\/2018\/05\/1-1-690x461.jpg 690w, https:\/\/www.webtenerife.de\/dasblog\/wp-content\/uploads\/2018\/05\/1-1-300x200.jpg 300w, https:\/\/www.webtenerife.de\/dasblog\/wp-content\/uploads\/2018\/05\/1-1-768x513.jpg 768w, https:\/\/www.webtenerife.de\/dasblog\/wp-content\/uploads\/2018\/05\/1-1-82x55.jpg 82w, https:\/\/www.webtenerife.de\/dasblog\/wp-content\/uploads\/2018\/05\/1-1-75x50.jpg 75w, https:\/\/www.webtenerife.de\/dasblog\/wp-content\/uploads\/2018\/05\/1-1.jpg 1296w\" sizes=\"(max-width: 650px) 100vw, 650px\" \/><\/a><\/p>\n<h2 class=\"p1\"><span class=\"s1\">Wallfahrten, Feste und Traditionen<\/span><\/h2>\n<p class=\"p1\"><span class=\"s1\">Die Wallfahrten oder Pilgerfahrten, auf Spanisch Romer\u00eda, unserer Insel sind der traditionellste Ausdruck von Freude, Feier und Kultur. Auf Teneriffa gibt es abwechselnd Feste, von denen viele seit Jahrzehnten stattfinden. Jede Gemeinde hat ihre eigene Veranstaltung, in der \u00fcblicherweise der Heilige oder der Patron geehrt wird. Dies wird begleitet von Tausenden von Gl\u00e4ubigen zum Rhythmus von Ch\u00e1caras und Timples, den traditionellen Instrumenten der <span style=\"color: #ff9900;\"><a style=\"color: #ff9900;\" href=\"https:\/\/www.webtenerife.de\/aktivitaten\/kultur\/?_ga=2.203836563.264609761.1526828884-1769011282.1526828884\" target=\"_blank\" rel=\"noopener\">kanarischen Folklore<\/a><\/span>.<\/span><\/p>\n<p><a href=\"https:\/\/www.webtenerife.de\/dasblog\/2018\/05\/mai-monat-der-romerias-und-wallfahrten-auf-teneriffa\/2-1\/\" rel=\"attachment wp-att-1725\"><img decoding=\"async\" class=\"aligncenter size-large wp-image-1725\" src=\"https:\/\/www.webtenerife.de\/dasblog\/wp-content\/uploads\/2018\/05\/2-1-690x459.jpg\" alt=\"\" width=\"650\" height=\"432\" srcset=\"https:\/\/www.webtenerife.de\/dasblog\/wp-content\/uploads\/2018\/05\/2-1-690x459.jpg 690w, https:\/\/www.webtenerife.de\/dasblog\/wp-content\/uploads\/2018\/05\/2-1-300x200.jpg 300w, https:\/\/www.webtenerife.de\/dasblog\/wp-content\/uploads\/2018\/05\/2-1-768x511.jpg 768w, https:\/\/www.webtenerife.de\/dasblog\/wp-content\/uploads\/2018\/05\/2-1-83x55.jpg 83w, https:\/\/www.webtenerife.de\/dasblog\/wp-content\/uploads\/2018\/05\/2-1-75x50.jpg 75w, https:\/\/www.webtenerife.de\/dasblog\/wp-content\/uploads\/2018\/05\/2-1.jpg 1142w\" sizes=\"(max-width: 650px) 100vw, 650px\" \/><\/a><\/p>\n<p class=\"p1\"><span class=\"s1\">Die Einheimischen sind stolz ihre T\u00e4nze, Zeremonien und verschiedenen Traditionen zu zeigen und dabei ist jeder herzlich eingeladen. Jeder kann mitmachen, werdet Teil der Pilgerfahrten, erlebt die Kultur und Geschichte hautnah und probiert die lokale K\u00fcche auf der Romer\u00eda.<\/span><\/p>\n<h2 class=\"p1\"><span class=\"s1\">Eine Gelegenheit, die Gastronomie von Teneriffa kennenzulernen<\/span><\/h2>\n<p class=\"p1\"><span class=\"s1\">Wenn ihr zu denen geh\u00f6rt, die gerne mit den allen Sinnen reisen, werden die Aromen von Teneriffa euch sicherlich nicht entt\u00e4uschen. Vielleicht habt ihr auch schon von <span style=\"color: #ff9900;\"><a style=\"color: #ff9900;\" href=\"https:\/\/www.webtenerife.de\/uber-teneriffa\/gastronomie\/produkte\/rezepte\/mojo+colorado+y+pic%C3%93n.htm?_ga=2.203836563.264609761.1526828884-1769011282.1526828884\" target=\"_blank\" rel=\"noopener\">Mojo<\/a><\/span> geh\u00f6rt, einer traditionellen milden oder pikanten So\u00dfe, die eine andere Speise unserer K\u00fcche begleitet: die <span style=\"color: #ff9900;\"><a style=\"color: #ff9900;\" href=\"https:\/\/www.webtenerife.de\/uber-teneriffa\/gastronomie\/produkte\/rezepte\/papas+arrugadas.htm?_ga=2.203836563.264609761.1526828884-1769011282.1526828884\" target=\"_blank\" rel=\"noopener\">Runzelkartoffel<\/a><\/span> (in Salzwasser gekochte Kartoffeln mit Schale). Bestimmt habt ihr auch schon von <span style=\"color: #ff9900;\"><a style=\"color: #ff9900;\" href=\"https:\/\/www.webtenerife.de\/uber-teneriffa\/gastronomie\/produkte\/el+gofio.htm?_ga=2.203836563.264609761.1526828884-1769011282.1526828884\" target=\"_blank\" rel=\"noopener\">Gofio<\/a><\/span> oder unserem leckeren Ziegenk\u00e4se und Honig geh\u00f6rt, unentbehrlich f\u00fcr jede Wallfahrt.<\/span><\/p>\n<p class=\"p1\"><span class=\"s1\">Sicher ist jedenfalls, dass euer Gaumen auf den Wallfahrten nicht zu kurz kommt. Ochsenkarren, dekoriert mit Erzeugnissen und Motiven des jeweiligen Ortes, sind gef\u00fcllt mit K\u00f6stlichkeiten und lokalem Wein. Beim Zubereiten und Servieren des Fleisches, Fisch und anderen Leckereien singen die Menschen fr\u00f6hlich. Also, es ist fast unm\u00f6glich, an einer Wallfahrt mit leerem Magen mitzumachen!<\/span><\/p>\n<p><a href=\"https:\/\/www.webtenerife.de\/dasblog\/2018\/05\/mai-monat-der-romerias-und-wallfahrten-auf-teneriffa\/3-1\/\" rel=\"attachment wp-att-1726\"><img decoding=\"async\" class=\"aligncenter size-large wp-image-1726\" src=\"https:\/\/www.webtenerife.de\/dasblog\/wp-content\/uploads\/2018\/05\/3-1-690x461.jpg\" alt=\"\" width=\"650\" height=\"434\" srcset=\"https:\/\/www.webtenerife.de\/dasblog\/wp-content\/uploads\/2018\/05\/3-1-690x461.jpg 690w, https:\/\/www.webtenerife.de\/dasblog\/wp-content\/uploads\/2018\/05\/3-1-300x200.jpg 300w, https:\/\/www.webtenerife.de\/dasblog\/wp-content\/uploads\/2018\/05\/3-1-768x513.jpg 768w, https:\/\/www.webtenerife.de\/dasblog\/wp-content\/uploads\/2018\/05\/3-1-82x55.jpg 82w, https:\/\/www.webtenerife.de\/dasblog\/wp-content\/uploads\/2018\/05\/3-1-75x50.jpg 75w, https:\/\/www.webtenerife.de\/dasblog\/wp-content\/uploads\/2018\/05\/3-1.jpg 1296w\" sizes=\"(max-width: 650px) 100vw, 650px\" \/><\/a><\/p>\n<h2 class=\"p1\"><span class=\"s1\">Mai, ein Monat voller Pilgerfahrten auf Teneriffa<\/span><\/h2>\n<p class=\"p1\"><span class=\"s1\">Mai und August sind in der Regel die Monate mit den meisten Romer\u00edas auf Teneriffa; speziell im Monat Mai wird viel gefeiert. Im Prinzip finden \u00fcberall auf der Insel Pilgerfahrten statt. Es wird immer zu Ehren von verschiedenen Heiligen, aber am h\u00e4ufigsten zu Ehren von San Isidro und Santa Mar\u00eda de la Cabeza, gefeiert.<\/span><\/p>\n<p class=\"p1\"><span class=\"s1\">Das Haus der Balkone, die Casa de los Balcones, hat einen <span style=\"color: #ff9900;\"><a style=\"color: #ff9900;\" href=\"http:\/\/casa-balcones.com\/2018\/01\/05\/guia-de-romerias-2018\/\" target=\"_blank\" rel=\"noopener\">Kalender<\/a><\/span> (in dem Fall auf Spanisch) mit allen Feiern vorbereitet, damit ihr schon mal planen k\u00f6nnt und bei eurer Ankunft auf Teneriffa direkt in unsere Kultur eintaucht.<\/span><\/p>\n<p><a href=\"https:\/\/www.webtenerife.de\/dasblog\/2018\/05\/mai-monat-der-romerias-und-wallfahrten-auf-teneriffa\/4-1\/\" rel=\"attachment wp-att-1727\"><img loading=\"lazy\" decoding=\"async\" class=\"aligncenter size-large wp-image-1727\" src=\"https:\/\/www.webtenerife.de\/dasblog\/wp-content\/uploads\/2018\/05\/4-1-690x461.jpg\" alt=\"\" width=\"650\" height=\"434\" srcset=\"https:\/\/www.webtenerife.de\/dasblog\/wp-content\/uploads\/2018\/05\/4-1-690x461.jpg 690w, https:\/\/www.webtenerife.de\/dasblog\/wp-content\/uploads\/2018\/05\/4-1-300x200.jpg 300w, https:\/\/www.webtenerife.de\/dasblog\/wp-content\/uploads\/2018\/05\/4-1-768x513.jpg 768w, https:\/\/www.webtenerife.de\/dasblog\/wp-content\/uploads\/2018\/05\/4-1-82x55.jpg 82w, https:\/\/www.webtenerife.de\/dasblog\/wp-content\/uploads\/2018\/05\/4-1-75x50.jpg 75w, https:\/\/www.webtenerife.de\/dasblog\/wp-content\/uploads\/2018\/05\/4-1.jpg 1296w\" sizes=\"(max-width: 650px) 100vw, 650px\" \/><\/a><\/p>\n<h2 class=\"p1\"><span class=\"s1\">Baile de Mago, ein traditionelles Tanzfest auf Teneriffa<\/span><\/h2>\n<p class=\"p1\"><span class=\"s1\">Zusammen mit den Romer\u00edas wird auch oft der \u201eBaile de Mago\u201c, ein anderes Volksfest, gefeiert. Auch dieses Fest wird von der lokalen Gastronomie und Kanarischer Musik gepr\u00e4gt. Der Name \u201eMago\u201c (Magier) bezieht sich auf die Bauern, denn diese wurden fr\u00fcher \u00fcblicherweise Magos genannt. Die Bauern kamen zusammen und bildeten traditionelle Folkloregruppen, wie es sie heute noch gibt.<\/span><\/p>\n<p class=\"p1\"><span class=\"s1\">Hunderte von Menschen ziehen ihre Kost\u00fcme an, um zu tanzen und zu feiern, einer der H\u00f6hepunkte der Feierlichkeiten der Gemeinden. Wenn ihr unsere <span style=\"color: #ff9900;\"><a style=\"color: #ff9900;\" href=\"https:\/\/www.webtenerife.de\/aktivitaten\/kultur\/traditionen\/?_ga=2.166096829.264609761.1526828884-1769011282.1526828884\" target=\"_blank\" rel=\"noopener\">Kultur und Traditionen<\/a><\/span> kennenlernen und euch unter die Einheimischen mischen wollt, ist der Monat Mai perfekt daf\u00fcr, aber keine Sorge, das gesamte Jahr \u00fcber finden Volksfeste statt.<\/span><\/p>\n","protected":false},"excerpt":{"rendered":"<p>Fr\u00f6hliche Menschen zum Klang der Musik, Karren und St\u00e4nde voll mit traditionellem Essen, farbenfrohe handgewebte Kleider&#8230; Zweifellos ihr seid auf einer Romer\u00eda! Wallfahrten, Feste und Traditionen Die Wallfahrten oder Pilgerfahrten, auf Spanisch Romer\u00eda, unserer Insel sind der traditionellste Ausdruck von Freude, Feier und Kultur. Auf Teneriffa gibt es abwechselnd Feste, [&hellip;]<\/p>\n","protected":false},"author":5,"featured_media":1724,"comment_status":"open","ping_status":"open","sticky":false,"template":"","format":"standard","meta":{"footnotes":""},"categories":[34,85,1],"tags":[410,411,412,413,295],"class_list":["post-1723","post","type-post","status-publish","format-standard","has-post-thumbnail","hentry","category-kultur","category-tradition","category-verschiedenes","tag-folklore","tag-romeria","tag-traditionen","tag-volksfeste","tag-webtenerife"],"_links":{"self":[{"href":"https:\/\/www.webtenerife.de\/dasblog\/wp-json\/wp\/v2\/posts\/1723","targetHints":{"allow":["GET"]}}],"collection":[{"href":"https:\/\/www.webtenerife.de\/dasblog\/wp-json\/wp\/v2\/posts"}],"about":[{"href":"https:\/\/www.webtenerife.de\/dasblog\/wp-json\/wp\/v2\/types\/post"}],"author":[{"embeddable":true,"href":"https:\/\/www.webtenerife.de\/dasblog\/wp-json\/wp\/v2\/users\/5"}],"replies":[{"embeddable":true,"href":"https:\/\/www.webtenerife.de\/dasblog\/wp-json\/wp\/v2\/comments?post=1723"}],"version-history":[{"count":6,"href":"https:\/\/www.webtenerife.de\/dasblog\/wp-json\/wp\/v2\/posts\/1723\/revisions"}],"predecessor-version":[{"id":1733,"href":"https:\/\/www.webtenerife.de\/dasblog\/wp-json\/wp\/v2\/posts\/1723\/revisions\/1733"}],"wp:featuredmedia":[{"embeddable":true,"href":"https:\/\/www.webtenerife.de\/dasblog\/wp-json\/wp\/v2\/media\/1724"}],"wp:attachment":[{"href":"https:\/\/www.webtenerife.de\/dasblog\/wp-json\/wp\/v2\/media?parent=1723"}],"wp:term":[{"taxonomy":"category","embeddable":true,"href":"https:\/\/www.webtenerife.de\/dasblog\/wp-json\/wp\/v2\/categories?post=1723"},{"taxonomy":"post_tag","embeddable":true,"href":"https:\/\/www.webtenerife.de\/dasblog\/wp-json\/wp\/v2\/tags?post=1723"}],"curies":[{"name":"wp","href":"https:\/\/api.w.org\/{rel}","templated":true}]}}