{"id":1711,"date":"2018-05-07T20:24:54","date_gmt":"2018-05-07T19:24:54","guid":{"rendered":"https:\/\/www.webtenerife.de\/dasblog\/?p=1711"},"modified":"2018-05-07T20:27:34","modified_gmt":"2018-05-07T19:27:34","slug":"mueca-2018-strassenkunst-in-puerto-de-la-cruz","status":"publish","type":"post","link":"https:\/\/www.webtenerife.de\/dasblog\/2018\/05\/mueca-2018-strassenkunst-in-puerto-de-la-cruz\/","title":{"rendered":"Mueca 2018 &#8211; Stra\u00dfenkunst in Puerto de la Cruz"},"content":{"rendered":"<p class=\"p1\"><span class=\"s1\">Menschen eilen durch die Stra\u00dfen. Was ist los? Ihr h\u00f6rt Gel\u00e4chter, Applaus und staunende Zurufe der Faszination\u2026 Ah, eine Veranstaltung! Aber nicht irgendeine\u2026 Puerto de la Cruz feiert das <span style=\"color: #ff9900;\"><a style=\"color: #ff9900;\" href=\"https:\/\/www.webtenerife.de\/veranstaltungskalender\/mueca-2018.htm\" target=\"_blank\" rel=\"noopener\">Internationale Stra\u00dfenkunst-Festival Mueca<\/a><\/span>!<\/span><\/p>\n<h2 class=\"p1\"><span class=\"s1\">Auch 2018 findet das Internationale Stra\u00dfenkunst-Festival Mueca wieder statt<\/span><\/h2>\n<p class=\"p1\"><span class=\"s1\">Vom 10. bis 13. Mai werden bis zu 60 K\u00fcnstler in <span style=\"color: #ff9900;\"><a style=\"color: #ff9900;\" href=\"https:\/\/www.webtenerife.de\/uber-teneriffa\/die-insel\/gemeinden\/puerto-cruz\/?tab=1\" target=\"_blank\" rel=\"noopener\">Puerto de la Cruz<\/a> <\/span>auftreten, um die historische K\u00fcstenstadt im Norden von Teneriffa in eine gro\u00dfe B\u00fchne zu verwandeln. Musik, Commedy, Theater, Zirkus und viele andere Disziplinen erwarten euch in der gesamten Stadt. M\u00f6glicherweise habt ihr jetzt ein paar Fragen. Wie komme ich zu Mueca? Wo sind denn all die B\u00fchnen? Wie ist das Programm? Lasst sie uns mal kl\u00e4ren!<\/span><\/p>\n<p><a href=\"https:\/\/www.webtenerife.de\/dasblog\/2018\/05\/mueca-2018-strassenkunst-in-puerto-de-la-cruz\/attachment\/1\/\" rel=\"attachment wp-att-1712\"><img fetchpriority=\"high\" decoding=\"async\" class=\"aligncenter size-large wp-image-1712\" src=\"https:\/\/www.webtenerife.de\/dasblog\/wp-content\/uploads\/2018\/05\/1-690x460.jpg\" alt=\"\" width=\"650\" height=\"433\" srcset=\"https:\/\/www.webtenerife.de\/dasblog\/wp-content\/uploads\/2018\/05\/1-690x460.jpg 690w, https:\/\/www.webtenerife.de\/dasblog\/wp-content\/uploads\/2018\/05\/1-300x200.jpg 300w, https:\/\/www.webtenerife.de\/dasblog\/wp-content\/uploads\/2018\/05\/1-768x512.jpg 768w, https:\/\/www.webtenerife.de\/dasblog\/wp-content\/uploads\/2018\/05\/1-83x55.jpg 83w, https:\/\/www.webtenerife.de\/dasblog\/wp-content\/uploads\/2018\/05\/1-75x50.jpg 75w, https:\/\/www.webtenerife.de\/dasblog\/wp-content\/uploads\/2018\/05\/1.jpg 1297w\" sizes=\"(max-width: 650px) 100vw, 650px\" \/><\/a><\/p>\n<h2 class=\"p1\"><span class=\"s1\">Was ist Mueca&#8230; Mueca seid ihr!<\/span><\/h2>\n<p class=\"p1\"><span class=\"s1\">Mueca hei\u00dft auf Deutsch Grimasse und ist viel mehr als eine internationale Veranstaltung. Mueca ist eine Bewegung und Initiative der gesamten Stadt, die sich darauf freut, all die internationalen K\u00fcnstler begr\u00fc\u00dfen zu k\u00f6nnen.<\/span><\/p>\n<p class=\"p1\"><span class=\"s1\">Von Jongleuren, Akrobaten, Kom\u00f6dianten bis hin zu Avantgarde-Musikern ist alles dabei. Auch f\u00fcr Familien mit Kindern werden viele Shows und innovative Veranstaltungen geboten. Mueca ist f\u00fcr alle da!<\/span><\/p>\n<p><a href=\"https:\/\/www.webtenerife.de\/dasblog\/2018\/05\/mueca-2018-strassenkunst-in-puerto-de-la-cruz\/attachment\/2\/\" rel=\"attachment wp-att-1713\"><img decoding=\"async\" class=\"aligncenter size-large wp-image-1713\" src=\"https:\/\/www.webtenerife.de\/dasblog\/wp-content\/uploads\/2018\/05\/2-690x460.jpg\" alt=\"\" width=\"650\" height=\"433\" srcset=\"https:\/\/www.webtenerife.de\/dasblog\/wp-content\/uploads\/2018\/05\/2-690x460.jpg 690w, https:\/\/www.webtenerife.de\/dasblog\/wp-content\/uploads\/2018\/05\/2-300x200.jpg 300w, https:\/\/www.webtenerife.de\/dasblog\/wp-content\/uploads\/2018\/05\/2-768x512.jpg 768w, https:\/\/www.webtenerife.de\/dasblog\/wp-content\/uploads\/2018\/05\/2-83x55.jpg 83w, https:\/\/www.webtenerife.de\/dasblog\/wp-content\/uploads\/2018\/05\/2-75x50.jpg 75w, https:\/\/www.webtenerife.de\/dasblog\/wp-content\/uploads\/2018\/05\/2.jpg 1297w\" sizes=\"(max-width: 650px) 100vw, 650px\" \/><\/a><\/p>\n<h2 class=\"p1\"><span class=\"s1\">Wo ist Mueca?<\/span><\/h2>\n<p class=\"p1\"><span class=\"s1\">Wie schon erw\u00e4hnt, das Festival Mueca wird wie jedes Jahr in Puerto de la Cruz, in der herrlichen K\u00fcstenstadt im Norden von Teneriffa, stattfinden. Das historische Zentrum verschmilzt mit modernen Projekten wie Puerto Street Art, welches die Stadt in ein gro\u00dfes Freilichtmuseum verwandelt.<\/span><\/p>\n<h2 class=\"p1\"><span class=\"s1\">Wie kommt man am Besten nach Puerto de la Cruz zu Mueca?<\/span><\/h2>\n<p class=\"p1\"><span class=\"s1\">Ihr habt mehrere M\u00f6glichkeiten zum Festival Mueca zu kommen:<\/span><\/p>\n<p class=\"p1\"><span class=\"s1\"><strong>Mit \u00f6ffentlichen Verkehrsmitteln:<\/strong> Die Busse (guaguas) von Titsa sind ideal, wenn ihr nicht in Puerto de la Cruz Urlaub macht und nicht Auto fahren wollt, somit erspart ihr euch auch die Parkplatzsuche. Ihr k\u00f6nnt direkt auf der <a href=\"http:\/\/www.titsa.com\/index.php\/en\/\" target=\"_blank\" rel=\"noopener\"><span style=\"color: #ff9900;\">Webseite<\/span><\/a> schauen, welches die richtigen Buslinien sind, um problemlos nach Puerto de la Cruz zu gelangen.<\/span><\/p>\n<p class=\"p1\"><span class=\"s1\"><strong>Mit dem Taxi:<\/strong> Die Firma Servitaxi kann euch direkt von eurem Hotel oder eurer Unterkunft ins Stadtzentrum bringen. Es ist die bequemste Art und Weise, da ihr direkt da abgeholt werdet, wo ihr wollt.<\/span><\/p>\n<p><a href=\"https:\/\/www.webtenerife.de\/dasblog\/2018\/05\/mueca-2018-strassenkunst-in-puerto-de-la-cruz\/attachment\/3\/\" rel=\"attachment wp-att-1714\"><img decoding=\"async\" class=\"aligncenter size-large wp-image-1714\" src=\"https:\/\/www.webtenerife.de\/dasblog\/wp-content\/uploads\/2018\/05\/3-690x459.jpg\" alt=\"\" width=\"650\" height=\"432\" srcset=\"https:\/\/www.webtenerife.de\/dasblog\/wp-content\/uploads\/2018\/05\/3-690x459.jpg 690w, https:\/\/www.webtenerife.de\/dasblog\/wp-content\/uploads\/2018\/05\/3-300x200.jpg 300w, https:\/\/www.webtenerife.de\/dasblog\/wp-content\/uploads\/2018\/05\/3-768x511.jpg 768w, https:\/\/www.webtenerife.de\/dasblog\/wp-content\/uploads\/2018\/05\/3-83x55.jpg 83w, https:\/\/www.webtenerife.de\/dasblog\/wp-content\/uploads\/2018\/05\/3-75x50.jpg 75w, https:\/\/www.webtenerife.de\/dasblog\/wp-content\/uploads\/2018\/05\/3.jpg 1299w\" sizes=\"(max-width: 650px) 100vw, 650px\" \/><\/a><\/p>\n<p class=\"p1\"><span class=\"s1\"><strong>Mit dem Auto:<\/strong> Parken im Stadtzentrum wird nicht einfach werden. Von daher ist es ratsam einen Parkplatz in der N\u00e4he zu suchen, um dann zu Fu oder per Taxi ins Zentrum zu fahren. Wir empfehlen diese drei (kostenfrei): <span style=\"color: #ff9900;\"><a style=\"color: #ff9900;\" href=\"https:\/\/www.google.es\/maps\/place\/28%C2%B024'31.1%22N+16%C2%B033'18.7%22W\/@28.4086373,-16.572704,5280m\/data=!3m2!1e3!4b1!4m6!3m5!1s0x0:0x0!7e2!8m2!3d28.4086265!4d-16.5551862\" target=\"_blank\" rel=\"noopener\">Centro Salud<\/a><\/span>, <span style=\"color: #ff9900;\"><a style=\"color: #ff9900;\" href=\"https:\/\/www.google.es\/maps\/place\/28%C2%B024'22.7%22N+16%C2%B032'13.2%22W\/@28.4063237,-16.5457548,2640m\/data=!3m2!1e3!4b1!4m14!1m7!3m6!1s0xc6a7ff795573f41:0xe606b2a89c9f666e!2sAvenida+los+Cachazos,+38400+Puerto+de+la+Cruz,+Santa+Cruz+de+Tenerife!3b1!8m2!3d28.4054355!4d-16.5378523!3m5!1s0x0:0x0!7e2!8m2!3d28.4063169!4d-16.5370088\" target=\"_blank\" rel=\"noopener\">Los Cachazos<\/a><\/span> und <span style=\"color: #ff9900;\"><a style=\"color: #ff9900;\" href=\"https:\/\/www.google.es\/maps\/place\/28%C2%B024'56.7%22N+16%C2%B031'45.8%22W\/@28.4157681,-16.5381437,2640m\/data=!3m2!1e3!4b1!4m14!1m7!3m6!1s0xc6a7ff795573f41:0xe606b2a89c9f666e!2sAvenida+los+Cachazos,+38400+Puerto+de+la+Cruz,+Santa+Cruz+de+Tenerife!3b1!8m2!3d28.4054355!4d-16.5378523!3m5!1s0x0:0x0!7e2!8m2!3d28.4157431!4d-16.5294006\" target=\"_blank\" rel=\"noopener\">La Paz<\/a><\/span>. Ihr k\u00f6nnt auch ins Parkhaus (kostenpflichtig) fahren. In dem Fall empfehlen wir euch <span style=\"color: #ff9900;\"><a style=\"color: #ff9900;\" href=\"https:\/\/www.google.es\/maps\/place\/28%C2%B024'55.5%22N+16%C2%B032'37.1%22W\/@28.4154348,-16.5523937,15z\/data=!3m1!4b1!4m13!1m6!3m5!1s0x0:0x270e4d484947eb50!2sCentro+Comercial+Pir%C3%A1mides+de+Martianez!8m2!3d28.415307!4d-16.542894!3m5!1s0x0:0x0!7e2!8m2!3d28.4154028!4d-16.5436396\" target=\"_blank\" rel=\"noopener\">Centro Comercial Marti\u00e1nez<\/a><\/span> und <span style=\"color: #ff9900;\"><a style=\"color: #ff9900;\" href=\"https:\/\/www.google.es\/maps\/place\/28%C2%B025'04.7%22N+16%C2%B032'55.6%22W\/@28.4179706,-16.5662874,5280m\/data=!3m2!1e3!4b1!4m6!3m5!1s0x0:0x0!7e2!8m2!3d28.4179709!4d-16.5487628\" target=\"_blank\" rel=\"noopener\">Plaza de Europa<\/a><\/span>.<\/span><\/p>\n<p class=\"p1\"><span class=\"s1\">Da Mueca auch ein umweltfreundliches Festival ist, empfehlen wir euch, ein Fahrzeug mit Freunden und Bekannten zu teilen.<\/span><\/p>\n<h2 class=\"p1\"><span class=\"s1\">Wo findet was statt bei Mueca?<\/span><\/h2>\n<p class=\"p1\"><span class=\"s1\">Im Mueca-Programm k\u00f6nnt ihr auf einen Blick sehen, wo die <span style=\"color: #ff9900;\"><a style=\"color: #ff9900;\" href=\"http:\/\/www.festivalmueca.com\/archivos\/diptico-mueca2018.pdf\" target=\"_blank\" rel=\"noopener\">wichtigsten B\u00fchnen (El Pe\u00f1\u00f3n, Plaza Europa, Muelle und Nicko) und Auff\u00fchrungen<\/a><\/span> sein werden. Es gibt auch thematisierte Stra\u00dfen. Wir erkl\u00e4ren euch, was es damit auf sich hat:<\/span><\/p>\n<p class=\"p1\"><span class=\"s1\"><strong>Calle de la Palabra, die Stra\u00dfe des Wortes (<span style=\"color: #ff9900;\"><a style=\"color: #ff9900;\" href=\"https:\/\/www.google.es\/maps\/place\/Calle+la+Hoya,+38400+Puerto+de+la+Cruz,+Santa+Cruz+de+Tenerife\/@28.4168888,-16.5484914,622m\/data=!3m1!1e3!4m5!3m4!1s0xc6a7f8d44d646cf:0xd44cc15d024f1a17!8m2!3d28.4168888!4d-16.5462859\" target=\"_blank\" rel=\"noopener\">Calle La Hoya<\/a><\/span>):<\/strong> Hier sind Geschichtenerz\u00e4hler die Hauptprotagonisten.<\/span><\/p>\n<p class=\"p1\"><span class=\"s1\"><strong>Calle del Ingenio, die Stra\u00dfe des Witzes (<span style=\"color: #ff9900;\"><a style=\"color: #ff9900;\" href=\"https:\/\/www.google.es\/maps\/place\/Calle+San+Juan,+38400+Puerto+de+la+Cruz,+Santa+Cruz+de+Tenerife\/@28.4160566,-16.5512965,505m\/data=!3m2!1e3!4b1!4m5!3m4!1s0xc6a7f9320e04941:0x25ab00828d94c23f!8m2!3d28.4160566!4d-16.5496207\" target=\"_blank\" rel=\"noopener\">Calle San Juan<\/a><\/span>):<\/strong> Hier hat die ganze Familie viel Spa\u00df und wird zu den Vorstellungen von Clowns, Zauberern und Musikparaden herzlich lachen k\u00f6nnen.<\/span><\/p>\n<p class=\"p1\"><span class=\"s1\"><strong>Calle de la M\u00fasica, die Stra\u00dfe der Musik (<span style=\"color: #ff9900;\"><a style=\"color: #ff9900;\" href=\"https:\/\/www.google.es\/maps\/place\/Calle+de+San+Telmo,+38400+Puerto+de+la+Cruz,+Santa+Cruz+de+Tenerife\/@28.4173159,-16.548316,505m\/data=!3m2!1e3!4b1!4m5!3m4!1s0xc6a7f8d62665b93:0x47a5d25d2dd7de3a!8m2!3d28.4173159!4d-16.5466402\" target=\"_blank\" rel=\"noopener\">Paseo de San Telmo und Punta del Viento<\/a><\/span>):<\/strong> Zwei B\u00fchnen, in San Telmo und Punta del Viento, werden euch das beste an Live-Musik bieten: Ska, Rock, Pop, Klassik&#8230;<\/span><\/p>\n<p><a href=\"https:\/\/www.webtenerife.de\/dasblog\/2018\/05\/mueca-2018-strassenkunst-in-puerto-de-la-cruz\/attachment\/4\/\" rel=\"attachment wp-att-1715\"><img loading=\"lazy\" decoding=\"async\" class=\"aligncenter size-large wp-image-1715\" src=\"https:\/\/www.webtenerife.de\/dasblog\/wp-content\/uploads\/2018\/05\/4-690x459.jpg\" alt=\"\" width=\"650\" height=\"432\" srcset=\"https:\/\/www.webtenerife.de\/dasblog\/wp-content\/uploads\/2018\/05\/4-690x459.jpg 690w, https:\/\/www.webtenerife.de\/dasblog\/wp-content\/uploads\/2018\/05\/4-300x200.jpg 300w, https:\/\/www.webtenerife.de\/dasblog\/wp-content\/uploads\/2018\/05\/4-768x511.jpg 768w, https:\/\/www.webtenerife.de\/dasblog\/wp-content\/uploads\/2018\/05\/4-83x55.jpg 83w, https:\/\/www.webtenerife.de\/dasblog\/wp-content\/uploads\/2018\/05\/4-75x50.jpg 75w, https:\/\/www.webtenerife.de\/dasblog\/wp-content\/uploads\/2018\/05\/4.jpg 1299w\" sizes=\"(max-width: 650px) 100vw, 650px\" \/><\/a><\/p>\n<p class=\"p1\"><span class=\"s1\"><strong>Calle del Movimiento, die Stra\u00dfe der Bewegung (<span style=\"color: #ff9900;\"><a style=\"color: #ff9900;\" href=\"https:\/\/www.google.es\/maps\/place\/Calle+Quintana,+38400+Puerto+de+la+Cruz,+Santa+Cruz+de+Tenerife\/@28.4169927,-16.5508871,505m\/data=!3m2!1e3!4b1!4m5!3m4!1s0xc6a7f92e509bfc9:0x157e4414d9928578!8m2!3d28.4169927!4d-16.5492113\" target=\"_blank\" rel=\"noopener\">Calle Quintana und Plaza de la Iglesia<\/a><\/span>):<\/strong> Liebhaber von Tanz und Bewegung als eine Methode des K\u00f6rperausdrucks werden sich hier ganz besonders freuen und d\u00fcrfen einzigartige zeitgen\u00f6ssische Tanzst\u00fccke genie\u00dfen.<\/span><\/p>\n<p class=\"p1\"><span class=\"s1\"><strong>Calle Creativa, die Stra\u00dfe der Kreativit\u00e4t (<span style=\"color: #ff9900;\"><a style=\"color: #ff9900;\" href=\"https:\/\/www.google.es\/maps\/place\/Calle+Mequinez,+38400+Puerto+de+la+Cruz,+Santa+Cruz+de+Tenerife\/@28.4175088,-16.5555448,505m\/data=!3m2!1e3!4b1!4m5!3m4!1s0xc6a7f93a0147b73:0x8fa97bb6efaa7da8!8m2!3d28.4175088!4d-16.553869\" target=\"_blank\" rel=\"noopener\">Calle Mequinez<\/a><\/span>):<\/strong> Workshops zum Zeichnen, Graffiti, Musik und nat\u00fcrlich auch diverse Ausstellungen werden die Calle Mequinez, einem der historischen Orte von Puerto de la Cruz, verzaubern.<\/span><\/p>\n<h2 class=\"p1\"><span class=\"s1\">M\u00e1sMueca, die Stadt dreht sich mit dem Festival<\/span><\/h2>\n<p class=\"p1\"><span class=\"s1\">Das Mueca-Fieber steckt alle an und so werden auch in vielen Lokalen der Stadt zus\u00e4tzliche Aktivit\u00e4ten veranstaltet. Salsa-Workshops, Theater, Konzerte aller Art&#8230; Wenn die Nacht hereinbricht, wird Mueca zu M\u00e1sMueca! Dar\u00fcber hinaus bieten diese Lokale spezielle Erm\u00e4\u00dfigungen w\u00e4hrend des gesamten Festivals an (welche Lokale das sind, seht ihr an der Kennzeichnung). Unterst\u00fctzt sie! Sie spielen eine wichtige Rolle bei der Organisation von Mueca.<\/span><\/p>\n<h2 class=\"p1\"><span class=\"s1\">Die Komplizen von Mueca<\/span><\/h2>\n<p class=\"p1\"><span class=\"s1\">Das Mueca Festival w\u00e4re nicht m\u00f6glich ohne die Hilfe der vielen Sponsoren und Partner. Von Organisatoren bis hin zu Freiwilligen und Produzenten, erm\u00f6glicht es jeder, dass die besten Shows an diesem einzigartigen Ort pr\u00e4sentiert werden k\u00f6nnen.<\/span><\/p>\n<p><a href=\"https:\/\/www.webtenerife.de\/dasblog\/2018\/05\/mueca-2018-strassenkunst-in-puerto-de-la-cruz\/attachment\/5\/\" rel=\"attachment wp-att-1716\"><img loading=\"lazy\" decoding=\"async\" class=\"aligncenter size-large wp-image-1716\" src=\"https:\/\/www.webtenerife.de\/dasblog\/wp-content\/uploads\/2018\/05\/5-690x460.jpg\" alt=\"\" width=\"650\" height=\"433\" srcset=\"https:\/\/www.webtenerife.de\/dasblog\/wp-content\/uploads\/2018\/05\/5-690x460.jpg 690w, https:\/\/www.webtenerife.de\/dasblog\/wp-content\/uploads\/2018\/05\/5-300x200.jpg 300w, https:\/\/www.webtenerife.de\/dasblog\/wp-content\/uploads\/2018\/05\/5-768x512.jpg 768w, https:\/\/www.webtenerife.de\/dasblog\/wp-content\/uploads\/2018\/05\/5-83x55.jpg 83w, https:\/\/www.webtenerife.de\/dasblog\/wp-content\/uploads\/2018\/05\/5-75x50.jpg 75w, https:\/\/www.webtenerife.de\/dasblog\/wp-content\/uploads\/2018\/05\/5.jpg 1297w\" sizes=\"(max-width: 650px) 100vw, 650px\" \/><\/a><\/p>\n<h2 class=\"p1\"><span class=\"s1\">Unterkunft w\u00e4hrend Mueca, wo kann ich \u00fcbernachten?<\/span><\/h2>\n<p class=\"p1\"><span class=\"s1\">Falls ihr lieber in Puerto de la Cruz \u00fcbernachten wollt, kein Problem. F\u00fcr das Festival gibt es <span style=\"color: #ff9900;\"><a style=\"color: #ff9900;\" href=\"http:\/\/www.festivalmueca.com\/mueca-2018\/ofertas-viaje-alojamiento\/\" target=\"_blank\" rel=\"noopener\">verschiedene verg\u00fcnstigte Reise- und Unterkunftsangebote<\/a><\/span>.<\/span><\/p>\n<p class=\"p1\"><span class=\"s1\">Wenn ihr Fragen zu eurem Aufenthalt, zur Fortbewegung oder zu einer Veranstaltung habt, werden euch die <a href=\"https:\/\/www.webtenerife.de\/nutzliche-information\/fremdenverkehrsburos\/\" target=\"_blank\" rel=\"noopener\"><span style=\"color: #ff9900;\">Fremdenverkehrsb\u00fcros<\/span><\/a> gerne weiterhelfen.<\/span><\/p>\n<p class=\"p1\"><span class=\"s1\">Ansonsten w\u00fcnschen wir euch einfach nur: Viel Spa\u00df! Wir sehen uns in Puerto de la Cruz!<\/span><\/p>\n","protected":false},"excerpt":{"rendered":"<p>Menschen eilen durch die Stra\u00dfen. Was ist los? Ihr h\u00f6rt Gel\u00e4chter, Applaus und staunende Zurufe der Faszination\u2026 Ah, eine Veranstaltung! Aber nicht irgendeine\u2026 Puerto de la Cruz feiert das Internationale Stra\u00dfenkunst-Festival Mueca! Auch 2018 findet das Internationale Stra\u00dfenkunst-Festival Mueca wieder statt Vom 10. bis 13. Mai werden bis zu 60 [&hellip;]<\/p>\n","protected":false},"author":5,"featured_media":1715,"comment_status":"open","ping_status":"open","sticky":false,"template":"","format":"standard","meta":{"footnotes":""},"categories":[16,34,1],"tags":[409,217,408,229,295],"class_list":["post-1711","post","type-post","status-publish","format-standard","has-post-thumbnail","hentry","category-konzerte","category-kultur","category-verschiedenes","tag-festival-mueca","tag-puerto-de-la-cruz","tag-strassenkunst","tag-teneriffa","tag-webtenerife"],"_links":{"self":[{"href":"https:\/\/www.webtenerife.de\/dasblog\/wp-json\/wp\/v2\/posts\/1711","targetHints":{"allow":["GET"]}}],"collection":[{"href":"https:\/\/www.webtenerife.de\/dasblog\/wp-json\/wp\/v2\/posts"}],"about":[{"href":"https:\/\/www.webtenerife.de\/dasblog\/wp-json\/wp\/v2\/types\/post"}],"author":[{"embeddable":true,"href":"https:\/\/www.webtenerife.de\/dasblog\/wp-json\/wp\/v2\/users\/5"}],"replies":[{"embeddable":true,"href":"https:\/\/www.webtenerife.de\/dasblog\/wp-json\/wp\/v2\/comments?post=1711"}],"version-history":[{"count":5,"href":"https:\/\/www.webtenerife.de\/dasblog\/wp-json\/wp\/v2\/posts\/1711\/revisions"}],"predecessor-version":[{"id":1721,"href":"https:\/\/www.webtenerife.de\/dasblog\/wp-json\/wp\/v2\/posts\/1711\/revisions\/1721"}],"wp:featuredmedia":[{"embeddable":true,"href":"https:\/\/www.webtenerife.de\/dasblog\/wp-json\/wp\/v2\/media\/1715"}],"wp:attachment":[{"href":"https:\/\/www.webtenerife.de\/dasblog\/wp-json\/wp\/v2\/media?parent=1711"}],"wp:term":[{"taxonomy":"category","embeddable":true,"href":"https:\/\/www.webtenerife.de\/dasblog\/wp-json\/wp\/v2\/categories?post=1711"},{"taxonomy":"post_tag","embeddable":true,"href":"https:\/\/www.webtenerife.de\/dasblog\/wp-json\/wp\/v2\/tags?post=1711"}],"curies":[{"name":"wp","href":"https:\/\/api.w.org\/{rel}","templated":true}]}}