{"id":1704,"date":"2018-03-30T13:45:49","date_gmt":"2018-03-30T12:45:49","guid":{"rendered":"https:\/\/www.webtenerife.de\/dasblog\/?p=1704"},"modified":"2018-03-30T15:27:34","modified_gmt":"2018-03-30T14:27:34","slug":"der-teide-ein-360-besuch-auf-dem-hoechsten-gipfel-spaniens","status":"publish","type":"post","link":"https:\/\/www.webtenerife.de\/dasblog\/2018\/03\/der-teide-ein-360-besuch-auf-dem-hoechsten-gipfel-spaniens\/","title":{"rendered":"Der Teide &#8211; ein 360\u00b0-Besuch auf dem h\u00f6chsten Gipfel Spaniens"},"content":{"rendered":"<p class=\"p1\"><span class=\"s1\">Der riesige <a href=\"https:\/\/www.webtenerife.de\/besucherattraktionen\/teide-nationalpark\/?tab=1\" target=\"_blank\" rel=\"noopener\">Teide<\/a>, 3.718 Meter hoch, erhebt sich auf Teneriffa \u00fcber den Wolken. Wenn ihr ihn bei eurem Anflug auf die Insel seht, dann wisst ihr, dass ihr eurem Urlaub ganz nah seid. Auf dem R\u00fcckflug verabschiedet er sich mit seiner majest\u00e4tischen und charakteristischen Silhouette. Er ist unumstrittener Protagonist auf Postkarten und Fotografien mit tausenden Erinnerungen. Sicherlich wollt auch ihr ihn irgendwann wieder einmal besuchen. Dank neuer Technik k\u00f6nnen wir euch heute den <a href=\"https:\/\/www.webtenerife.de\/besucherattraktionen\/teide-nationalpark\/?tab=2&amp;tab-view-mode=cuadricula\" target=\"_blank\" rel=\"noopener\">Teide Nationalpark<\/a> ein wenig n\u00e4her bringen.<\/span><\/p>\n<p><a href=\"http:\/\/www.webtenerife.com\/elblog\/wp-content\/uploads\/2018\/03\/shutterstock_538032535.jpg\"><img fetchpriority=\"high\" decoding=\"async\" class=\"aligncenter size-full wp-image-3664\" src=\"http:\/\/www.webtenerife.com\/elblog\/wp-content\/uploads\/2018\/03\/shutterstock_538032535.jpg\" alt=\"\" width=\"1000\" height=\"667\" \/><\/a><\/p>\n<h2 class=\"p1\"><span class=\"s1\">Besucht den Teide 360\u00b0<\/span><\/h2>\n<p class=\"p1\"><span class=\"s1\">Wusstet ihr, dass viele Menschen den <a href=\"https:\/\/www.webtenerife.de\/multimedia-galerie\/360\/ascension-cumbre-teide.htm\" target=\"_blank\" rel=\"noopener\">Teide auf Google Maps besuchen<\/a>? Unsere Reisenden lieben es, ihre Erfahrungen \u00fcber dieses Naturwunder zu teilen und unz\u00e4hlige Fotos und Geschichten auf das ber\u00fchmte Google-Tool hochzuladen. Der Gipfel des Teide, allein, hat mehr als 1.000 Bewertungen. Dazu geh\u00f6ren die Aussichtspunkte Llanos de Ucanca, Roques de Garc\u00eda oder der Aussichtspunkt La Fortaleza.<\/span><\/p>\n<p class=\"p1\"><span class=\"s1\">Wir laden euch auf eine digitale Reise ein, bequem von zu Hause aus, so k\u00f6nnt ihr selbst den Teide erkunden: <a href=\"https:\/\/www.webtenerife.de\/multimedia-galerie\/360\/\" target=\"_blank\" rel=\"noopener\">ein Besuch in einer der sch\u00f6nsten Ecken Teneriffas und das in 360\u00ba.<\/a><\/span><\/p>\n<p><iframe style=\"border: 0;\" src=\"https:\/\/www.google.com\/maps\/embed?pb=!4v1521550538328!6m8!1m7!1slNmlDoaX894AAAQumync5g!2m2!1d28.27039610981133!2d-16.63874142661177!3f315.3!4f-8.480000000000004!5f0.4000000000000002\" width=\"600\" height=\"450\" frameborder=\"0\" allowfullscreen=\"allowfullscreen\" data-mce-fragment=\"1\"><\/iframe><\/p>\n<p class=\"p1\"><span class=\"s1\">Seht ihr all das vulkanische Gestein um euch herum? Wenn ihr euch dem Gipfel noch etwas n\u00e4hert, werdet ihr eine noch bessere Aussicht haben. Schaut mal hinter euch, genie\u00dft die Unendlichkeit der Landschaft, von der ihr umgeben seid, mit den dunklen Lavastr\u00f6men.<\/span><\/p>\n<p class=\"p1\"><span class=\"s1\">Ein unglaubliches Erlebnis ist es, wenn ihr die Spitze erreicht: Teneriffa liegt euch im Wahrsten Sinne des Wortes zu F\u00fc\u00dfen. Mit etwas Gl\u00fcck werdet ihr das Wolkenmeer sehen, wie es gegen die H\u00fcgel und Berge der Insel schaukelt und euch das Gef\u00fchl vermittelt, in einem magischen Paradies zu schweben. Bei klarer Sicht, ist das Schauspiel etwas anders, weil ihr dann ganz Teneriffa in all seiner Pracht und sogar andere Inseln sehen k\u00f6nnt, mit dem Atlantik, der den Horizont blau f\u00e4rbt. Der H\u00f6hepunkt ist nat\u00fcrlich, wenn ihr den Sonnenuntergang oder Sonnenaufgang vom Teide aus genie\u00dfen k\u00f6nnt; ein Erlebnis, an das man sich sein Leben lang erinnern wird.<\/span><\/p>\n<h2 class=\"p1\"><span class=\"s1\">Vom Meer zu den Wolken<\/span><\/h2>\n<p class=\"p1\"><span class=\"s1\">Das Erstaunlichste am Aufstieg zum Teide Nationalpark ist, dass man in nur einer Stunde vom Strand zum Vulkan fahren kann. Lasst euch aber nicht von der Hitze der K\u00fcste t\u00e4uschen! Wenn ihr den Teide besteigen wollt, ist es besser, warme Kleidung zu tragen, um sich vor der K\u00e4lte zu sch\u00fctzen. Auch im Sommer ist es ratsam, Sonnencreme und einen Hut mitzubringen, um so Verbrennungen zu vermeiden. Wenn ihr den Teide im Winter besucht, denkt daran, \u00e4u\u00dferste Vorsicht walten zu lassen; informiert euch daher vor der Fahrt in den Nationalpark \u00fcber <a href=\"http:\/\/cic.tenerife.es\/e-Traffic3\/Control?act=detMapInci\" target=\"_blank\" rel=\"noopener\">m\u00f6gliche Stra\u00dfensperrungen<\/a>.<\/span><\/p>\n<h2 class=\"p1\"><span class=\"s1\">360\u00ba-Reise nach Teneriffa<\/span><\/h2>\n<p class=\"p1\"><span class=\"s1\">Der Teide ist nicht der einzige Ort auf der Insel, den ihr digital besuchen k\u00f6nnt. M\u00f6chtet ihr \u00fcber das Anaga-Gebirge fliegen? Sehen, wie die Str\u00e4nde von Teneriffa von oben aussehen? Oder vielleicht macht ihr einen kurzen Ausflug in einen der Freizeitparks der Insel\u2026 Kein Problem, <a href=\"https:\/\/www.webtenerife.de\/multimedia-galerie\/360\/tenerife-drone.htm\" target=\"_blank\" rel=\"noopener\">auf geht&#8217;s<\/a>:<\/span><\/p>\n<p>&nbsp;<\/p>\n<p><iframe style=\"width: 100%; height: 650px; border: none;\" src=\"https:\/\/www.webtenerife.com\/views\/tenerife.html\" width=\"1080\" height=\"720\" data-mce-fragment=\"1\">&lt;span data-mce-type=&#8220;bookmark&#8220; style=&#8220;display: inline-block; width: 0px; overflow: hidden; line-height: 0;&#8220; class=&#8220;mce_SELRES_start&#8220;&gt;\ufeff&lt;\/span&gt;<\/iframe><\/p>\n<p class=\"p1\"><span class=\"s1\">Jetzt, da ihr die Landschaften und Kontraste der ganzen Insel fast ber\u00fchren k\u00f6nnt, wie w\u00e4re es, wenn wir die Maus, die Tastatur oder das Handy mal sein lassen und <a href=\"https:\/\/www.webtenerife.de\/\" target=\"_blank\" rel=\"noopener\">Teneriffa live erleben<\/a> w\u00fcrden?<\/span><\/p>\n","protected":false},"excerpt":{"rendered":"<p>Der riesige Teide, 3.718 Meter hoch, erhebt sich auf Teneriffa \u00fcber den Wolken. Wenn ihr ihn bei eurem Anflug auf die Insel seht, dann wisst ihr, dass ihr eurem Urlaub ganz nah seid. Auf dem R\u00fcckflug verabschiedet er sich mit seiner majest\u00e4tischen und charakteristischen Silhouette. Er ist unumstrittener Protagonist auf [&hellip;]<\/p>\n","protected":false},"author":5,"featured_media":1706,"comment_status":"open","ping_status":"open","sticky":false,"template":"","format":"standard","meta":{"footnotes":""},"categories":[7,68,1],"tags":[407,406,352,301,253,229,405,295],"class_list":["post-1704","post","type-post","status-publish","format-standard","has-post-thumbnail","hentry","category-natur","category-teide","category-verschiedenes","tag-360-grad","tag-google-maps","tag-kanarische-inseln","tag-teide-2","tag-teide-nationalpark","tag-teneriffa","tag-virtuale-reise","tag-webtenerife"],"_links":{"self":[{"href":"https:\/\/www.webtenerife.de\/dasblog\/wp-json\/wp\/v2\/posts\/1704","targetHints":{"allow":["GET"]}}],"collection":[{"href":"https:\/\/www.webtenerife.de\/dasblog\/wp-json\/wp\/v2\/posts"}],"about":[{"href":"https:\/\/www.webtenerife.de\/dasblog\/wp-json\/wp\/v2\/types\/post"}],"author":[{"embeddable":true,"href":"https:\/\/www.webtenerife.de\/dasblog\/wp-json\/wp\/v2\/users\/5"}],"replies":[{"embeddable":true,"href":"https:\/\/www.webtenerife.de\/dasblog\/wp-json\/wp\/v2\/comments?post=1704"}],"version-history":[{"count":4,"href":"https:\/\/www.webtenerife.de\/dasblog\/wp-json\/wp\/v2\/posts\/1704\/revisions"}],"predecessor-version":[{"id":1709,"href":"https:\/\/www.webtenerife.de\/dasblog\/wp-json\/wp\/v2\/posts\/1704\/revisions\/1709"}],"wp:featuredmedia":[{"embeddable":true,"href":"https:\/\/www.webtenerife.de\/dasblog\/wp-json\/wp\/v2\/media\/1706"}],"wp:attachment":[{"href":"https:\/\/www.webtenerife.de\/dasblog\/wp-json\/wp\/v2\/media?parent=1704"}],"wp:term":[{"taxonomy":"category","embeddable":true,"href":"https:\/\/www.webtenerife.de\/dasblog\/wp-json\/wp\/v2\/categories?post=1704"},{"taxonomy":"post_tag","embeddable":true,"href":"https:\/\/www.webtenerife.de\/dasblog\/wp-json\/wp\/v2\/tags?post=1704"}],"curies":[{"name":"wp","href":"https:\/\/api.w.org\/{rel}","templated":true}]}}