{"id":1692,"date":"2018-03-19T14:35:09","date_gmt":"2018-03-19T13:35:09","guid":{"rendered":"https:\/\/www.webtenerife.de\/dasblog\/?p=1692"},"modified":"2018-03-19T14:35:12","modified_gmt":"2018-03-19T13:35:12","slug":"die-besten-wanderwege-auf-teneriffa-tenerife-walking-festival-2018","status":"publish","type":"post","link":"https:\/\/www.webtenerife.de\/dasblog\/2018\/03\/die-besten-wanderwege-auf-teneriffa-tenerife-walking-festival-2018\/","title":{"rendered":"Die besten Wanderwege auf Teneriffa: Tenerife Walking Festival 2018"},"content":{"rendered":"<p><a href=\"https:\/\/www.webtenerife.de\/dasblog\/2018\/03\/die-besten-wanderwege-auf-teneriffa-tenerife-walking-festival-2018\/parador_319\/\" rel=\"attachment wp-att-1693\"><img fetchpriority=\"high\" decoding=\"async\" class=\"aligncenter size-large wp-image-1693\" src=\"https:\/\/www.webtenerife.de\/dasblog\/wp-content\/uploads\/2018\/03\/PARADOR_319-690x460.jpg\" alt=\"\" width=\"650\" height=\"433\" srcset=\"https:\/\/www.webtenerife.de\/dasblog\/wp-content\/uploads\/2018\/03\/PARADOR_319-690x460.jpg 690w, https:\/\/www.webtenerife.de\/dasblog\/wp-content\/uploads\/2018\/03\/PARADOR_319-300x200.jpg 300w, https:\/\/www.webtenerife.de\/dasblog\/wp-content\/uploads\/2018\/03\/PARADOR_319-768x512.jpg 768w, https:\/\/www.webtenerife.de\/dasblog\/wp-content\/uploads\/2018\/03\/PARADOR_319-82x55.jpg 82w, https:\/\/www.webtenerife.de\/dasblog\/wp-content\/uploads\/2018\/03\/PARADOR_319-75x50.jpg 75w, https:\/\/www.webtenerife.de\/dasblog\/wp-content\/uploads\/2018\/03\/PARADOR_319.jpg 1680w\" sizes=\"(max-width: 650px) 100vw, 650px\" \/><\/a><\/p>\n<p class=\"p1\"><span class=\"s1\">Die besten Wanderwege von Teneriffa erkunden: entlang geht es an der K\u00fcste, durch W\u00e4lder und Vulkanlandschaften. So k\u00f6nnten wir das <a href=\"http:\/\/www.tenerifewalkingfestival.com\/de\/\" target=\"_blank\" rel=\"noopener\">Tenerife Walking Festival 2018<\/a> beschreiben. Es ist eines der wichtigsten Wander-Events in Europa, das vom 22. bis zum 26. Mai auf Teneriffa stattfindet und Wanderer aus s\u00e4mtlichen L\u00e4ndern anzieht. Es erwartet euch eine Mischung aus au\u00dfergew\u00f6hnlichen Wanderwegen, authentischer Gastronomie und einzigartiger Kultur.<\/span><\/p>\n<h2 class=\"p1\"><span class=\"s1\">K\u00fcsten-, Vulkan-, und Gr\u00fcne Routen<\/span><\/h2>\n<p class=\"p1\"><span class=\"s1\">Die <a href=\"https:\/\/www.webtenerife.de\/aktivitaten\/natur\/?tab=1\" target=\"_blank\" rel=\"noopener\">nat\u00fcrliche Vielfalt der Insel<\/a> schafft so viele verschiedene Facetten und beim Wandern durchquert man auf nur wenigen Kilometern Vulkanlandschaften und K\u00fcstengebiete. Dies erm\u00f6glicht eine Vielzahl an Wanderrouten beim Tenerife Walking Festival 2018, mit bis zu 22 Optionen.<\/span><\/p>\n<h2 class=\"p1\"><span class=\"s1\">K\u00fcstenrouten auf Teneriffa<\/span><\/h2>\n<p><a href=\"https:\/\/www.webtenerife.de\/dasblog\/2018\/03\/die-besten-wanderwege-auf-teneriffa-tenerife-walking-festival-2018\/cabecera-2\/\" rel=\"attachment wp-att-1694\"><img decoding=\"async\" class=\"aligncenter size-large wp-image-1694\" src=\"https:\/\/www.webtenerife.de\/dasblog\/wp-content\/uploads\/2018\/03\/Cabecera-690x344.jpg\" alt=\"\" width=\"650\" height=\"324\" srcset=\"https:\/\/www.webtenerife.de\/dasblog\/wp-content\/uploads\/2018\/03\/Cabecera-690x344.jpg 690w, https:\/\/www.webtenerife.de\/dasblog\/wp-content\/uploads\/2018\/03\/Cabecera-300x150.jpg 300w, https:\/\/www.webtenerife.de\/dasblog\/wp-content\/uploads\/2018\/03\/Cabecera-768x383.jpg 768w, https:\/\/www.webtenerife.de\/dasblog\/wp-content\/uploads\/2018\/03\/Cabecera-110x55.jpg 110w, https:\/\/www.webtenerife.de\/dasblog\/wp-content\/uploads\/2018\/03\/Cabecera.jpg 1680w\" sizes=\"(max-width: 650px) 100vw, 650px\" \/><\/a><\/p>\n<p class=\"p1\"><span class=\"s1\">Teneriffa ist ein offenes Fenster zum Atlantik. Aus diesem Grund verlaufen viele der Wanderwege der Insel parallel zum Meer und heben besonders die spektakul\u00e4ren Sonnenunterg\u00e4nge mit Blick auf den Atlantik und andere Inseln hervor. Beim Tenerife Walking Festival 2018 k\u00f6nnt ihr einen der <a href=\"https:\/\/www.webtenerife.de\/besucherattraktionen\/strande\/playa-benijo.htm\" target=\"_blank\" rel=\"noopener\">bezauberndsten Str\u00e4nde der Kanarischen Inseln genie\u00dfen, den magischen Strand Benijo<\/a>, oder die farbenfrohen Kontraste des Malpa\u00eds in G\u00fc\u00edmar erkunden.<\/span><\/p>\n<h2 class=\"p1\"><span class=\"s1\">Vulkanrouten auf Teneriffa<\/span><\/h2>\n<p><a href=\"https:\/\/www.webtenerife.de\/dasblog\/2018\/03\/die-besten-wanderwege-auf-teneriffa-tenerife-walking-festival-2018\/ndr2126-1\/\" rel=\"attachment wp-att-1695\"><img decoding=\"async\" class=\"aligncenter size-large wp-image-1695\" src=\"https:\/\/www.webtenerife.de\/dasblog\/wp-content\/uploads\/2018\/03\/NDR2126-1-690x457.jpg\" alt=\"\" width=\"650\" height=\"431\" srcset=\"https:\/\/www.webtenerife.de\/dasblog\/wp-content\/uploads\/2018\/03\/NDR2126-1-690x457.jpg 690w, https:\/\/www.webtenerife.de\/dasblog\/wp-content\/uploads\/2018\/03\/NDR2126-1-300x199.jpg 300w, https:\/\/www.webtenerife.de\/dasblog\/wp-content\/uploads\/2018\/03\/NDR2126-1-768x509.jpg 768w, https:\/\/www.webtenerife.de\/dasblog\/wp-content\/uploads\/2018\/03\/NDR2126-1-83x55.jpg 83w, https:\/\/www.webtenerife.de\/dasblog\/wp-content\/uploads\/2018\/03\/NDR2126-1-75x50.jpg 75w, https:\/\/www.webtenerife.de\/dasblog\/wp-content\/uploads\/2018\/03\/NDR2126-1.jpg 1680w\" sizes=\"(max-width: 650px) 100vw, 650px\" \/><\/a><\/p>\n<p class=\"p1\"><span class=\"s1\">Bei den Vulkanrouten auf Teneriffa scheint es fast so, als w\u00e4re man auf einem anderen Planeten. Nicht umsonst wurde im Teide Nationalpark der zweite Teil von \u201eKampf der Titanen&#8220; gedreht. Sogar mehrere &#8222;Rover&#8220;-Fahrzeuge wurden aufgrund der \u00c4hnlichkeit der Bodenbeschaffenheit mit der des Mondes hier getestet. Ihr habt nicht nur die M\u00f6glichkeit dieses Gebiet tags\u00fcber zu durchwandern, sonder auch nachts. Das Universum selbst beleuchtet euch dann den Weg und ihr k\u00f6nnt <a href=\"https:\/\/www.webtenerife.de\/aktivitaten\/natur\/sternbeobachtung\/?tab=1\" target=\"_blank\" rel=\"noopener\">unvergessliche Bilder einfangen<\/a>.<\/span><\/p>\n<h2 class=\"p1\"><span class=\"s1\">Gr\u00fcne Routen auf Teneriffa<\/span><\/h2>\n<p><a href=\"https:\/\/www.webtenerife.de\/dasblog\/2018\/03\/die-besten-wanderwege-auf-teneriffa-tenerife-walking-festival-2018\/twf_fri-1_15-1\/\" rel=\"attachment wp-att-1696\"><img loading=\"lazy\" decoding=\"async\" class=\"aligncenter size-large wp-image-1696\" src=\"https:\/\/www.webtenerife.de\/dasblog\/wp-content\/uploads\/2018\/03\/TWF_FRI-1_15-1-690x457.jpg\" alt=\"\" width=\"650\" height=\"431\" srcset=\"https:\/\/www.webtenerife.de\/dasblog\/wp-content\/uploads\/2018\/03\/TWF_FRI-1_15-1-690x457.jpg 690w, https:\/\/www.webtenerife.de\/dasblog\/wp-content\/uploads\/2018\/03\/TWF_FRI-1_15-1-300x199.jpg 300w, https:\/\/www.webtenerife.de\/dasblog\/wp-content\/uploads\/2018\/03\/TWF_FRI-1_15-1-768x509.jpg 768w, https:\/\/www.webtenerife.de\/dasblog\/wp-content\/uploads\/2018\/03\/TWF_FRI-1_15-1-83x55.jpg 83w, https:\/\/www.webtenerife.de\/dasblog\/wp-content\/uploads\/2018\/03\/TWF_FRI-1_15-1-75x50.jpg 75w, https:\/\/www.webtenerife.de\/dasblog\/wp-content\/uploads\/2018\/03\/TWF_FRI-1_15-1.jpg 1200w\" sizes=\"(max-width: 650px) 100vw, 650px\" \/><\/a><\/p>\n<p class=\"p1\"><span class=\"s1\">Dichte B\u00e4ume und B\u00fcsche bilden ein gr\u00fcnes Paradies, in dem die Natur atmet und die Sinne erwachen. Egal ob ihr den Wald von Agua Garc\u00eda durchquert oder in die magischen Feuchtgebiete von Anaga eintaucht, ihr werdet die reine Luft atmen und in der Natur entspannen.<\/span><\/p>\n<h2 class=\"p1\"><span class=\"s1\">Puerto de la Cruz, Sitz des Tenerife Walking Festivals 2018<\/span><\/h2>\n<p class=\"p1\"><span class=\"s1\">Auch in diesem Jahr wieder wird Puerto de la Cruz der Treff- und Ausgangspunkt unseres Festivals sein. Die angenehme Temperatur und die N\u00e4he zum Meer machen die Stadt zum idealen Ort, um Anekdoten und Wandergeschichten nach einem anstrengenden Wandertag zu teilen. Aus diesem Grund bietet die offizielle Bar der Veranstaltung, die Dynamic Bar, jeden Abend Animation und spezielle Rabatte f\u00fcr die Teilnehmer.<\/span><\/p>\n<p><a href=\"https:\/\/www.webtenerife.de\/dasblog\/2018\/03\/die-besten-wanderwege-auf-teneriffa-tenerife-walking-festival-2018\/shutterstock_421073716-1-1\/\" rel=\"attachment wp-att-1697\"><img loading=\"lazy\" decoding=\"async\" class=\"aligncenter size-large wp-image-1697\" src=\"https:\/\/www.webtenerife.de\/dasblog\/wp-content\/uploads\/2018\/03\/shutterstock_421073716-1-1-690x459.jpg\" alt=\"\" width=\"650\" height=\"432\" srcset=\"https:\/\/www.webtenerife.de\/dasblog\/wp-content\/uploads\/2018\/03\/shutterstock_421073716-1-1-690x459.jpg 690w, https:\/\/www.webtenerife.de\/dasblog\/wp-content\/uploads\/2018\/03\/shutterstock_421073716-1-1-300x200.jpg 300w, https:\/\/www.webtenerife.de\/dasblog\/wp-content\/uploads\/2018\/03\/shutterstock_421073716-1-1-768x511.jpg 768w, https:\/\/www.webtenerife.de\/dasblog\/wp-content\/uploads\/2018\/03\/shutterstock_421073716-1-1-83x55.jpg 83w, https:\/\/www.webtenerife.de\/dasblog\/wp-content\/uploads\/2018\/03\/shutterstock_421073716-1-1-75x50.jpg 75w, https:\/\/www.webtenerife.de\/dasblog\/wp-content\/uploads\/2018\/03\/shutterstock_421073716-1-1.jpg 1000w\" sizes=\"(max-width: 650px) 100vw, 650px\" \/><\/a><\/p>\n<p class=\"p1\"><span class=\"s1\">Ihr k\u00f6nnt aber auch die Stadt erkunden, denn am Sonntag, den 27. Mai, werden <a href=\"https:\/\/www.tenerifewalkingfestival.com\/de\/ausfluege-und-extra-aktivitaeten-in-puerto-de-la-cruz\/\" target=\"_blank\" rel=\"noopener\">zwei kostenlose Stadtf\u00fchrungen in Puerto de la Cruz<\/a> angeboten. Einerseits k\u00f6nnt ihr den Spuren des kanarischen K\u00fcnstlers C\u00e9sar Manrique folgen oder die verschiedenen G\u00e4rten besuchen, u.a. den Botanischen Garten, Sitio Litre und Taoro Park.<\/span><\/p>\n<h2 class=\"p1\"><span class=\"s1\">Tenerife Walking Festival, eine nachhaltige Veranstaltung<\/span><\/h2>\n<p class=\"p1\"><span class=\"s1\">Eine der Verpflichtungen des Tenerife Walking Festivals ist <a href=\"https:\/\/www.tenerifewalkingfestival.com\/de\/sostenibilidad\/\" target=\"_blank\" rel=\"noopener\">Nachhaltigkeit<\/a>, mit dem &#8222;\u00f6kologischen Fu\u00dfabdruck gleich null&#8220; als Ziel. Dies bedeutet, dass der CO2-Fu\u00dfabdruck des Festivals berechnet wird, und um ihn zu kompensieren, werden Ma\u00dfnahmen zur Reduzierung f\u00fcr zuk\u00fcnftige Ereignisse analysiert. Mit Hilfe einer Gruppe naturverbundener Freiwilliger werden Pflanz-Aktionen in einigen Gebieten der Insel durchgef\u00fchrt.<\/span><\/p>\n<p><a href=\"https:\/\/www.webtenerife.de\/dasblog\/2018\/03\/die-besten-wanderwege-auf-teneriffa-tenerife-walking-festival-2018\/clausura_129\/\" rel=\"attachment wp-att-1698\"><img loading=\"lazy\" decoding=\"async\" class=\"aligncenter size-large wp-image-1698\" src=\"https:\/\/www.webtenerife.de\/dasblog\/wp-content\/uploads\/2018\/03\/CLAUSURA_129-690x460.jpg\" alt=\"\" width=\"650\" height=\"433\" srcset=\"https:\/\/www.webtenerife.de\/dasblog\/wp-content\/uploads\/2018\/03\/CLAUSURA_129-690x460.jpg 690w, https:\/\/www.webtenerife.de\/dasblog\/wp-content\/uploads\/2018\/03\/CLAUSURA_129-300x200.jpg 300w, https:\/\/www.webtenerife.de\/dasblog\/wp-content\/uploads\/2018\/03\/CLAUSURA_129-768x512.jpg 768w, https:\/\/www.webtenerife.de\/dasblog\/wp-content\/uploads\/2018\/03\/CLAUSURA_129-82x55.jpg 82w, https:\/\/www.webtenerife.de\/dasblog\/wp-content\/uploads\/2018\/03\/CLAUSURA_129-75x50.jpg 75w, https:\/\/www.webtenerife.de\/dasblog\/wp-content\/uploads\/2018\/03\/CLAUSURA_129.jpg 1680w\" sizes=\"(max-width: 650px) 100vw, 650px\" \/><\/a><\/p>\n<h2 class=\"p1\"><span class=\"s1\">Wandern nach eigenem Tempo<\/span><\/h2>\n<p class=\"p1\"><span class=\"s1\">Das Beste am Festival ist, dass die vielen verschiedenen Wanderungen auch eine Vielzahl an Menschen anspricht. Egal, ob ihr Abenteurer seid, auf der Suche nach gro\u00dfen Herausforderungen, oder eher leichtere Routen bevorzugt, mit weniger k\u00f6rperlicher Anstrengung. Sicherlich findet ihr bei dem Tenerife Walking Festival <a href=\"https:\/\/www.tenerifewalkingfestival.com\/de\/inscripciones\/\" target=\"_blank\" rel=\"noopener\">euren Weg zu einem unvergesslichen Erlebnis<\/a>.<\/span><\/p>\n","protected":false},"excerpt":{"rendered":"<p>Die besten Wanderwege von Teneriffa erkunden: entlang geht es an der K\u00fcste, durch W\u00e4lder und Vulkanlandschaften. So k\u00f6nnten wir das Tenerife Walking Festival 2018 beschreiben. Es ist eines der wichtigsten Wander-Events in Europa, das vom 22. bis zum 26. Mai auf Teneriffa stattfindet und Wanderer aus s\u00e4mtlichen L\u00e4ndern anzieht. Es [&hellip;]<\/p>\n","protected":false},"author":5,"featured_media":1693,"comment_status":"open","ping_status":"open","sticky":false,"template":"","format":"standard","meta":{"footnotes":""},"categories":[7,68,176],"tags":[352,319,404,331,252,295],"class_list":["post-1692","post","type-post","status-publish","format-standard","has-post-thumbnail","hentry","category-natur","category-teide","category-wandern","tag-kanarische-inseln","tag-tenerife-walking-festival","tag-wanderfestival","tag-wandern","tag-wandern-teneriffa","tag-webtenerife"],"_links":{"self":[{"href":"https:\/\/www.webtenerife.de\/dasblog\/wp-json\/wp\/v2\/posts\/1692","targetHints":{"allow":["GET"]}}],"collection":[{"href":"https:\/\/www.webtenerife.de\/dasblog\/wp-json\/wp\/v2\/posts"}],"about":[{"href":"https:\/\/www.webtenerife.de\/dasblog\/wp-json\/wp\/v2\/types\/post"}],"author":[{"embeddable":true,"href":"https:\/\/www.webtenerife.de\/dasblog\/wp-json\/wp\/v2\/users\/5"}],"replies":[{"embeddable":true,"href":"https:\/\/www.webtenerife.de\/dasblog\/wp-json\/wp\/v2\/comments?post=1692"}],"version-history":[{"count":3,"href":"https:\/\/www.webtenerife.de\/dasblog\/wp-json\/wp\/v2\/posts\/1692\/revisions"}],"predecessor-version":[{"id":1701,"href":"https:\/\/www.webtenerife.de\/dasblog\/wp-json\/wp\/v2\/posts\/1692\/revisions\/1701"}],"wp:featuredmedia":[{"embeddable":true,"href":"https:\/\/www.webtenerife.de\/dasblog\/wp-json\/wp\/v2\/media\/1693"}],"wp:attachment":[{"href":"https:\/\/www.webtenerife.de\/dasblog\/wp-json\/wp\/v2\/media?parent=1692"}],"wp:term":[{"taxonomy":"category","embeddable":true,"href":"https:\/\/www.webtenerife.de\/dasblog\/wp-json\/wp\/v2\/categories?post=1692"},{"taxonomy":"post_tag","embeddable":true,"href":"https:\/\/www.webtenerife.de\/dasblog\/wp-json\/wp\/v2\/tags?post=1692"}],"curies":[{"name":"wp","href":"https:\/\/api.w.org\/{rel}","templated":true}]}}