{"id":1684,"date":"2018-03-06T14:47:16","date_gmt":"2018-03-06T13:47:16","guid":{"rendered":"https:\/\/www.webtenerife.de\/dasblog\/?p=1684"},"modified":"2018-03-06T14:51:27","modified_gmt":"2018-03-06T13:51:27","slug":"die-geschichte-des-karnevals-auf-teneriffa","status":"publish","type":"post","link":"https:\/\/www.webtenerife.de\/dasblog\/2018\/03\/die-geschichte-des-karnevals-auf-teneriffa\/","title":{"rendered":"Die Geschichte des Karnevals auf Teneriffa"},"content":{"rendered":"<p class=\"p1\"><span class=\"s1\">Wir sind immer noch in Karnevalslaune, denn einige Gemeinden Teneriffas feiern jetzt noch <a href=\"https:\/\/www.webtenerife.de\/aktivitaten\/karneval\/\" target=\"_blank\" rel=\"noopener\">Karneval<\/a>. Farben und Rhythmen \u00fcberfluten die Stra\u00dfen; alle Menschen sind eingeladen, an der gro\u00dfen Show teilzunehmen. Aber wie hat das eigentlich angefangen mit dem Karneval auf Teneriffa? Kennt ihr die Urspr\u00fcnge dieser beliebten Veranstaltung?<\/span><\/p>\n<h2 class=\"p1\"><span class=\"s1\">Urspr\u00fcnge des Karnevals<\/span><\/h2>\n<p><a href=\"https:\/\/www.webtenerife.de\/dasblog\/2018\/03\/die-geschichte-des-karnevals-auf-teneriffa\/desfile\/\" rel=\"attachment wp-att-1685\"><img fetchpriority=\"high\" decoding=\"async\" class=\"aligncenter size-large wp-image-1685\" src=\"https:\/\/www.webtenerife.de\/dasblog\/wp-content\/uploads\/2018\/03\/Desfile-690x460.jpg\" alt=\"\" width=\"650\" height=\"433\" srcset=\"https:\/\/www.webtenerife.de\/dasblog\/wp-content\/uploads\/2018\/03\/Desfile-690x460.jpg 690w, https:\/\/www.webtenerife.de\/dasblog\/wp-content\/uploads\/2018\/03\/Desfile-300x200.jpg 300w, https:\/\/www.webtenerife.de\/dasblog\/wp-content\/uploads\/2018\/03\/Desfile-768x512.jpg 768w, https:\/\/www.webtenerife.de\/dasblog\/wp-content\/uploads\/2018\/03\/Desfile-83x55.jpg 83w, https:\/\/www.webtenerife.de\/dasblog\/wp-content\/uploads\/2018\/03\/Desfile-75x50.jpg 75w, https:\/\/www.webtenerife.de\/dasblog\/wp-content\/uploads\/2018\/03\/Desfile.jpg 1620w\" sizes=\"(max-width: 650px) 100vw, 650px\" \/><\/a><\/p>\n<p class=\"p1\"><span class=\"s1\">\u00dcber den Ursprung des Begriffs &#8222;Karneval&#8220; ist man sich nicht hundertprozentig einig. Manche Experten meinen, dass es aus dem mittelalterlichen lateinischen &#8222;carnelevarium&#8220; kommt, was soviel bedeutet wie &#8222;Entfernung des Fleisches\u201c. Gemeint ist damit die Fastenzeit, in der der Fleischverzehr verboten ist. Andere Studien weisen jedoch auf einen eher mythologischen Ursprung hin und beziehen sich auf den &#8222;Carrus Navalis&#8220; (ausgesprochen Car Navalis), der einen religi\u00f6sen Hintergrund hat.<\/span><\/p>\n<p class=\"p1\"><span class=\"s1\">Wahr ist jedenfalls, dass der Karneval Versuche der Zensur und Unterdr\u00fcckung im Laufe der Geschichte \u00fcberlebt hat.<\/span><\/p>\n<h2 class=\"p1\"><span class=\"s1\">Geschichte des Karnevals von Teneriffa<\/span><\/h2>\n<p class=\"p1\"><span class=\"s1\">Den Weg auf die Inseln fand der Karneval durch die europ\u00e4ische Kultur der Spanier im 16. Jahrhundert. Historiker sagen, dass der Karneval schon im 18. Jahrhundert so beliebt war, dass die Wohlhabenden der Insel ihn ausgelassen mit T\u00e4nzen und Partys in den St\u00e4dten feierten.<\/span><\/p>\n<p class=\"p1\"><span class=\"s1\">Ab dem 19. Jahrhundert begann der Karneval sich zu entwickeln; langsam kamen, neben Tanz und Party, verschiedene Ausstellungen, Wettbewerbe und Kost\u00fcme hinzu. Zu dieser Zeit begann sich auch der Gebrauch von Masken zu verbreiten. Frauen der oberen Gesellschaft benutzten sie, um sich unter Volksfeste mischen zu k\u00f6nnen, ohne erkannt zu werden.<\/span><\/p>\n<p><a href=\"https:\/\/www.webtenerife.de\/dasblog\/2018\/03\/die-geschichte-des-karnevals-auf-teneriffa\/carnaval-cabalgata-cantinflas\/\" rel=\"attachment wp-att-1686\"><img decoding=\"async\" class=\"aligncenter size-large wp-image-1686\" src=\"https:\/\/www.webtenerife.de\/dasblog\/wp-content\/uploads\/2018\/03\/carnaval-cabalgata-cantinflas-690x385.jpg\" alt=\"\" width=\"650\" height=\"363\" srcset=\"https:\/\/www.webtenerife.de\/dasblog\/wp-content\/uploads\/2018\/03\/carnaval-cabalgata-cantinflas-690x385.jpg 690w, https:\/\/www.webtenerife.de\/dasblog\/wp-content\/uploads\/2018\/03\/carnaval-cabalgata-cantinflas-300x167.jpg 300w, https:\/\/www.webtenerife.de\/dasblog\/wp-content\/uploads\/2018\/03\/carnaval-cabalgata-cantinflas-768x428.jpg 768w, https:\/\/www.webtenerife.de\/dasblog\/wp-content\/uploads\/2018\/03\/carnaval-cabalgata-cantinflas-99x55.jpg 99w, https:\/\/www.webtenerife.de\/dasblog\/wp-content\/uploads\/2018\/03\/carnaval-cabalgata-cantinflas.jpg 1024w\" sizes=\"(max-width: 650px) 100vw, 650px\" \/><\/a><\/p>\n<h2 class=\"p1\"><span class=\"s1\">Wachsende Beliebtheit des Karnevals<\/span><\/h2>\n<p class=\"p1\"><span class=\"s1\">Der Karneval wurde nach und nach immer gr\u00f6sser, nicht nur f\u00fcr die Einheimischen, sondern auch f\u00fcr die Touristen, die im Laufe des 20. Jahrhunderts kamen. Im Jahr 1925 wurde das erste Karnevalsprogramm von Teneriffa vom Stadtrat von Santa Cruz de Tenerife ins Leben gerufen, der ab diesem Zeitpunkt f\u00fcr die Organisation der Veranstaltung zust\u00e4ndig war. Hier ist die eigentliche Geburt der sogenannten <a href=\"https:\/\/www.webtenerife.de\/dasblog\/2018\/02\/hohepunkte-des-karnevals-von-santa-cruz-2018-und-begriffserklarung\/\" target=\"_blank\" rel=\"noopener\">\u201eMurgas, Comparsas, Rondallas\u201c und verschiedenen Karnevals-Gruppen<\/a>, die immer komplexere und aufwendigere Kost\u00fcme entwarfen.<\/span><\/p>\n<p class=\"p1\"><span class=\"s1\">W\u00e4hrend der Diktatur Franco\u2019s wurde versucht, diese Verb\u00e4nde zu unterdr\u00fccken, jedoch im Jahr 1961 akzeptierte man schliesslich den Karneval unter dem besch\u00f6nigenden Namen \u201eWinterfest\u201c. Im Jahr 1967 erh\u00e4lt es die Auszeichnung \u201eFeier von nationalem touristischem Interesse\u201c und im Jahr 1980, wieder unter dem Namen \u201eKarneval\u201c, gab es die Anerkennung \u201eFestival von internationalem touristischem Interesse\u201c.<\/span><\/p>\n<p><a href=\"https:\/\/www.webtenerife.de\/dasblog\/2018\/03\/die-geschichte-des-karnevals-auf-teneriffa\/detalles-del-traje-de-la-tercera-dama-2-large\/\" rel=\"attachment wp-att-1687\"><img decoding=\"async\" class=\"aligncenter size-large wp-image-1687\" src=\"https:\/\/www.webtenerife.de\/dasblog\/wp-content\/uploads\/2018\/03\/Detalles-del-traje-de-la-tercera-dama-2-Large-690x460.jpg\" alt=\"\" width=\"650\" height=\"433\" srcset=\"https:\/\/www.webtenerife.de\/dasblog\/wp-content\/uploads\/2018\/03\/Detalles-del-traje-de-la-tercera-dama-2-Large-690x460.jpg 690w, https:\/\/www.webtenerife.de\/dasblog\/wp-content\/uploads\/2018\/03\/Detalles-del-traje-de-la-tercera-dama-2-Large-300x200.jpg 300w, https:\/\/www.webtenerife.de\/dasblog\/wp-content\/uploads\/2018\/03\/Detalles-del-traje-de-la-tercera-dama-2-Large-768x512.jpg 768w, https:\/\/www.webtenerife.de\/dasblog\/wp-content\/uploads\/2018\/03\/Detalles-del-traje-de-la-tercera-dama-2-Large-83x55.jpg 83w, https:\/\/www.webtenerife.de\/dasblog\/wp-content\/uploads\/2018\/03\/Detalles-del-traje-de-la-tercera-dama-2-Large-75x50.jpg 75w, https:\/\/www.webtenerife.de\/dasblog\/wp-content\/uploads\/2018\/03\/Detalles-del-traje-de-la-tercera-dama-2-Large.jpg 1620w\" sizes=\"(max-width: 650px) 100vw, 650px\" \/><\/a><\/p>\n<p class=\"p1\"><span class=\"s1\">Ihr werdet nicht zur Karnevalszeit nach Teneriffa kommen, aber interessiert euch sehr daf\u00fcr? Kein Problem, dann besucht das <a href=\"https:\/\/www.webtenerife.de\/aktivitaten\/karneval\/casa-del-carnaval.htm\" target=\"_blank\" rel=\"noopener\">Haus des Karnevals in Santa Cruz de Tenerife<\/a>. Eine Ausstellung bei der ihr das ganze Jahr \u00fcber die aufwendigen Kost\u00fcme bewundern k\u00f6nnt, unter anderem auch die der Karnevalsk\u00f6niginnen, und zudem erfahrt ihr alles \u00fcber die Geschichte.<\/span><\/p>\n<h2 class=\"p1\"><span class=\"s1\">Wie l\u00e4uft der Karneval auf Teneriffa ab?<\/span><\/h2>\n<p class=\"p1\"><span class=\"s1\">Es ist die Veranstaltung, zu der alle eingeladen sind. Viele Freundeskreise und Bekannte verbringen Wochen oder sogar Monate, um ihre originellen Outfits zu entwerfen.<\/span><\/p>\n<p class=\"p1\"><span class=\"s1\">Tausende von Touristen str\u00f6men in die Hauptstadt, um die <a href=\"https:\/\/www.webtenerife.de\/aktivitaten\/karneval\/konigin\/\" target=\"_blank\" rel=\"noopener\">Karnevalsk\u00f6nigin und deren Gefolge<\/a> auf den Paraden zu sehen&#8230; Bei dem <a href=\"https:\/\/www.webtenerife.de\/dasblog\/2018\/02\/hohepunkte-des-karnevals-von-santa-cruz-2018-und-begriffserklarung\/\" target=\"_blank\" rel=\"noopener\">grossen Umzug \u201eCoso Apoteosis\u201c<\/a> kamen 2018 7.000 Touristen und Journalisten aus L\u00e4ndern wie Russland, Finnland, Polen oder D\u00e4nemark.<\/span><\/p>\n<p><a href=\"https:\/\/www.webtenerife.de\/dasblog\/2018\/03\/die-geschichte-des-karnevals-auf-teneriffa\/reina-y-auditorio\/\" rel=\"attachment wp-att-1688\"><img loading=\"lazy\" decoding=\"async\" class=\"aligncenter size-large wp-image-1688\" src=\"https:\/\/www.webtenerife.de\/dasblog\/wp-content\/uploads\/2018\/03\/Reina-y-Auditorio-690x460.jpg\" alt=\"\" width=\"650\" height=\"433\" srcset=\"https:\/\/www.webtenerife.de\/dasblog\/wp-content\/uploads\/2018\/03\/Reina-y-Auditorio-690x460.jpg 690w, https:\/\/www.webtenerife.de\/dasblog\/wp-content\/uploads\/2018\/03\/Reina-y-Auditorio-300x200.jpg 300w, https:\/\/www.webtenerife.de\/dasblog\/wp-content\/uploads\/2018\/03\/Reina-y-Auditorio-768x512.jpg 768w, https:\/\/www.webtenerife.de\/dasblog\/wp-content\/uploads\/2018\/03\/Reina-y-Auditorio-83x55.jpg 83w, https:\/\/www.webtenerife.de\/dasblog\/wp-content\/uploads\/2018\/03\/Reina-y-Auditorio-75x50.jpg 75w, https:\/\/www.webtenerife.de\/dasblog\/wp-content\/uploads\/2018\/03\/Reina-y-Auditorio.jpg 2048w\" sizes=\"(max-width: 650px) 100vw, 650px\" \/><\/a><\/p>\n<p class=\"p1\"><span class=\"s1\">Wenn der Karneval zu Ende geht, werden die Kost\u00fcme und die Trommeln an ihren Platz zur\u00fcckgelegt; allerdings nicht f\u00fcr lange Zeit, denn der n\u00e4chste Karneval kommt schon bald.<\/span><\/p>\n","protected":false},"excerpt":{"rendered":"<p>Wir sind immer noch in Karnevalslaune, denn einige Gemeinden Teneriffas feiern jetzt noch Karneval. Farben und Rhythmen \u00fcberfluten die Stra\u00dfen; alle Menschen sind eingeladen, an der gro\u00dfen Show teilzunehmen. Aber wie hat das eigentlich angefangen mit dem Karneval auf Teneriffa? Kennt ihr die Urspr\u00fcnge dieser beliebten Veranstaltung? Urspr\u00fcnge des Karnevals [&hellip;]<\/p>\n","protected":false},"author":5,"featured_media":1685,"comment_status":"open","ping_status":"open","sticky":false,"template":"","format":"standard","meta":{"footnotes":""},"categories":[34,85],"tags":[402,403,397,295],"class_list":["post-1684","post","type-post","status-publish","format-standard","has-post-thumbnail","hentry","category-kultur","category-tradition","tag-geschichte-des-karnevals","tag-karneval-kanarische-inseln","tag-karneval-teneriffa","tag-webtenerife"],"_links":{"self":[{"href":"https:\/\/www.webtenerife.de\/dasblog\/wp-json\/wp\/v2\/posts\/1684","targetHints":{"allow":["GET"]}}],"collection":[{"href":"https:\/\/www.webtenerife.de\/dasblog\/wp-json\/wp\/v2\/posts"}],"about":[{"href":"https:\/\/www.webtenerife.de\/dasblog\/wp-json\/wp\/v2\/types\/post"}],"author":[{"embeddable":true,"href":"https:\/\/www.webtenerife.de\/dasblog\/wp-json\/wp\/v2\/users\/5"}],"replies":[{"embeddable":true,"href":"https:\/\/www.webtenerife.de\/dasblog\/wp-json\/wp\/v2\/comments?post=1684"}],"version-history":[{"count":2,"href":"https:\/\/www.webtenerife.de\/dasblog\/wp-json\/wp\/v2\/posts\/1684\/revisions"}],"predecessor-version":[{"id":1690,"href":"https:\/\/www.webtenerife.de\/dasblog\/wp-json\/wp\/v2\/posts\/1684\/revisions\/1690"}],"wp:featuredmedia":[{"embeddable":true,"href":"https:\/\/www.webtenerife.de\/dasblog\/wp-json\/wp\/v2\/media\/1685"}],"wp:attachment":[{"href":"https:\/\/www.webtenerife.de\/dasblog\/wp-json\/wp\/v2\/media?parent=1684"}],"wp:term":[{"taxonomy":"category","embeddable":true,"href":"https:\/\/www.webtenerife.de\/dasblog\/wp-json\/wp\/v2\/categories?post=1684"},{"taxonomy":"post_tag","embeddable":true,"href":"https:\/\/www.webtenerife.de\/dasblog\/wp-json\/wp\/v2\/tags?post=1684"}],"curies":[{"name":"wp","href":"https:\/\/api.w.org\/{rel}","templated":true}]}}