{"id":1668,"date":"2018-02-13T14:09:01","date_gmt":"2018-02-13T13:09:01","guid":{"rendered":"https:\/\/www.webtenerife.de\/dasblog\/?p=1668"},"modified":"2018-02-13T14:11:12","modified_gmt":"2018-02-13T13:11:12","slug":"hohepunkte-des-karnevals-von-santa-cruz-2018-und-begriffserklarung","status":"publish","type":"post","link":"https:\/\/www.webtenerife.de\/dasblog\/2018\/02\/hohepunkte-des-karnevals-von-santa-cruz-2018-und-begriffserklarung\/","title":{"rendered":"H\u00f6hepunkte des Karnevals von Santa Cruz 2018 und Begriffserkl\u00e4rung"},"content":{"rendered":"<p><a href=\"https:\/\/www.webtenerife.de\/dasblog\/2018\/02\/hohepunkte-des-karnevals-von-santa-cruz-2018-und-begriffserklarung\/post-1\/\" rel=\"attachment wp-att-1669\"><img fetchpriority=\"high\" decoding=\"async\" class=\"aligncenter size-large wp-image-1669\" src=\"https:\/\/www.webtenerife.de\/dasblog\/wp-content\/uploads\/2018\/02\/post-1-690x460.jpg\" alt=\"\" width=\"650\" height=\"433\" srcset=\"https:\/\/www.webtenerife.de\/dasblog\/wp-content\/uploads\/2018\/02\/post-1-690x460.jpg 690w, https:\/\/www.webtenerife.de\/dasblog\/wp-content\/uploads\/2018\/02\/post-1-300x200.jpg 300w, https:\/\/www.webtenerife.de\/dasblog\/wp-content\/uploads\/2018\/02\/post-1-768x512.jpg 768w, https:\/\/www.webtenerife.de\/dasblog\/wp-content\/uploads\/2018\/02\/post-1-82x55.jpg 82w, https:\/\/www.webtenerife.de\/dasblog\/wp-content\/uploads\/2018\/02\/post-1-75x50.jpg 75w, https:\/\/www.webtenerife.de\/dasblog\/wp-content\/uploads\/2018\/02\/post-1.jpg 1024w\" sizes=\"(max-width: 650px) 100vw, 650px\" \/><\/a><\/p>\n<p class=\"p1\"><span class=\"s1\">W\u00e4hrend der Karnevalswoche in Santa Cruz werdet ihr einige Begriffe h\u00f6ren, die wir euch heute mal erkl\u00e4ren werden:<\/span><\/p>\n<h2 class=\"p1\"><span class=\"s1\">Die \u201eComparsas\u201c<\/span><\/h2>\n<p><a href=\"https:\/\/www.webtenerife.de\/dasblog\/2018\/02\/hohepunkte-des-karnevals-von-santa-cruz-2018-und-begriffserklarung\/comparsa-carnaval\/\" rel=\"attachment wp-att-1670\"><img decoding=\"async\" class=\"aligncenter size-large wp-image-1670\" src=\"https:\/\/www.webtenerife.de\/dasblog\/wp-content\/uploads\/2018\/02\/Comparsa-carnaval-690x420.jpg\" alt=\"\" width=\"650\" height=\"396\" srcset=\"https:\/\/www.webtenerife.de\/dasblog\/wp-content\/uploads\/2018\/02\/Comparsa-carnaval-690x420.jpg 690w, https:\/\/www.webtenerife.de\/dasblog\/wp-content\/uploads\/2018\/02\/Comparsa-carnaval-300x182.jpg 300w, https:\/\/www.webtenerife.de\/dasblog\/wp-content\/uploads\/2018\/02\/Comparsa-carnaval-768x467.jpg 768w, https:\/\/www.webtenerife.de\/dasblog\/wp-content\/uploads\/2018\/02\/Comparsa-carnaval-90x55.jpg 90w, https:\/\/www.webtenerife.de\/dasblog\/wp-content\/uploads\/2018\/02\/Comparsa-carnaval.jpg 1199w\" sizes=\"(max-width: 650px) 100vw, 650px\" \/><\/a><\/p>\n<p class=\"p1\"><span class=\"s1\">Das sind die musikalischen Karnevalsgruppen, die Farbe, Freude und Rhythmus in den Karneval mit \u00fcberschw\u00e4nglichen Kost\u00fcmen und klangvollen Trommeln bringen. Ihr Wettbewerb fand am 3. Februar hinter verschlossenen T\u00fcren statt und am 10. Februar sind sie auf die Stra\u00dfe gegangen, um bei der Parade &#8222;Rhythm and Harmony&#8220; auf der Francisco La Roche Avenue ihre Choreographie und tollen Kost\u00fcme zu zeigen. Auch bei anderen Karnevalsveranstaltungen und besonders bei dem Apotheose-Umzug kann man sie bestaunen.<\/span><\/p>\n<h2 class=\"p1\"><span class=\"s1\">Die \u201eEntierro de la Sardina\u201c<\/span><\/h2>\n<p><a href=\"https:\/\/www.webtenerife.de\/dasblog\/2018\/02\/hohepunkte-des-karnevals-von-santa-cruz-2018-und-begriffserklarung\/entierro-sardina\/\" rel=\"attachment wp-att-1671\"><img decoding=\"async\" class=\"aligncenter size-large wp-image-1671\" src=\"https:\/\/www.webtenerife.de\/dasblog\/wp-content\/uploads\/2018\/02\/Entierro-Sardina-690x655.jpg\" alt=\"\" width=\"650\" height=\"617\" srcset=\"https:\/\/www.webtenerife.de\/dasblog\/wp-content\/uploads\/2018\/02\/Entierro-Sardina-690x655.jpg 690w, https:\/\/www.webtenerife.de\/dasblog\/wp-content\/uploads\/2018\/02\/Entierro-Sardina-300x285.jpg 300w, https:\/\/www.webtenerife.de\/dasblog\/wp-content\/uploads\/2018\/02\/Entierro-Sardina-58x55.jpg 58w, https:\/\/www.webtenerife.de\/dasblog\/wp-content\/uploads\/2018\/02\/Entierro-Sardina.jpg 759w\" sizes=\"(max-width: 650px) 100vw, 650px\" \/><\/a><\/p>\n<p class=\"p1\"><span class=\"s1\">Eine der lustigsten N\u00e4chte ist die Beerdigung der Sardine. Hier verkleidet man sich als Witwe und verabschiedet mit gro\u00dfem Kummer und Tr\u00e4nen den Karneval. Am Aschermittwoch, den 14. Februar, ab 22 Uhr, beginnt der Trauerumzug, welcher mit der symbolischen Beerdigung der Sardine enden wird.<\/span><\/p>\n<h2 class=\"p1\"><span class=\"s1\">&#8222;Apotheose-Umzug&#8220;<\/span><\/h2>\n<p><a href=\"https:\/\/www.webtenerife.de\/dasblog\/2018\/02\/hohepunkte-des-karnevals-von-santa-cruz-2018-und-begriffserklarung\/martes-de-carnaval\/\" rel=\"attachment wp-att-1672\"><img loading=\"lazy\" decoding=\"async\" class=\"aligncenter size-large wp-image-1672\" src=\"https:\/\/www.webtenerife.de\/dasblog\/wp-content\/uploads\/2018\/02\/Martes-de-Carnaval-690x415.jpg\" alt=\"\" width=\"650\" height=\"391\" srcset=\"https:\/\/www.webtenerife.de\/dasblog\/wp-content\/uploads\/2018\/02\/Martes-de-Carnaval-690x415.jpg 690w, https:\/\/www.webtenerife.de\/dasblog\/wp-content\/uploads\/2018\/02\/Martes-de-Carnaval-300x180.jpg 300w, https:\/\/www.webtenerife.de\/dasblog\/wp-content\/uploads\/2018\/02\/Martes-de-Carnaval-768x462.jpg 768w, https:\/\/www.webtenerife.de\/dasblog\/wp-content\/uploads\/2018\/02\/Martes-de-Carnaval-91x55.jpg 91w, https:\/\/www.webtenerife.de\/dasblog\/wp-content\/uploads\/2018\/02\/Martes-de-Carnaval.jpg 1063w\" sizes=\"(max-width: 650px) 100vw, 650px\" \/><\/a><\/p>\n<p class=\"p1\"><span class=\"s1\">Der Karnevals-Dienstag ist einer der wichtigsten Tage, weil hier der Umzug mit den \u201eComparsas\u201c und den Karnevals-K\u00f6niginnen durch die Stra\u00dfen von Santa Cruz zieht. Dieses Jahr wird der 13. Februar von 16:00 Uhr sein.<\/span><\/p>\n<h2 class=\"p1\"><span class=\"s1\">Die \u201eRondallas\u201c<\/span><\/h2>\n<p><a href=\"https:\/\/www.webtenerife.de\/dasblog\/2018\/02\/hohepunkte-des-karnevals-von-santa-cruz-2018-und-begriffserklarung\/rondallas\/\" rel=\"attachment wp-att-1673\"><img loading=\"lazy\" decoding=\"async\" class=\"aligncenter size-large wp-image-1673\" src=\"https:\/\/www.webtenerife.de\/dasblog\/wp-content\/uploads\/2018\/02\/Rondallas-690x307.jpg\" alt=\"\" width=\"650\" height=\"289\" srcset=\"https:\/\/www.webtenerife.de\/dasblog\/wp-content\/uploads\/2018\/02\/Rondallas-690x307.jpg 690w, https:\/\/www.webtenerife.de\/dasblog\/wp-content\/uploads\/2018\/02\/Rondallas-300x133.jpg 300w, https:\/\/www.webtenerife.de\/dasblog\/wp-content\/uploads\/2018\/02\/Rondallas-768x342.jpg 768w, https:\/\/www.webtenerife.de\/dasblog\/wp-content\/uploads\/2018\/02\/Rondallas-124x55.jpg 124w, https:\/\/www.webtenerife.de\/dasblog\/wp-content\/uploads\/2018\/02\/Rondallas.jpg 1023w\" sizes=\"(max-width: 650px) 100vw, 650px\" \/><\/a><\/p>\n<p class=\"p1\"><span class=\"s1\">Die \u201eRondallas&#8220; sind die ersten Vertreter von Musikgruppen, die im Karneval von Santa Cruz entstanden sind. Ihre Performances zeichnen sich durch Gesangstechnik und sarkastischer Interpretation aktueller Themen aus Politik und Kultur aus. Ihr Wettbewerb fand am 4. Februar statt und am 11. und 12. Februar ging es auf die Strasse, wo verschiedene Auff\u00fchrungen stattfanden.<\/span><\/p>\n<h2 class=\"p1\"><span class=\"s1\">\u201ePi\u00f1ata\u201c Sonntag<\/span><\/h2>\n<p class=\"p1\"><span class=\"s1\">Der Sonntag, der 18. Februar, ist der letzte Karnevalstag in Santa Cruz und wird nach dem Umzug am Samstag ruhiger gefeiert. Am Morgen fahren Oldtimer durch die Stadt, w\u00e4hrend der Abschied um 21 Uhr mit einem grossen Feuerwerk stattfindet.<\/span><\/p>\n<p class=\"p1\"><span class=\"s1\">Wir w\u00fcnschen euch noch viel Spa\u00df beim <a href=\"https:\/\/www.webtenerife.de\/aktivitaten\/karneval\/?_ga=2.197431983.1892460805.1518390731-726051890.1455821893\" target=\"_blank\" rel=\"noopener\">Karneval 2018 in der Hauptstadt<\/a> von Teneriffa!<\/span><\/p>\n","protected":false},"excerpt":{"rendered":"<p>W\u00e4hrend der Karnevalswoche in Santa Cruz werdet ihr einige Begriffe h\u00f6ren, die wir euch heute mal erkl\u00e4ren werden: Die \u201eComparsas\u201c Das sind die musikalischen Karnevalsgruppen, die Farbe, Freude und Rhythmus in den Karneval mit \u00fcberschw\u00e4nglichen Kost\u00fcmen und klangvollen Trommeln bringen. Ihr Wettbewerb fand am 3. Februar hinter verschlossenen T\u00fcren statt [&hellip;]<\/p>\n","protected":false},"author":5,"featured_media":1669,"comment_status":"open","ping_status":"open","sticky":false,"template":"","format":"standard","meta":{"footnotes":""},"categories":[34,85,1],"tags":[398,400,397,295],"class_list":["post-1668","post","type-post","status-publish","format-standard","has-post-thumbnail","hentry","category-kultur","category-tradition","category-verschiedenes","tag-karneval-2018","tag-karneval-santa-cruz","tag-karneval-teneriffa","tag-webtenerife"],"_links":{"self":[{"href":"https:\/\/www.webtenerife.de\/dasblog\/wp-json\/wp\/v2\/posts\/1668","targetHints":{"allow":["GET"]}}],"collection":[{"href":"https:\/\/www.webtenerife.de\/dasblog\/wp-json\/wp\/v2\/posts"}],"about":[{"href":"https:\/\/www.webtenerife.de\/dasblog\/wp-json\/wp\/v2\/types\/post"}],"author":[{"embeddable":true,"href":"https:\/\/www.webtenerife.de\/dasblog\/wp-json\/wp\/v2\/users\/5"}],"replies":[{"embeddable":true,"href":"https:\/\/www.webtenerife.de\/dasblog\/wp-json\/wp\/v2\/comments?post=1668"}],"version-history":[{"count":5,"href":"https:\/\/www.webtenerife.de\/dasblog\/wp-json\/wp\/v2\/posts\/1668\/revisions"}],"predecessor-version":[{"id":1678,"href":"https:\/\/www.webtenerife.de\/dasblog\/wp-json\/wp\/v2\/posts\/1668\/revisions\/1678"}],"wp:featuredmedia":[{"embeddable":true,"href":"https:\/\/www.webtenerife.de\/dasblog\/wp-json\/wp\/v2\/media\/1669"}],"wp:attachment":[{"href":"https:\/\/www.webtenerife.de\/dasblog\/wp-json\/wp\/v2\/media?parent=1668"}],"wp:term":[{"taxonomy":"category","embeddable":true,"href":"https:\/\/www.webtenerife.de\/dasblog\/wp-json\/wp\/v2\/categories?post=1668"},{"taxonomy":"post_tag","embeddable":true,"href":"https:\/\/www.webtenerife.de\/dasblog\/wp-json\/wp\/v2\/tags?post=1668"}],"curies":[{"name":"wp","href":"https:\/\/api.w.org\/{rel}","templated":true}]}}