{"id":1659,"date":"2018-02-09T14:15:11","date_gmt":"2018-02-09T13:15:11","guid":{"rendered":"https:\/\/www.webtenerife.de\/dasblog\/?p=1659"},"modified":"2018-02-09T23:00:03","modified_gmt":"2018-02-09T22:00:03","slug":"karneval-2018-auf-teneriffa","status":"publish","type":"post","link":"https:\/\/www.webtenerife.de\/dasblog\/2018\/02\/karneval-2018-auf-teneriffa\/","title":{"rendered":"Karneval 2018 auf Teneriffa"},"content":{"rendered":"<p class=\"p1\"><span class=\"s1\">Trommelwirbel ert\u00f6nt in der N\u00e4he, der Rhythmus geht ins Blut \u00fcber und auf den Stra\u00dfen herrscht ausgelassene Freude, die Menschen sind verkleidet, bunte Musik- und Tanzgruppen bringen die Zuschauer zum Tanzen. Alle lachen und haben Spa\u00df&#8230; Kein Zweifel! Das ist der Karneval auf Teneriffa!<\/span><\/p>\n<h2 class=\"p1\"><span class=\"s1\">Karneval von Teneriffa 2018<\/span><\/h2>\n<p><a href=\"https:\/\/www.webtenerife.de\/dasblog\/2018\/02\/karneval-2018-auf-teneriffa\/carnaval\/\" rel=\"attachment wp-att-1660\"><img fetchpriority=\"high\" decoding=\"async\" class=\"aligncenter size-large wp-image-1660\" src=\"https:\/\/www.webtenerife.de\/dasblog\/wp-content\/uploads\/2018\/02\/Carnaval-690x460.jpg\" alt=\"\" width=\"650\" height=\"433\" srcset=\"https:\/\/www.webtenerife.de\/dasblog\/wp-content\/uploads\/2018\/02\/Carnaval-690x460.jpg 690w, https:\/\/www.webtenerife.de\/dasblog\/wp-content\/uploads\/2018\/02\/Carnaval-300x200.jpg 300w, https:\/\/www.webtenerife.de\/dasblog\/wp-content\/uploads\/2018\/02\/Carnaval-768x512.jpg 768w, https:\/\/www.webtenerife.de\/dasblog\/wp-content\/uploads\/2018\/02\/Carnaval-82x55.jpg 82w, https:\/\/www.webtenerife.de\/dasblog\/wp-content\/uploads\/2018\/02\/Carnaval-75x50.jpg 75w, https:\/\/www.webtenerife.de\/dasblog\/wp-content\/uploads\/2018\/02\/Carnaval.jpg 1024w\" sizes=\"(max-width: 650px) 100vw, 650px\" \/><\/a><\/p>\n<p class=\"p1\"><span class=\"s1\">Die erste Stadt, die mit den Feierlichkeiten beginnt, ist Santa Cruz de Tenerife. Tausende von Menschen kommen zusammen, um eines der gr\u00f6\u00dften Feste des Jahres zu erleben. Fantasie ist das Thema des diesj\u00e4hrigen Karneval &#8211; also Feen, Kobolde und Zauberer sind die Stars 2018.<\/span><\/p>\n<p class=\"p1\"><span class=\"s1\">Das Karnevalsplakat mit dem Titel \u201eDer W\u00e4chter des Zepters\u201c, gemalt von Nareme Mahugo Melian, ist eine Hommage an einen anderen historischen Maler der Karnevalsplakate, Juan Galarza.<\/span><\/p>\n<h2 class=\"p1\"><span class=\"s1\">Karnevalsprogramm von Teneriffa 2018<\/span><\/h2>\n<p class=\"p1\"><span class=\"s1\">Wir erkl\u00e4ren euch kurz, wie der Ablauf des Karnevals in Santa Cruz ist und was ihr <a href=\"http:\/\/carnavaldetenerife.com\/carnaval2018\/ProgramaCarnaval2018_versionweb.2018-1.pdf\" target=\"_blank\" rel=\"noopener\">nicht verpassen<\/a> solltet:<\/span><\/p>\n<p class=\"p1\"><span class=\"s1\">Bereits gew\u00e4hlt wurden in diesen Tagen die sogenannten \u201eMurgas\u201c (Karnevalsgruppen), ebenso die Karnevalsk\u00f6niginnen, sowohl Kinder, als auch die Senioren. Diese Ereignisse wurden im Messezentrum der Stadt (nur mit Eintrittskarten) ausgetragen. Der Karneval auf den Stra\u00dfen findet immer nach der <a href=\"https:\/\/www.webtenerife.de\/aktivitaten\/karneval\/konigin\/\" target=\"_blank\" rel=\"noopener\">Wahl der K\u00f6nigin<\/a> statt.<\/span><\/p>\n<p><a href=\"https:\/\/www.webtenerife.de\/dasblog\/2018\/02\/karneval-2018-auf-teneriffa\/carnaval-2\/\" rel=\"attachment wp-att-1661\"><img decoding=\"async\" class=\"aligncenter size-large wp-image-1661\" src=\"https:\/\/www.webtenerife.de\/dasblog\/wp-content\/uploads\/2018\/02\/carnaval-2-690x424.jpg\" alt=\"\" width=\"650\" height=\"399\" srcset=\"https:\/\/www.webtenerife.de\/dasblog\/wp-content\/uploads\/2018\/02\/carnaval-2-690x424.jpg 690w, https:\/\/www.webtenerife.de\/dasblog\/wp-content\/uploads\/2018\/02\/carnaval-2-300x185.jpg 300w, https:\/\/www.webtenerife.de\/dasblog\/wp-content\/uploads\/2018\/02\/carnaval-2-768x472.jpg 768w, https:\/\/www.webtenerife.de\/dasblog\/wp-content\/uploads\/2018\/02\/carnaval-2-89x55.jpg 89w, https:\/\/www.webtenerife.de\/dasblog\/wp-content\/uploads\/2018\/02\/carnaval-2.jpg 1299w\" sizes=\"(max-width: 650px) 100vw, 650px\" \/><\/a><\/p>\n<p class=\"p1\"><span class=\"s1\">Am Freitag, den 9. Februar, beginnt der <a href=\"https:\/\/www.webtenerife.de\/aktivitaten\/karneval\/events\/cabalgatas.htm\" target=\"_blank\" rel=\"noopener\">Er\u00f6ffnungsumzug des Karnevals<\/a> mit den fantasievollen Kost\u00fcmen der K\u00f6niginnen, ihrem Gefolge und den Karnevalsvereinen, die durch die Hauptstra\u00dfen der Stadt ziehen.<\/span><\/p>\n<h2 class=\"p1\"><span class=\"s1\">Karneval bei Nacht 2018<\/span><\/h2>\n<p class=\"p1\"><span class=\"s1\">Am gleichen Freitag beginnt der Karneval bei Nacht, welcher bis zum Samstag, den 17. (mit Ausnahme am Donnerstag, den 15.) stattfindet. Hier wird es verschiedene B\u00fchnen mit Live-Acts geben, zum Beispiel auf der Plaza de la Candelaria, Plaza Principe und der Stra\u00dfe Avenida Francisco La Roche.<\/span><\/p>\n<p><a href=\"https:\/\/www.webtenerife.de\/dasblog\/2018\/02\/karneval-2018-auf-teneriffa\/carnaval-3\/\" rel=\"attachment wp-att-1662\"><img decoding=\"async\" class=\"aligncenter size-large wp-image-1662\" src=\"https:\/\/www.webtenerife.de\/dasblog\/wp-content\/uploads\/2018\/02\/carnaval-3-690x449.jpg\" alt=\"\" width=\"650\" height=\"423\" srcset=\"https:\/\/www.webtenerife.de\/dasblog\/wp-content\/uploads\/2018\/02\/carnaval-3-690x449.jpg 690w, https:\/\/www.webtenerife.de\/dasblog\/wp-content\/uploads\/2018\/02\/carnaval-3-300x195.jpg 300w, https:\/\/www.webtenerife.de\/dasblog\/wp-content\/uploads\/2018\/02\/carnaval-3-768x500.jpg 768w, https:\/\/www.webtenerife.de\/dasblog\/wp-content\/uploads\/2018\/02\/carnaval-3-85x55.jpg 85w, https:\/\/www.webtenerife.de\/dasblog\/wp-content\/uploads\/2018\/02\/carnaval-3-75x50.jpg 75w, https:\/\/www.webtenerife.de\/dasblog\/wp-content\/uploads\/2018\/02\/carnaval-3.jpg 1024w\" sizes=\"(max-width: 650px) 100vw, 650px\" \/><\/a><\/p>\n<p class=\"p1\"><span class=\"s1\">Sebastian Yatra ist einer angesagtesten S\u00e4nger beim diesj\u00e4hrigen \u201eNacht-Karneval\u201c. Seine Latin-Rhythmen wird er am Montag, den 12. Februar um 01:50 Uhr auf der Plaza de la Candelaria zum Besten geben. Danach bleibt es bis bis in die fr\u00fchen Morgenstunden rhythmisch mit Edwin Rivera und dem Salsa-Orchester Sabrosa.<\/span><\/p>\n<h2 class=\"p1\"><span class=\"s1\">Karneval bei Tag 2018<\/span><\/h2>\n<p><a href=\"https:\/\/www.webtenerife.de\/dasblog\/2018\/02\/karneval-2018-auf-teneriffa\/carnaval-4\/\" rel=\"attachment wp-att-1663\"><img loading=\"lazy\" decoding=\"async\" class=\"aligncenter size-large wp-image-1663\" src=\"https:\/\/www.webtenerife.de\/dasblog\/wp-content\/uploads\/2018\/02\/carnaval-4-690x305.jpg\" alt=\"\" width=\"650\" height=\"287\" srcset=\"https:\/\/www.webtenerife.de\/dasblog\/wp-content\/uploads\/2018\/02\/carnaval-4-690x305.jpg 690w, https:\/\/www.webtenerife.de\/dasblog\/wp-content\/uploads\/2018\/02\/carnaval-4-300x133.jpg 300w, https:\/\/www.webtenerife.de\/dasblog\/wp-content\/uploads\/2018\/02\/carnaval-4-768x340.jpg 768w, https:\/\/www.webtenerife.de\/dasblog\/wp-content\/uploads\/2018\/02\/carnaval-4-124x55.jpg 124w, https:\/\/www.webtenerife.de\/dasblog\/wp-content\/uploads\/2018\/02\/carnaval-4.jpg 1200w\" sizes=\"(max-width: 650px) 100vw, 650px\" \/><\/a><\/p>\n","protected":false},"excerpt":{"rendered":"<p>Trommelwirbel ert\u00f6nt in der N\u00e4he, der Rhythmus geht ins Blut \u00fcber und auf den Stra\u00dfen herrscht ausgelassene Freude, die Menschen sind verkleidet, bunte Musik- und Tanzgruppen bringen die Zuschauer zum Tanzen. Alle lachen und haben Spa\u00df&#8230; Kein Zweifel! Das ist der Karneval auf Teneriffa! Karneval von Teneriffa 2018 Die erste [&hellip;]<\/p>\n","protected":false},"author":5,"featured_media":1660,"comment_status":"open","ping_status":"open","sticky":false,"template":"","format":"standard","meta":{"footnotes":""},"categories":[145,85,1],"tags":[352,342,398,397,399,229,295],"class_list":["post-1659","post","type-post","status-publish","format-standard","has-post-thumbnail","hentry","category-nightlife","category-tradition","category-verschiedenes","tag-kanarische-inseln","tag-karneval","tag-karneval-2018","tag-karneval-teneriffa","tag-karnevalskonigin","tag-teneriffa","tag-webtenerife"],"_links":{"self":[{"href":"https:\/\/www.webtenerife.de\/dasblog\/wp-json\/wp\/v2\/posts\/1659","targetHints":{"allow":["GET"]}}],"collection":[{"href":"https:\/\/www.webtenerife.de\/dasblog\/wp-json\/wp\/v2\/posts"}],"about":[{"href":"https:\/\/www.webtenerife.de\/dasblog\/wp-json\/wp\/v2\/types\/post"}],"author":[{"embeddable":true,"href":"https:\/\/www.webtenerife.de\/dasblog\/wp-json\/wp\/v2\/users\/5"}],"replies":[{"embeddable":true,"href":"https:\/\/www.webtenerife.de\/dasblog\/wp-json\/wp\/v2\/comments?post=1659"}],"version-history":[{"count":3,"href":"https:\/\/www.webtenerife.de\/dasblog\/wp-json\/wp\/v2\/posts\/1659\/revisions"}],"predecessor-version":[{"id":1666,"href":"https:\/\/www.webtenerife.de\/dasblog\/wp-json\/wp\/v2\/posts\/1659\/revisions\/1666"}],"wp:featuredmedia":[{"embeddable":true,"href":"https:\/\/www.webtenerife.de\/dasblog\/wp-json\/wp\/v2\/media\/1660"}],"wp:attachment":[{"href":"https:\/\/www.webtenerife.de\/dasblog\/wp-json\/wp\/v2\/media?parent=1659"}],"wp:term":[{"taxonomy":"category","embeddable":true,"href":"https:\/\/www.webtenerife.de\/dasblog\/wp-json\/wp\/v2\/categories?post=1659"},{"taxonomy":"post_tag","embeddable":true,"href":"https:\/\/www.webtenerife.de\/dasblog\/wp-json\/wp\/v2\/tags?post=1659"}],"curies":[{"name":"wp","href":"https:\/\/api.w.org\/{rel}","templated":true}]}}