{"id":1634,"date":"2017-12-31T15:26:36","date_gmt":"2017-12-31T14:26:36","guid":{"rendered":"https:\/\/www.webtenerife.de\/dasblog\/?p=1634"},"modified":"2017-12-31T16:15:54","modified_gmt":"2017-12-31T15:15:54","slug":"warme-weihnachtsferien-auf-teneriffa","status":"publish","type":"post","link":"https:\/\/www.webtenerife.de\/dasblog\/2017\/12\/warme-weihnachtsferien-auf-teneriffa\/","title":{"rendered":"Warme Weihnachtsferien auf Teneriffa"},"content":{"rendered":"<p class=\"p1\"><span class=\"s1\">Liebt ihr die Weihnachtszeit? Dann werdet ihr Teneriffa lieben.<\/span><\/p>\n<p><a href=\"https:\/\/www.webtenerife.de\/dasblog\/2017\/12\/warme-weihnachtsferien-auf-teneriffa\/parque-nacional-del-teide-volcanes-legendarios-5\/\" rel=\"attachment wp-att-1635\"><img fetchpriority=\"high\" decoding=\"async\" class=\"aligncenter size-large wp-image-1635\" src=\"https:\/\/www.webtenerife.de\/dasblog\/wp-content\/uploads\/2017\/12\/parque-nacional-del-teide-volcanes-legendarios-5-690x782.jpg\" alt=\"\" width=\"650\" height=\"737\" srcset=\"https:\/\/www.webtenerife.de\/dasblog\/wp-content\/uploads\/2017\/12\/parque-nacional-del-teide-volcanes-legendarios-5-690x782.jpg 690w, https:\/\/www.webtenerife.de\/dasblog\/wp-content\/uploads\/2017\/12\/parque-nacional-del-teide-volcanes-legendarios-5-265x300.jpg 265w, https:\/\/www.webtenerife.de\/dasblog\/wp-content\/uploads\/2017\/12\/parque-nacional-del-teide-volcanes-legendarios-5-49x55.jpg 49w, https:\/\/www.webtenerife.de\/dasblog\/wp-content\/uploads\/2017\/12\/parque-nacional-del-teide-volcanes-legendarios-5.jpg 706w\" sizes=\"(max-width: 650px) 100vw, 650px\" \/><\/a><\/p>\n<p class=\"p1\"><span class=\"s1\">Denn wie \u00fcberall in Spanien endet Weihnachten mit den Drei Heiligen K\u00f6nigen am 6. Januar. Bis dahin kann man also unz\u00e4hlige traditionelle Veranstaltungen besuchen und das angenehme Klima beschert uns obendrein unvergessliches Weihnachtsferien auf Teneriffa.<\/span><\/p>\n<p class=\"p1\"><span class=\"s1\">K\u00f6nnt ihr euch vorstellen, am 25. Dezember an einem paradiesischen Strand entlang zu spazieren, bevor ihr in kristallklares Wasser abtaucht? Bei uns ist das kein Problem!<\/span><\/p>\n<p class=\"p1\"><span class=\"s1\">Aber neben dem spektakul\u00e4ren Klima und der atemberaubenden Natur der Insel, bietet Teneriffa viele kulturelle Events in der Weihnachtszeit. Zum Beispiel, kann man unter freiem Himmel dem Weihnachtskonzert in der Hauptstadt, Santa Cruz, lauschen. Unbedingt probieren m\u00fcsst ihr die \u201eTruchas de Boniato y Cabello de \u00c1ngel\u201c, ein typisches Weihnachtsgeb\u00e4ck. Und auf keinen Fall vers\u00e4umen sollte man die<a href=\"https:\/\/www.webtenerife.de\/veranstaltungskalender\/belenes-tradicionales.htm\" target=\"_blank\" rel=\"noopener\"> liebevoll handgearbeiteten Krippen<\/a>, die in \u00f6ffentlichen Geb\u00e4uden, auf Rathauspl\u00e4tzen oder privat in den Gemeinden ausgestellt werden.<\/span><\/p>\n<p><a href=\"https:\/\/www.webtenerife.de\/dasblog\/2017\/12\/warme-weihnachtsferien-auf-teneriffa\/compras3\/\" rel=\"attachment wp-att-1636\"><img decoding=\"async\" class=\"aligncenter size-large wp-image-1636\" src=\"https:\/\/www.webtenerife.de\/dasblog\/wp-content\/uploads\/2017\/12\/compras3-690x460.jpg\" alt=\"\" width=\"650\" height=\"433\" srcset=\"https:\/\/www.webtenerife.de\/dasblog\/wp-content\/uploads\/2017\/12\/compras3-690x460.jpg 690w, https:\/\/www.webtenerife.de\/dasblog\/wp-content\/uploads\/2017\/12\/compras3-300x200.jpg 300w, https:\/\/www.webtenerife.de\/dasblog\/wp-content\/uploads\/2017\/12\/compras3-768x512.jpg 768w, https:\/\/www.webtenerife.de\/dasblog\/wp-content\/uploads\/2017\/12\/compras3-82x55.jpg 82w, https:\/\/www.webtenerife.de\/dasblog\/wp-content\/uploads\/2017\/12\/compras3-75x50.jpg 75w, https:\/\/www.webtenerife.de\/dasblog\/wp-content\/uploads\/2017\/12\/compras3.jpg 1024w\" sizes=\"(max-width: 650px) 100vw, 650px\" \/><\/a><\/p>\n<h2 class=\"p1\"><span class=\"s1\">Aktivit\u00e4ten f\u00fcr die ganze Familie<\/span><\/h2>\n<p class=\"p1\"><span class=\"s1\">Neben dem Weihnachtskonzert des Sinfonieorchesters von Teneriffa, findet in der Hauptstadt die <a href=\"https:\/\/www.webtenerife.de\/veranstaltungskalender\/pit-2018.htm\" target=\"_blank\" rel=\"noopener\">PIT<\/a> im Internationalen Zentrum f\u00fcr Messen und Kongresse statt. Drei Wochen lang werden verschiedene Freizeitveranstaltungen f\u00fcr Kinder geboten.<\/span><\/p>\n<p class=\"p1\"><span class=\"s1\">Au\u00dferdem gibt es Santa Cruz de Tenerife eine kleine Eisbahn. Schlittschuhlaufen unter Palmen, ist das nicht toll?!<\/span><\/p>\n<p class=\"p1\"><span class=\"s1\">Auch die Museen von Teneriffa laden w\u00e4hrend dieser Weihnachtsferien zu einem vielf\u00e4ltigen Freizeit- und Bildungsangebot mit interessanten Workshops ein.<\/span><\/p>\n<h2 class=\"p1\"><span class=\"s1\">Neuheiten in diesem Jahr in der Hauptstadt<\/span><\/h2>\n<p class=\"p1\"><span class=\"s1\">Neu in diesem Jahr ist \u201eEl Rinconcito Navide\u00f1o\u201c mit Jahrmarkt, Verkauf von Weihnachtsschmuck, Weihnachtsgeb\u00e4ck, Food Trucks und Aktivit\u00e4ten f\u00fcr Kinder, ganz \u00e4hnlich wie auf einem Weihnachtsmarkt.<\/span><\/p>\n<p><a href=\"https:\/\/www.webtenerife.de\/dasblog\/2017\/12\/warme-weihnachtsferien-auf-teneriffa\/navidad-1024x682\/\" rel=\"attachment wp-att-1637\"><img decoding=\"async\" class=\"aligncenter size-large wp-image-1637\" src=\"https:\/\/www.webtenerife.de\/dasblog\/wp-content\/uploads\/2017\/12\/navidad-1024x682-690x460.jpg\" alt=\"\" width=\"650\" height=\"433\" srcset=\"https:\/\/www.webtenerife.de\/dasblog\/wp-content\/uploads\/2017\/12\/navidad-1024x682-690x460.jpg 690w, https:\/\/www.webtenerife.de\/dasblog\/wp-content\/uploads\/2017\/12\/navidad-1024x682-300x200.jpg 300w, https:\/\/www.webtenerife.de\/dasblog\/wp-content\/uploads\/2017\/12\/navidad-1024x682-768x512.jpg 768w, https:\/\/www.webtenerife.de\/dasblog\/wp-content\/uploads\/2017\/12\/navidad-1024x682-83x55.jpg 83w, https:\/\/www.webtenerife.de\/dasblog\/wp-content\/uploads\/2017\/12\/navidad-1024x682-75x50.jpg 75w, https:\/\/www.webtenerife.de\/dasblog\/wp-content\/uploads\/2017\/12\/navidad-1024x682.jpg 1024w\" sizes=\"(max-width: 650px) 100vw, 650px\" \/><\/a><\/p>\n<h2 class=\"p1\"><span class=\"s1\">Begr\u00fcsst das Neue Jahr mit einem Sprung in den Atlantik <\/span><\/h2>\n<p class=\"p1\"><span class=\"s1\">Den Silvesterabend draussen unter Palmen verbringen, ist wirklich etwas ganz besonderes.<\/span><\/p>\n<p class=\"p1\"><span class=\"s1\">Auf Teneriffa beginnt man den Abend mit einem Galadinner in einem der vielen <a href=\"https:\/\/www.webtenerife.de\/aktivitaten\/essen-und-trinken\/restaurants\/?_ga=2.168777954.2114612150.1514499999-726051890.1455821893\" target=\"_blank\" rel=\"noopener\">Restaurants<\/a> oder Hotels. Den restlichen Abend verbringt man unter dem Sternenhimmel und geniesst die farbenfrohen Feuerwerke. Am n\u00e4chsten Morgen dann k\u00f6nnt ihr im Meer abtauchen, als Symbol f\u00fcr Erneuerung und Reinheit und so 2018 einmal ganz anders begr\u00fcssen.<\/span><\/p>\n<p><a href=\"https:\/\/www.webtenerife.de\/dasblog\/2017\/12\/warme-weihnachtsferien-auf-teneriffa\/estrellas\/\" rel=\"attachment wp-att-1638\"><img loading=\"lazy\" decoding=\"async\" class=\"aligncenter size-large wp-image-1638\" src=\"https:\/\/www.webtenerife.de\/dasblog\/wp-content\/uploads\/2017\/12\/estrellas-690x460.jpg\" alt=\"\" width=\"650\" height=\"433\" srcset=\"https:\/\/www.webtenerife.de\/dasblog\/wp-content\/uploads\/2017\/12\/estrellas-690x460.jpg 690w, https:\/\/www.webtenerife.de\/dasblog\/wp-content\/uploads\/2017\/12\/estrellas-300x200.jpg 300w, https:\/\/www.webtenerife.de\/dasblog\/wp-content\/uploads\/2017\/12\/estrellas-768x512.jpg 768w, https:\/\/www.webtenerife.de\/dasblog\/wp-content\/uploads\/2017\/12\/estrellas-82x55.jpg 82w, https:\/\/www.webtenerife.de\/dasblog\/wp-content\/uploads\/2017\/12\/estrellas-75x50.jpg 75w, https:\/\/www.webtenerife.de\/dasblog\/wp-content\/uploads\/2017\/12\/estrellas.jpg 1024w\" sizes=\"(max-width: 650px) 100vw, 650px\" \/><\/a><\/p>\n<h2 class=\"p1\"><span class=\"s1\">Die Drei Heiligen K\u00f6nige auf Teneriffa<\/span><\/h2>\n<p class=\"p1\"><span class=\"s1\">Weihnachten ist auch eine Zeit f\u00fcr Festumz\u00fcge, der wichtigste findet am Abend vor den Drei Heiligen K\u00f6nigen, also am 5. Januar, in s\u00e4mtlichen Gemeinden der Insel statt.<\/span><\/p>\n<p><a href=\"https:\/\/www.webtenerife.de\/dasblog\/2017\/12\/warme-weihnachtsferien-auf-teneriffa\/1660ee39326900b2c9bc812a906700cd\/\" rel=\"attachment wp-att-1639\"><img loading=\"lazy\" decoding=\"async\" class=\"size-full wp-image-1639 alignleft\" src=\"https:\/\/www.webtenerife.de\/dasblog\/wp-content\/uploads\/2017\/12\/1660ee39326900b2c9bc812a906700cd.jpg\" alt=\"\" width=\"320\" height=\"260\" srcset=\"https:\/\/www.webtenerife.de\/dasblog\/wp-content\/uploads\/2017\/12\/1660ee39326900b2c9bc812a906700cd.jpg 320w, https:\/\/www.webtenerife.de\/dasblog\/wp-content\/uploads\/2017\/12\/1660ee39326900b2c9bc812a906700cd-300x244.jpg 300w, https:\/\/www.webtenerife.de\/dasblog\/wp-content\/uploads\/2017\/12\/1660ee39326900b2c9bc812a906700cd-68x55.jpg 68w\" sizes=\"(max-width: 320px) 100vw, 320px\" \/><\/a><\/p>\n<p class=\"p1\"><span class=\"s1\">Hier kommen tausende von Familien zusammen, um die Ankunft der Heiligen Drei K\u00f6nige aus dem Orient und deren Gefolge zu feiern. Meistens reiten sie auf ihren Kamelen (traditionelle Art), doch auch in Oldtimern, selbstgebauten Karossen oder sogar zu Fu\u00df treffen sie auf der Insel ein und verschenken S\u00fc\u00dfigkeiten an Jung und Alt. Am n\u00e4chsten Morgen dann, am 6. Januar, ja endlich, gibt es die langersehnten Weihnachtsgeschenke, bevor der Zauber von Weinachten wieder vorbei ist\u2026<\/span><\/p>\n","protected":false},"excerpt":{"rendered":"<p>Liebt ihr die Weihnachtszeit? Dann werdet ihr Teneriffa lieben. Denn wie \u00fcberall in Spanien endet Weihnachten mit den Drei Heiligen K\u00f6nigen am 6. Januar. Bis dahin kann man also unz\u00e4hlige traditionelle Veranstaltungen besuchen und das angenehme Klima beschert uns obendrein unvergessliches Weihnachtsferien auf Teneriffa. K\u00f6nnt ihr euch vorstellen, am 25. [&hellip;]<\/p>\n","protected":false},"author":5,"featured_media":1429,"comment_status":"open","ping_status":"open","sticky":false,"template":"","format":"standard","meta":{"footnotes":""},"categories":[44,85,1],"tags":[389,387,388,386,267,391,390],"class_list":["post-1634","post","type-post","status-publish","format-standard","has-post-thumbnail","hentry","category-neuigkeiten","category-tradition","category-verschiedenes","tag-drei-heiligen-konige","tag-silvester","tag-silvesterabend-auf-teneriffa","tag-weihnachten","tag-weihnachten-auf-teneriffa","tag-weihnachtsferien-auf-den-kanarischen-inseln","tag-weihnachtsferien-auf-teneriffa"],"_links":{"self":[{"href":"https:\/\/www.webtenerife.de\/dasblog\/wp-json\/wp\/v2\/posts\/1634","targetHints":{"allow":["GET"]}}],"collection":[{"href":"https:\/\/www.webtenerife.de\/dasblog\/wp-json\/wp\/v2\/posts"}],"about":[{"href":"https:\/\/www.webtenerife.de\/dasblog\/wp-json\/wp\/v2\/types\/post"}],"author":[{"embeddable":true,"href":"https:\/\/www.webtenerife.de\/dasblog\/wp-json\/wp\/v2\/users\/5"}],"replies":[{"embeddable":true,"href":"https:\/\/www.webtenerife.de\/dasblog\/wp-json\/wp\/v2\/comments?post=1634"}],"version-history":[{"count":3,"href":"https:\/\/www.webtenerife.de\/dasblog\/wp-json\/wp\/v2\/posts\/1634\/revisions"}],"predecessor-version":[{"id":1642,"href":"https:\/\/www.webtenerife.de\/dasblog\/wp-json\/wp\/v2\/posts\/1634\/revisions\/1642"}],"wp:featuredmedia":[{"embeddable":true,"href":"https:\/\/www.webtenerife.de\/dasblog\/wp-json\/wp\/v2\/media\/1429"}],"wp:attachment":[{"href":"https:\/\/www.webtenerife.de\/dasblog\/wp-json\/wp\/v2\/media?parent=1634"}],"wp:term":[{"taxonomy":"category","embeddable":true,"href":"https:\/\/www.webtenerife.de\/dasblog\/wp-json\/wp\/v2\/categories?post=1634"},{"taxonomy":"post_tag","embeddable":true,"href":"https:\/\/www.webtenerife.de\/dasblog\/wp-json\/wp\/v2\/tags?post=1634"}],"curies":[{"name":"wp","href":"https:\/\/api.w.org\/{rel}","templated":true}]}}