{"id":1621,"date":"2017-12-22T10:29:54","date_gmt":"2017-12-22T09:29:54","guid":{"rendered":"https:\/\/www.webtenerife.de\/dasblog\/?p=1621"},"modified":"2017-12-22T10:29:56","modified_gmt":"2017-12-22T09:29:56","slug":"shoppen-auf-teneriffa","status":"publish","type":"post","link":"https:\/\/www.webtenerife.de\/dasblog\/2017\/12\/shoppen-auf-teneriffa\/","title":{"rendered":"Shoppen auf Teneriffa"},"content":{"rendered":"<p class=\"p1\"><span class=\"s1\">Nicht nur der Dezember ist ein sch\u00f6ner Monat, um auf Teneriffa einkaufen zu gehen. Doch jetzt sind die Stra\u00dfen, St\u00e4dte und Einkaufszentren noch bis in den Januar weihnachtlich geschm\u00fcckt, denn in Spanien beschenkt man sich nicht am Heiligen Abend, sondern an dem Drei-Heiligen-K\u00f6nigs-Tag. Wann immer ihr jedoch auf Teneriffa seid, wir geben euch einen kleinen Einblick, welche im Allgemeinen die besten Orte zum Einkaufen sind.<\/span><\/p>\n<h2 class=\"p1\"><span class=\"s1\">Einkaufen in der Hauptstadt Santa Cruz und in der Weltkulturerbe-Stadt San Crist\u00f3bal de La Laguna<\/span><\/h2>\n<p><a href=\"https:\/\/www.webtenerife.de\/dasblog\/2017\/12\/shoppen-auf-teneriffa\/shutterstock_369575507-1\/\" rel=\"attachment wp-att-1622\"><img fetchpriority=\"high\" decoding=\"async\" class=\"aligncenter size-large wp-image-1622\" src=\"https:\/\/www.webtenerife.de\/dasblog\/wp-content\/uploads\/2017\/12\/shutterstock_369575507-1-690x464.jpg\" alt=\"\" width=\"650\" height=\"437\" srcset=\"https:\/\/www.webtenerife.de\/dasblog\/wp-content\/uploads\/2017\/12\/shutterstock_369575507-1-690x464.jpg 690w, https:\/\/www.webtenerife.de\/dasblog\/wp-content\/uploads\/2017\/12\/shutterstock_369575507-1-300x202.jpg 300w, https:\/\/www.webtenerife.de\/dasblog\/wp-content\/uploads\/2017\/12\/shutterstock_369575507-1-768x516.jpg 768w, https:\/\/www.webtenerife.de\/dasblog\/wp-content\/uploads\/2017\/12\/shutterstock_369575507-1-82x55.jpg 82w, https:\/\/www.webtenerife.de\/dasblog\/wp-content\/uploads\/2017\/12\/shutterstock_369575507-1-75x50.jpg 75w, https:\/\/www.webtenerife.de\/dasblog\/wp-content\/uploads\/2017\/12\/shutterstock_369575507-1.jpg 1000w\" sizes=\"(max-width: 650px) 100vw, 650px\" \/><\/a><\/p>\n<p class=\"p1\"><span class=\"s1\">Die beiden Gemeinden der Metropole der Insel haben eine lange Weihnachtstradition, mit vielen Aktivit\u00e4ten und Orten, die ihr w\u00e4hrend eures Stadtbummels besuchen k\u00f6nnt. Wenn ihr durch San Crist\u00f3bal de La Laguna schlendert, k\u00f6nnt ihr eine gem\u00fctliche Atmosph\u00e4re in den Stra\u00dfen geniessen, besonders in der Calle Herradores und Obispo Rey Redondo. Wenn ihr ein wenig weiter spazieren m\u00f6chtet, k\u00f6nnt ihr auch den <a href=\"https:\/\/www.webtenerife.de\/aktivitaten\/freizeit\/shopping\/markte\/mercado+de+la+laguna.htm?_ga=2.125663690.135061903.1513886865-726051890.1455821893\" target=\"_blank\" rel=\"noopener\">Markt in La Laguna<\/a> an der Plaza del Cristo, direkt im historischen Zentrum der Stadt, besuchen.<\/span><\/p>\n<p><a href=\"https:\/\/www.webtenerife.de\/dasblog\/2017\/12\/shoppen-auf-teneriffa\/fachada\/\" rel=\"attachment wp-att-1623\"><img decoding=\"async\" class=\"size-large wp-image-1623\" src=\"https:\/\/www.webtenerife.de\/dasblog\/wp-content\/uploads\/2017\/12\/Corte-Ingles-690x539.jpg\" alt=\"\" width=\"650\" height=\"508\" srcset=\"https:\/\/www.webtenerife.de\/dasblog\/wp-content\/uploads\/2017\/12\/Corte-Ingles-690x539.jpg 690w, https:\/\/www.webtenerife.de\/dasblog\/wp-content\/uploads\/2017\/12\/Corte-Ingles-300x234.jpg 300w, https:\/\/www.webtenerife.de\/dasblog\/wp-content\/uploads\/2017\/12\/Corte-Ingles-768x600.jpg 768w, https:\/\/www.webtenerife.de\/dasblog\/wp-content\/uploads\/2017\/12\/Corte-Ingles-70x55.jpg 70w, https:\/\/www.webtenerife.de\/dasblog\/wp-content\/uploads\/2017\/12\/Corte-Ingles.jpg 1024w\" sizes=\"(max-width: 650px) 100vw, 650px\" \/><\/a><\/p>\n<p class=\"p1\"><span class=\"s1\">Ihr verbringt euren Familienurlaub mit Kindern auf der Kanareninsel? Dann ist das <a href=\"https:\/\/www.webtenerife.de\/aktivitaten\/freizeit\/shopping\/einkaufszentren\/el+corte+ingl%C3%A9s.htm?_ga=2.125663690.135061903.1513886865-726051890.1455821893\" target=\"_blank\" rel=\"noopener\">El Corte Ingl\u00e9s Shopping Center<\/a> in Santa Cruz eine gute Wahl, denn hier ist wirklich f\u00fcr jeden etwas dabei. Sch\u00f6n ist auch sonntags der Stra\u00dfenmarkt mit einzigartiger und origineller Ware. In Santa Cruz findet der Tr\u00f6delmarkt immer vormittags rund um die Stra\u00dfe Jos\u00e9 Manuel Guimer\u00e1 statt.<\/span><\/p>\n<p class=\"p1\"><span class=\"s1\">In der N\u00e4he befindet sich auch das neue und renovierte <a href=\"http:\/\/nivariacenter.com\/\" target=\"_blank\" rel=\"noopener\">Nivaria Center<\/a>, mit einer breiten Palette an Mode und Elektronik f\u00fcr Technologie-Liebhaber, sowie kostenloses Wi-Fi in einer komfortablen Umgebung im Zentrum von Santa Cruz. Das <a href=\"https:\/\/meridiano.klepierre.es\/\" target=\"_blank\" rel=\"noopener\">Meridiano Shopping Center<\/a> ist auch einer der Treffpunkte f\u00fcr Shopping-Fans in Santa Cruz, mit einer gro\u00dfen Terrasse zum Ausruhen nach einem kaufintensiven Tag. Wenn ihr es vorzieht, eine der kommerziellsten Stra\u00dfen der Stadt zu erkunden und kleine Landen vorzieht, sollte die <a href=\"https:\/\/www.google.es\/maps\/place\/Calle+del+Castillo,+Santa+Cruz+de+Tenerife,+Spanien\/@28.4672412,-16.2543396,17z\/data=!3m1!4b1!4m5!3m4!1s0xc41cc823dbff6f7:0x4db34acadd60a5cd!8m2!3d28.4672412!4d-16.2521509\" target=\"_blank\" rel=\"noopener\">Calle del Castillo <\/a>euer Ziel sein.<\/span><\/p>\n<h2 class=\"p1\"><span class=\"s1\">Einkaufen im S\u00fcden der Insel<\/span><\/h2>\n<p><a href=\"https:\/\/www.webtenerife.de\/dasblog\/2017\/12\/shoppen-auf-teneriffa\/centro-comercial-plaza-del-duque-1\/\" rel=\"attachment wp-att-1624\"><img decoding=\"async\" class=\"size-large wp-image-1624\" src=\"https:\/\/www.webtenerife.de\/dasblog\/wp-content\/uploads\/2017\/12\/plaza-del-duque-1-690x539.jpg\" alt=\"\" width=\"650\" height=\"508\" srcset=\"https:\/\/www.webtenerife.de\/dasblog\/wp-content\/uploads\/2017\/12\/plaza-del-duque-1-690x539.jpg 690w, https:\/\/www.webtenerife.de\/dasblog\/wp-content\/uploads\/2017\/12\/plaza-del-duque-1-300x234.jpg 300w, https:\/\/www.webtenerife.de\/dasblog\/wp-content\/uploads\/2017\/12\/plaza-del-duque-1-768x600.jpg 768w, https:\/\/www.webtenerife.de\/dasblog\/wp-content\/uploads\/2017\/12\/plaza-del-duque-1-70x55.jpg 70w, https:\/\/www.webtenerife.de\/dasblog\/wp-content\/uploads\/2017\/12\/plaza-del-duque-1.jpg 1024w\" sizes=\"(max-width: 650px) 100vw, 650px\" \/><\/a><\/p>\n<p class=\"p1\"><span class=\"s1\">Im S\u00fcden von Teneriffa habt ihr auch unz\u00e4hlige M\u00f6glichkeiten einkaufen zu gehen. Wenn ihr in <a href=\"https:\/\/www.webtenerife.de\/uber-teneriffa\/die-insel\/gemeinden\/adeje\/?_ga=2.201284078.135061903.1513886865-726051890.1455821893&amp;tab=1\" target=\"_blank\" rel=\"noopener\">Adeje<\/a> im <a href=\"http:\/\/plazadelduque.com\/?lang=de\" target=\"_blank\" rel=\"noopener\">Einkaufszentrum Plaza del Duque<\/a> seid, findet ihr eine gro\u00dfe Auswahl an Mode, Schmuck, Accessoires und vielen weiteren erstklassigen Produkte, die in 62 Gesch\u00e4ften mit 400 verschiedenen Marken vertrieben werden. Dann gibt es noch die <a href=\"https:\/\/ccsiammall.com\/\" target=\"_blank\" rel=\"noopener\">Siam Mall<\/a>, die immer Veranstaltungen mit Tombolas, Konzerten, Paraden und vielen weiteren Aktivit\u00e4ten f\u00fcr Erwachsene und Kinder organisiert.<\/span><\/p>\n<p><a href=\"https:\/\/www.webtenerife.de\/dasblog\/2017\/12\/shoppen-auf-teneriffa\/processed-with-vsco-with-f2-preset\/\" rel=\"attachment wp-att-1625\"><img loading=\"lazy\" decoding=\"async\" class=\"size-large wp-image-1625\" src=\"https:\/\/www.webtenerife.de\/dasblog\/wp-content\/uploads\/2017\/12\/arbol2-690x518.jpg\" alt=\"\" width=\"650\" height=\"488\" srcset=\"https:\/\/www.webtenerife.de\/dasblog\/wp-content\/uploads\/2017\/12\/arbol2-690x518.jpg 690w, https:\/\/www.webtenerife.de\/dasblog\/wp-content\/uploads\/2017\/12\/arbol2-300x225.jpg 300w, https:\/\/www.webtenerife.de\/dasblog\/wp-content\/uploads\/2017\/12\/arbol2-768x576.jpg 768w, https:\/\/www.webtenerife.de\/dasblog\/wp-content\/uploads\/2017\/12\/arbol2-73x55.jpg 73w, https:\/\/www.webtenerife.de\/dasblog\/wp-content\/uploads\/2017\/12\/arbol2.jpg 1600w\" sizes=\"(max-width: 650px) 100vw, 650px\" \/><\/a><\/p>\n<p class=\"p1\"><span class=\"s1\">In der N\u00e4he befindet sich auch die Gemeinde von <a href=\"https:\/\/www.webtenerife.de\/uber-teneriffa\/die-insel\/gemeinden\/arona\/?_ga=2.164108799.135061903.1513886865-726051890.1455821893&amp;tab=1\" target=\"_blank\" rel=\"noopener\">Arona<\/a>, wo ihr das <a href=\"http:\/\/psantiago6.com\/?lang=en\" target=\"_blank\" rel=\"noopener\">Einkaufszentrum Parque Santiago 6<\/a> findet, mit einem Bereich f\u00fcr die Kleinen und einer sch\u00f6nen Terrasse zum Ausruhen und Wifi-Bereich.<\/span><\/p>\n<p><a href=\"https:\/\/www.webtenerife.de\/dasblog\/2017\/12\/shoppen-auf-teneriffa\/parque-santiago-6-3\/\" rel=\"attachment wp-att-1626\"><img loading=\"lazy\" decoding=\"async\" class=\"size-large wp-image-1626\" src=\"https:\/\/www.webtenerife.de\/dasblog\/wp-content\/uploads\/2017\/12\/parque-santiago-6-3-690x460.jpg\" alt=\"\" width=\"650\" height=\"433\" srcset=\"https:\/\/www.webtenerife.de\/dasblog\/wp-content\/uploads\/2017\/12\/parque-santiago-6-3-690x460.jpg 690w, https:\/\/www.webtenerife.de\/dasblog\/wp-content\/uploads\/2017\/12\/parque-santiago-6-3-300x200.jpg 300w, https:\/\/www.webtenerife.de\/dasblog\/wp-content\/uploads\/2017\/12\/parque-santiago-6-3-768x512.jpg 768w, https:\/\/www.webtenerife.de\/dasblog\/wp-content\/uploads\/2017\/12\/parque-santiago-6-3-82x55.jpg 82w, https:\/\/www.webtenerife.de\/dasblog\/wp-content\/uploads\/2017\/12\/parque-santiago-6-3-75x50.jpg 75w, https:\/\/www.webtenerife.de\/dasblog\/wp-content\/uploads\/2017\/12\/parque-santiago-6-3.jpg 1024w\" sizes=\"(max-width: 650px) 100vw, 650px\" \/><\/a><\/p>\n<h2 class=\"p1\"><span class=\"s1\">La Orotava und Puerto de la Cruz, Spaziergang und Einkaufen im Norden von Teneriffa<\/span><\/h2>\n<p><a href=\"https:\/\/www.webtenerife.de\/dasblog\/2017\/12\/shoppen-auf-teneriffa\/casa-balcones55\/\" rel=\"attachment wp-att-1627\"><img loading=\"lazy\" decoding=\"async\" class=\"aligncenter size-large wp-image-1627\" src=\"https:\/\/www.webtenerife.de\/dasblog\/wp-content\/uploads\/2017\/12\/casa-balcones55-690x462.jpg\" alt=\"\" width=\"650\" height=\"435\" srcset=\"https:\/\/www.webtenerife.de\/dasblog\/wp-content\/uploads\/2017\/12\/casa-balcones55-690x462.jpg 690w, https:\/\/www.webtenerife.de\/dasblog\/wp-content\/uploads\/2017\/12\/casa-balcones55-300x201.jpg 300w, https:\/\/www.webtenerife.de\/dasblog\/wp-content\/uploads\/2017\/12\/casa-balcones55-768x514.jpg 768w, https:\/\/www.webtenerife.de\/dasblog\/wp-content\/uploads\/2017\/12\/casa-balcones55-82x55.jpg 82w, https:\/\/www.webtenerife.de\/dasblog\/wp-content\/uploads\/2017\/12\/casa-balcones55-75x50.jpg 75w, https:\/\/www.webtenerife.de\/dasblog\/wp-content\/uploads\/2017\/12\/casa-balcones55.jpg 1024w\" sizes=\"(max-width: 650px) 100vw, 650px\" \/><\/a><\/p>\n<p class=\"p1\"><span class=\"s1\">In der Gemeinde <a href=\"https:\/\/www.webtenerife.de\/uber-teneriffa\/die-insel\/gemeinden\/orotava\/?_ga=2.164108799.135061903.1513886865-726051890.1455821893&amp;tab=1\" target=\"_blank\" rel=\"noopener\">La Orotava<\/a> k\u00f6nnt ihr den Besuch nutzen und eine lebensgro\u00dfe Weihnachtskrippe auf der <a href=\"https:\/\/www.webtenerife.de\/uber-teneriffa\/die-insel\/gemeinden\/orotava\/sehenswertes\/ayuntamiento.htm?_ga=2.164108799.135061903.1513886865-726051890.1455821893\" target=\"_blank\" rel=\"noopener\">Plaza del Ayuntamiento<\/a> bestaunen. Auch wenn ihr in die <a href=\"https:\/\/www.webtenerife.de\/besucherattraktionen\/offentliche-gebaude\/casa-balcones.htm?_ga=2.164108799.135061903.1513886865-726051890.1455821893\" target=\"_blank\" rel=\"noopener\">Casa de los Balcones<\/a> geht, werdet ihr ein sch\u00f6nes Beispiel der traditionellen kanarischen Architektur sehen, die als Meisterwerk der Handwerkskunst gilt. In dem Gesch\u00e4ft k\u00f6nnt ihr viele typische Produkte der Kanarischen Inseln finden.<\/span><\/p>\n<p><a href=\"https:\/\/www.webtenerife.de\/dasblog\/2017\/12\/shoppen-auf-teneriffa\/puerto-de-la-cruz-casa-de-la-aduana-1\/\" rel=\"attachment wp-att-1628\"><img loading=\"lazy\" decoding=\"async\" class=\"aligncenter size-large wp-image-1628\" src=\"https:\/\/www.webtenerife.de\/dasblog\/wp-content\/uploads\/2017\/12\/puerto-de-la-cruz-casa-de-la-aduana-1-690x460.jpg\" alt=\"\" width=\"650\" height=\"433\" srcset=\"https:\/\/www.webtenerife.de\/dasblog\/wp-content\/uploads\/2017\/12\/puerto-de-la-cruz-casa-de-la-aduana-1-690x460.jpg 690w, https:\/\/www.webtenerife.de\/dasblog\/wp-content\/uploads\/2017\/12\/puerto-de-la-cruz-casa-de-la-aduana-1-300x200.jpg 300w, https:\/\/www.webtenerife.de\/dasblog\/wp-content\/uploads\/2017\/12\/puerto-de-la-cruz-casa-de-la-aduana-1-768x512.jpg 768w, https:\/\/www.webtenerife.de\/dasblog\/wp-content\/uploads\/2017\/12\/puerto-de-la-cruz-casa-de-la-aduana-1-82x55.jpg 82w, https:\/\/www.webtenerife.de\/dasblog\/wp-content\/uploads\/2017\/12\/puerto-de-la-cruz-casa-de-la-aduana-1-75x50.jpg 75w, https:\/\/www.webtenerife.de\/dasblog\/wp-content\/uploads\/2017\/12\/puerto-de-la-cruz-casa-de-la-aduana-1.jpg 1024w\" sizes=\"(max-width: 650px) 100vw, 650px\" \/><\/a><\/p>\n<p class=\"p1\"><span class=\"s1\">In Puerto de la Cruz k\u00f6nnt ihr einen Einkaufstag mit sanfter Meeresbrise verbringen. Schlendert durch San Telmo oder besichtigt das historische Viertel La Ranilla mit kleinen Gesch\u00e4ften und originellen und handgefertigten Geschenken. Dar\u00fcber hinaus k\u00f6nnt ihr auch den Weihnachtsjahrmarkt besuchen, der noch bis zum 15. Januar 2018 ge\u00f6ffnet ist.<\/span><\/p>\n<p class=\"p1\"><span class=\"s1\">Na dann, auf ins Einkaufsparadies <a href=\"https:\/\/www.webtenerife.de\/?_ga=2.164108799.135061903.1513886865-726051890.1455821893\" target=\"_blank\" rel=\"noopener\">Teneriffa<\/a>?<\/span><\/p>\n","protected":false},"excerpt":{"rendered":"<p>Nicht nur der Dezember ist ein sch\u00f6ner Monat, um auf Teneriffa einkaufen zu gehen. Doch jetzt sind die Stra\u00dfen, St\u00e4dte und Einkaufszentren noch bis in den Januar weihnachtlich geschm\u00fcckt, denn in Spanien beschenkt man sich nicht am Heiligen Abend, sondern an dem Drei-Heiligen-K\u00f6nigs-Tag. Wann immer ihr jedoch auf Teneriffa seid, [&hellip;]<\/p>\n","protected":false},"author":5,"featured_media":1622,"comment_status":"open","ping_status":"open","sticky":false,"template":"","format":"standard","meta":{"footnotes":""},"categories":[1],"tags":[385,372,295,267],"class_list":["post-1621","post","type-post","status-publish","format-standard","has-post-thumbnail","hentry","category-verschiedenes","tag-einkaufen","tag-shoppen-teneriffa","tag-webtenerife","tag-weihnachten-auf-teneriffa"],"_links":{"self":[{"href":"https:\/\/www.webtenerife.de\/dasblog\/wp-json\/wp\/v2\/posts\/1621","targetHints":{"allow":["GET"]}}],"collection":[{"href":"https:\/\/www.webtenerife.de\/dasblog\/wp-json\/wp\/v2\/posts"}],"about":[{"href":"https:\/\/www.webtenerife.de\/dasblog\/wp-json\/wp\/v2\/types\/post"}],"author":[{"embeddable":true,"href":"https:\/\/www.webtenerife.de\/dasblog\/wp-json\/wp\/v2\/users\/5"}],"replies":[{"embeddable":true,"href":"https:\/\/www.webtenerife.de\/dasblog\/wp-json\/wp\/v2\/comments?post=1621"}],"version-history":[{"count":3,"href":"https:\/\/www.webtenerife.de\/dasblog\/wp-json\/wp\/v2\/posts\/1621\/revisions"}],"predecessor-version":[{"id":1631,"href":"https:\/\/www.webtenerife.de\/dasblog\/wp-json\/wp\/v2\/posts\/1621\/revisions\/1631"}],"wp:featuredmedia":[{"embeddable":true,"href":"https:\/\/www.webtenerife.de\/dasblog\/wp-json\/wp\/v2\/media\/1622"}],"wp:attachment":[{"href":"https:\/\/www.webtenerife.de\/dasblog\/wp-json\/wp\/v2\/media?parent=1621"}],"wp:term":[{"taxonomy":"category","embeddable":true,"href":"https:\/\/www.webtenerife.de\/dasblog\/wp-json\/wp\/v2\/categories?post=1621"},{"taxonomy":"post_tag","embeddable":true,"href":"https:\/\/www.webtenerife.de\/dasblog\/wp-json\/wp\/v2\/tags?post=1621"}],"curies":[{"name":"wp","href":"https:\/\/api.w.org\/{rel}","templated":true}]}}