{"id":1612,"date":"2017-11-29T17:02:15","date_gmt":"2017-11-29T16:02:15","guid":{"rendered":"https:\/\/www.webtenerife.de\/dasblog\/?p=1612"},"modified":"2017-11-29T17:02:55","modified_gmt":"2017-11-29T16:02:55","slug":"teneriffa-veranstaltete-die-guide-michelin-gala-2018-und-bekam-seinen-sechsten-michelin-stern","status":"publish","type":"post","link":"https:\/\/www.webtenerife.de\/dasblog\/2017\/11\/teneriffa-veranstaltete-die-guide-michelin-gala-2018-und-bekam-seinen-sechsten-michelin-stern\/","title":{"rendered":"Teneriffa veranstaltet die Guide Michelin Gala 2018 und bekommt seinen sechsten Michelin-Stern"},"content":{"rendered":"<p><a href=\"https:\/\/www.webtenerife.de\/dasblog\/2017\/11\/teneriffa-veranstaltete-die-guide-michelin-gala-2018-und-bekam-seinen-sechsten-michelin-stern\/guia-michelin-2017-3-estrellas-michelin\/\" rel=\"attachment wp-att-1613\"><img fetchpriority=\"high\" decoding=\"async\" class=\"aligncenter size-large wp-image-1613\" src=\"https:\/\/www.webtenerife.de\/dasblog\/wp-content\/uploads\/2017\/11\/Guia-Michelin-2017-3-estrellas-michelin-690x461.jpg\" alt=\"\" width=\"650\" height=\"434\" srcset=\"https:\/\/www.webtenerife.de\/dasblog\/wp-content\/uploads\/2017\/11\/Guia-Michelin-2017-3-estrellas-michelin-690x461.jpg 690w, https:\/\/www.webtenerife.de\/dasblog\/wp-content\/uploads\/2017\/11\/Guia-Michelin-2017-3-estrellas-michelin-300x200.jpg 300w, https:\/\/www.webtenerife.de\/dasblog\/wp-content\/uploads\/2017\/11\/Guia-Michelin-2017-3-estrellas-michelin-768x513.jpg 768w, https:\/\/www.webtenerife.de\/dasblog\/wp-content\/uploads\/2017\/11\/Guia-Michelin-2017-3-estrellas-michelin-82x55.jpg 82w, https:\/\/www.webtenerife.de\/dasblog\/wp-content\/uploads\/2017\/11\/Guia-Michelin-2017-3-estrellas-michelin-75x50.jpg 75w, https:\/\/www.webtenerife.de\/dasblog\/wp-content\/uploads\/2017\/11\/Guia-Michelin-2017-3-estrellas-michelin.jpg 1181w\" sizes=\"(max-width: 650px) 100vw, 650px\" \/><\/a><\/p>\n<p class=\"p1\"><span class=\"s1\">Die <a href=\"https:\/\/www.webtenerife.de\/aktivitaten\/essen-und-trinken\/?_ga=2.228770645.876742689.1511733606-726051890.1455821893&amp;tab=1\" target=\"_blank\" rel=\"noopener\">Gastronomie von Teneriffa<\/a> erreichte mit der <strong>Michelin Gala<\/strong> den kulinarischen Himmel. Die Zeremonie, die zum ersten Mal auf Teneriffa, der Insel des &#8222;ewigen Fr\u00fchlings&#8220; stattfand, wurde von 500 G\u00e4sten besucht.<\/span><\/p>\n<p class=\"p1\"><span class=\"s1\">Der spanische <strong>Sternekoch Berasategui<\/strong> war der geehrte Gastgeber des Galadinners, zusammen mit <strong>Ricardo Sanz<\/strong> aus dem <a href=\"https:\/\/www.webtenerife.de\/aktivitaten\/essen-und-trinken\/restaurants\/restaurante-kabuki.htm?_ga=2.228770645.876742689.1511733606-726051890.1455821893\" target=\"_blank\" rel=\"noopener\">Restaurant Kabuki<\/a>. Dar\u00fcber hinaus war sein Chefkoch im <a href=\"https:\/\/www.webtenerife.de\/aktivitaten\/essen-und-trinken\/restaurants\/restaurante-m-b.htm?_ga=2.228770645.876742689.1511733606-726051890.1455821893\" target=\"_blank\" rel=\"noopener\">Restaurant M.B.<\/a>, <strong>Erlantz Gorostiza<\/strong>, Koordinator der kulinarischen Party, die auf die Veranstaltung folgte.<\/span><\/p>\n<p><a href=\"https:\/\/www.webtenerife.de\/dasblog\/2017\/11\/teneriffa-veranstaltete-die-guide-michelin-gala-2018-und-bekam-seinen-sechsten-michelin-stern\/hotel_abama_guia-de-isora_img_5955\/\" rel=\"attachment wp-att-1614\"><img decoding=\"async\" class=\"aligncenter size-large wp-image-1614\" src=\"https:\/\/www.webtenerife.de\/dasblog\/wp-content\/uploads\/2017\/11\/hotel_abama_guia-de-isora_IMG_5955-690x460.jpg\" alt=\"\" width=\"650\" height=\"433\" srcset=\"https:\/\/www.webtenerife.de\/dasblog\/wp-content\/uploads\/2017\/11\/hotel_abama_guia-de-isora_IMG_5955-690x460.jpg 690w, https:\/\/www.webtenerife.de\/dasblog\/wp-content\/uploads\/2017\/11\/hotel_abama_guia-de-isora_IMG_5955-300x200.jpg 300w, https:\/\/www.webtenerife.de\/dasblog\/wp-content\/uploads\/2017\/11\/hotel_abama_guia-de-isora_IMG_5955-768x512.jpg 768w, https:\/\/www.webtenerife.de\/dasblog\/wp-content\/uploads\/2017\/11\/hotel_abama_guia-de-isora_IMG_5955-83x55.jpg 83w, https:\/\/www.webtenerife.de\/dasblog\/wp-content\/uploads\/2017\/11\/hotel_abama_guia-de-isora_IMG_5955-75x50.jpg 75w, https:\/\/www.webtenerife.de\/dasblog\/wp-content\/uploads\/2017\/11\/hotel_abama_guia-de-isora_IMG_5955.jpg 1920w\" sizes=\"(max-width: 650px) 100vw, 650px\" \/><\/a><\/p>\n<p class=\"p1\"><span class=\"s1\">Bei der Gala im <strong>Ritz-Carlton Hotel Abama<\/strong> in Guia de Isora, hob der Internationale Direktor, <strong>Michael Ellis<\/strong>, bei seiner Ansprache hervor, dass die Verteilung der Michelin-Sterne in der aktuellen Ausgabe wieder einmal zeigt, dass die spanische und portugiesische K\u00fcche weiterhin gro\u00dfartige Momente erlebt und dass die nationale K\u00fcche beider L\u00e4nder weiter w\u00e4chst, \u201eund f\u00fcr Touristen dient der Guide Michelin als wichtiger Referent\u201c. Die Veranstaltung, die zum neunten Mal in Folge ausgetragen wurde, hat es geschafft, zu einem der wichtigsten Ereignisse der Gastronomiebranche zu werden.<\/span><\/p>\n<p class=\"p1\"><span class=\"s1\">Teneriffa ist die einzige Insel der Kanarischen Inseln, die Restaurants mit Michelin-Sternen hat.<\/span><\/p>\n<p><a href=\"https:\/\/www.webtenerife.de\/dasblog\/2017\/11\/teneriffa-veranstaltete-die-guide-michelin-gala-2018-und-bekam-seinen-sechsten-michelin-stern\/nub-restaurant-santa-cruz-de-tenerife-35802-10412854\/\" rel=\"attachment wp-att-1615\"><img decoding=\"async\" class=\"aligncenter size-large wp-image-1615\" src=\"https:\/\/www.webtenerife.de\/dasblog\/wp-content\/uploads\/2017\/11\/nub-restaurant-santa-cruz-de-tenerife-35802-10412854-690x237.jpg\" alt=\"\" width=\"650\" height=\"223\" srcset=\"https:\/\/www.webtenerife.de\/dasblog\/wp-content\/uploads\/2017\/11\/nub-restaurant-santa-cruz-de-tenerife-35802-10412854-690x237.jpg 690w, https:\/\/www.webtenerife.de\/dasblog\/wp-content\/uploads\/2017\/11\/nub-restaurant-santa-cruz-de-tenerife-35802-10412854-300x103.jpg 300w, https:\/\/www.webtenerife.de\/dasblog\/wp-content\/uploads\/2017\/11\/nub-restaurant-santa-cruz-de-tenerife-35802-10412854-768x264.jpg 768w, https:\/\/www.webtenerife.de\/dasblog\/wp-content\/uploads\/2017\/11\/nub-restaurant-santa-cruz-de-tenerife-35802-10412854-160x55.jpg 160w, https:\/\/www.webtenerife.de\/dasblog\/wp-content\/uploads\/2017\/11\/nub-restaurant-santa-cruz-de-tenerife-35802-10412854.jpg 1920w\" sizes=\"(max-width: 650px) 100vw, 650px\" \/><\/a><\/p>\n<p class=\"p1\"><span class=\"s1\">W\u00e4hrend dieser Ausgabe konnte das <a href=\"http:\/\/www.nubrestaurante.com\/\" target=\"_blank\" rel=\"noopener\">Restaurant Nub<\/a> in La Laguna einen Michelin-Stern erringen.\u00a0<\/span><\/p>\n<p><img loading=\"lazy\" decoding=\"async\" class=\" wp-image-1616 alignleft\" src=\"https:\/\/www.webtenerife.de\/dasblog\/wp-content\/uploads\/2017\/11\/Rabanito20con20chocolate20blanco20y20limC3B3n2Clos20Blinis20de20alcachofa20con20caballa20y20yogur2C20el20Oreo20de20zapallo_Nub.jpg\" alt=\"\" width=\"273\" height=\"410\" srcset=\"https:\/\/www.webtenerife.de\/dasblog\/wp-content\/uploads\/2017\/11\/Rabanito20con20chocolate20blanco20y20limC3B3n2Clos20Blinis20de20alcachofa20con20caballa20y20yogur2C20el20Oreo20de20zapallo_Nub.jpg 400w, https:\/\/www.webtenerife.de\/dasblog\/wp-content\/uploads\/2017\/11\/Rabanito20con20chocolate20blanco20y20limC3B3n2Clos20Blinis20de20alcachofa20con20caballa20y20yogur2C20el20Oreo20de20zapallo_Nub-200x300.jpg 200w, https:\/\/www.webtenerife.de\/dasblog\/wp-content\/uploads\/2017\/11\/Rabanito20con20chocolate20blanco20y20limC3B3n2Clos20Blinis20de20alcachofa20con20caballa20y20yogur2C20el20Oreo20de20zapallo_Nub-37x55.jpg 37w\" sizes=\"(max-width: 273px) 100vw, 273px\" \/><\/p>\n<p class=\"p1\"><span class=\"s1\"><strong>Nub<\/strong> verw\u00f6hnt uns mit einer interessanten Mischung aus italienischer, chilenischer und traditioneller kanarischer K\u00fcche. Dieser neue Stern scheint zusammen mit den anderen f\u00fcnf, der Restaurants auf Teneriffa.<\/span><\/p>\n<p class=\"p1\"><span class=\"s1\">Folgende Restaurants sind derzeit im Besitz der begehrten Sterne: zwei hat das <a href=\"https:\/\/www.webtenerife.de\/aktivitaten\/essen-und-trinken\/restaurants\/restaurante-m-b.htm?_ga=2.228770645.876742689.1511733606-726051890.1455821893\" target=\"_blank\" rel=\"noopener\">M.B. Restaurant<\/a> (Mart\u00edn Berasategui) im Hotel The Ritz Carlton Abama in Guia de Isora, ein Stern hat das<a href=\"https:\/\/www.webtenerife.de\/aktivitaten\/essen-und-trinken\/restaurants\/restaurante-kabuki.htm?_ga=2.228770645.876742689.1511733606-726051890.1455821893\" target=\"_blank\" rel=\"noopener\"> Kabuki<\/a> (auch im Ritz Carlton Hotel Abama), das <a href=\"https:\/\/www.restaurantekazan.com\/\" target=\"_blank\" rel=\"noopener\">Kazan<\/a> in Santa Cruz ebenfalls ein Stern, genauso wie <a href=\"http:\/\/www.elrincondejuancarlos.com\/erdj\/en\/\" target=\"_blank\" rel=\"noopener\">Rinc\u00f3n de Juan Carlos<\/a> in Los Gigantes (in der Gemeinde Santiago del Teide) und jetzt auch das <a href=\"http:\/\/www.nubrestaurante.com\/\" target=\"_blank\" rel=\"noopener\">Restaurant Nub<\/a> in La Laguna.<\/span><\/p>\n<p class=\"p1\"><span class=\"s1\">Wir erwarten euch auf <a href=\"https:\/\/www.webtenerife.de\/\" target=\"_blank\" rel=\"noopener\">Teneriffa<\/a> mit einem Tisch voller Sterne.<\/span><\/p>\n","protected":false},"excerpt":{"rendered":"<p>Die Gastronomie von Teneriffa erreichte mit der Michelin Gala den kulinarischen Himmel. Die Zeremonie, die zum ersten Mal auf Teneriffa, der Insel des &#8222;ewigen Fr\u00fchlings&#8220; stattfand, wurde von 500 G\u00e4sten besucht. Der spanische Sternekoch Berasategui war der geehrte Gastgeber des Galadinners, zusammen mit Ricardo Sanz aus dem Restaurant Kabuki. Dar\u00fcber [&hellip;]<\/p>\n","protected":false},"author":5,"featured_media":1613,"comment_status":"open","ping_status":"open","sticky":false,"template":"","format":"standard","meta":{"footnotes":""},"categories":[57,1],"tags":[384,330,370,383,243,246,295],"class_list":["post-1612","post","type-post","status-publish","format-standard","has-post-thumbnail","hentry","category-gastronomie","category-verschiedenes","tag-gala-michelin-tenerife","tag-gastronomie","tag-gastronomie-teneriffa","tag-guide-michelin","tag-restaurant-teneriffa","tag-restaurants-teneriffa","tag-webtenerife"],"_links":{"self":[{"href":"https:\/\/www.webtenerife.de\/dasblog\/wp-json\/wp\/v2\/posts\/1612","targetHints":{"allow":["GET"]}}],"collection":[{"href":"https:\/\/www.webtenerife.de\/dasblog\/wp-json\/wp\/v2\/posts"}],"about":[{"href":"https:\/\/www.webtenerife.de\/dasblog\/wp-json\/wp\/v2\/types\/post"}],"author":[{"embeddable":true,"href":"https:\/\/www.webtenerife.de\/dasblog\/wp-json\/wp\/v2\/users\/5"}],"replies":[{"embeddable":true,"href":"https:\/\/www.webtenerife.de\/dasblog\/wp-json\/wp\/v2\/comments?post=1612"}],"version-history":[{"count":3,"href":"https:\/\/www.webtenerife.de\/dasblog\/wp-json\/wp\/v2\/posts\/1612\/revisions"}],"predecessor-version":[{"id":1619,"href":"https:\/\/www.webtenerife.de\/dasblog\/wp-json\/wp\/v2\/posts\/1612\/revisions\/1619"}],"wp:featuredmedia":[{"embeddable":true,"href":"https:\/\/www.webtenerife.de\/dasblog\/wp-json\/wp\/v2\/media\/1613"}],"wp:attachment":[{"href":"https:\/\/www.webtenerife.de\/dasblog\/wp-json\/wp\/v2\/media?parent=1612"}],"wp:term":[{"taxonomy":"category","embeddable":true,"href":"https:\/\/www.webtenerife.de\/dasblog\/wp-json\/wp\/v2\/categories?post=1612"},{"taxonomy":"post_tag","embeddable":true,"href":"https:\/\/www.webtenerife.de\/dasblog\/wp-json\/wp\/v2\/tags?post=1612"}],"curies":[{"name":"wp","href":"https:\/\/api.w.org\/{rel}","templated":true}]}}