{"id":1520,"date":"2017-08-21T14:27:27","date_gmt":"2017-08-21T13:27:27","guid":{"rendered":"http:\/\/www.webtenerife.de\/dasblog\/?p=1520"},"modified":"2017-08-21T14:27:29","modified_gmt":"2017-08-21T13:27:29","slug":"el-medano-tanzte-zum-klang-der-wellen-pwa-world-cup","status":"publish","type":"post","link":"https:\/\/www.webtenerife.de\/dasblog\/2017\/08\/el-medano-tanzte-zum-klang-der-wellen-pwa-world-cup\/","title":{"rendered":"El M\u00e9dano tanzte zum Klang der Wellen, PWA World Cup"},"content":{"rendered":"<p class=\"p1\"><span class=\"s1\">Zwei Eigenschaften machen <a href=\"http:\/\/www.webtenerife.de\/besucherattraktionen\/strande\/el+medano.htm\" target=\"_blank\">El M\u00e9dano<\/a> zum Anziehungspunkt f\u00fcr Windsurfer: die regelm\u00e4\u00dfigen Passatwinde (300 Tage im Jahr) und die endlosen Str\u00e4nde mit Natursand. Sie erstrecken sich \u00fcber mehr als 3 Kilometer entlang der K\u00fcste und haben zudem eine angenehme Wassertemperatur. <a href=\"http:\/\/www.webtenerife.de\/besucherattraktionen\/strande\/el+medano.htm\" target=\"_blank\">El M\u00e9dano<\/a> ist zweifelsohne eine der coolsten Ecken der Insel, die Windsurf-Hauptstadt und die Wiege des Kitesurfen auf Teneriffa &#8211; ein beliebtes \u201eTourismus-Sport-Gebiet\u201c f\u00fcr Aktivurlauber.<\/span><\/p>\n<p><a href=\"http:\/\/www.webtenerife.de\/dasblog\/2017\/08\/el-medano-tanzte-zum-klang-der-wellen-pwa-world-cup\/tf17_wv_iballa_takes_off-768x512\/\" rel=\"attachment wp-att-1521\"><img fetchpriority=\"high\" decoding=\"async\" class=\"aligncenter size-large wp-image-1521\" src=\"http:\/\/www.webtenerife.de\/dasblog\/wp-content\/uploads\/2017\/08\/TF17_wv_Iballa_takes_off-768x512-690x460.jpg\" alt=\"tf17_wv_iballa_takes_off-768x512\" width=\"650\" height=\"433\" srcset=\"https:\/\/www.webtenerife.de\/dasblog\/wp-content\/uploads\/2017\/08\/TF17_wv_Iballa_takes_off-768x512-690x460.jpg 690w, https:\/\/www.webtenerife.de\/dasblog\/wp-content\/uploads\/2017\/08\/TF17_wv_Iballa_takes_off-768x512-300x200.jpg 300w, https:\/\/www.webtenerife.de\/dasblog\/wp-content\/uploads\/2017\/08\/TF17_wv_Iballa_takes_off-768x512.jpg 768w, https:\/\/www.webtenerife.de\/dasblog\/wp-content\/uploads\/2017\/08\/TF17_wv_Iballa_takes_off-768x512-83x55.jpg 83w, https:\/\/www.webtenerife.de\/dasblog\/wp-content\/uploads\/2017\/08\/TF17_wv_Iballa_takes_off-768x512-75x50.jpg 75w\" sizes=\"(max-width: 650px) 100vw, 650px\" \/><\/a><\/p>\n<p>&nbsp;<\/p>\n<p class=\"p1\"><span class=\"s1\">Im August wurde zum siebten Mal in Folge die Windsurf Weltmeisterschaft \u201ePWA World Cup Tenerife\u201c ausgetragen. Mehr als 90 Teilnehmer aus 18 verschiedenen Nationen kamen nach Teneriffa, bereit, die Wellen auf spektakul\u00e4rste und sportlichste Art und Weise zu z\u00e4umen.<\/span><\/p>\n<p class=\"p1\"><a href=\"http:\/\/www.webtenerife.de\/dasblog\/2017\/08\/el-medano-tanzte-zum-klang-der-wellen-pwa-world-cup\/tf17_wv_sarah_quita_offringa-768x512\/\" rel=\"attachment wp-att-1522\"><img decoding=\"async\" class=\"aligncenter size-large wp-image-1522\" src=\"http:\/\/www.webtenerife.de\/dasblog\/wp-content\/uploads\/2017\/08\/TF17_wv_Sarah_Quita_Offringa-768x512-690x460.jpg\" alt=\"tf17_wv_sarah_quita_offringa-768x512\" width=\"650\" height=\"433\" srcset=\"https:\/\/www.webtenerife.de\/dasblog\/wp-content\/uploads\/2017\/08\/TF17_wv_Sarah_Quita_Offringa-768x512-690x460.jpg 690w, https:\/\/www.webtenerife.de\/dasblog\/wp-content\/uploads\/2017\/08\/TF17_wv_Sarah_Quita_Offringa-768x512-300x200.jpg 300w, https:\/\/www.webtenerife.de\/dasblog\/wp-content\/uploads\/2017\/08\/TF17_wv_Sarah_Quita_Offringa-768x512.jpg 768w, https:\/\/www.webtenerife.de\/dasblog\/wp-content\/uploads\/2017\/08\/TF17_wv_Sarah_Quita_Offringa-768x512-83x55.jpg 83w, https:\/\/www.webtenerife.de\/dasblog\/wp-content\/uploads\/2017\/08\/TF17_wv_Sarah_Quita_Offringa-768x512-75x50.jpg 75w\" sizes=\"(max-width: 650px) 100vw, 650px\" \/><\/a><\/p>\n<p class=\"p1\"><span class=\"s1\">Generell ist Teneriffa eine extrem <a href=\"http:\/\/www.webtenerife.de\/aktivitaten\/sportarten\/?tab=1\" target=\"_blank\">sportliche Insel<\/a>; man kann s\u00e4mtliche Sportarten das ganze Jahr \u00fcber in der Natur aus\u00fcben; im Wassersport sind das: Windsurfen, Surfen, Boogie-Boarding, Kitesurfen, Paddel-Surfen, Tauchen, Schwimmen, Angeln&#8230; Und f\u00fcr alle, die gern festen Boden unter den F\u00fcssen haben, h\u00e4tten wir unter anderem Laufen, Radfahren, Wandern im Angebot und f\u00fcr alle Luftakrobaten, Gleitschirmfliegen oder Klettern.<\/span><\/p>\n<p class=\"p1\"><a href=\"http:\/\/www.webtenerife.de\/dasblog\/2017\/08\/el-medano-tanzte-zum-klang-der-wellen-pwa-world-cup\/kitesurf-medano-03\/\" rel=\"attachment wp-att-1523\"><img decoding=\"async\" class=\"aligncenter size-large wp-image-1523\" src=\"http:\/\/www.webtenerife.de\/dasblog\/wp-content\/uploads\/2017\/08\/kitesurf-medano-03-690x518.jpg\" alt=\"kitesurf-medano-03\" width=\"650\" height=\"488\" srcset=\"https:\/\/www.webtenerife.de\/dasblog\/wp-content\/uploads\/2017\/08\/kitesurf-medano-03-690x518.jpg 690w, https:\/\/www.webtenerife.de\/dasblog\/wp-content\/uploads\/2017\/08\/kitesurf-medano-03-300x225.jpg 300w, https:\/\/www.webtenerife.de\/dasblog\/wp-content\/uploads\/2017\/08\/kitesurf-medano-03-768x576.jpg 768w, https:\/\/www.webtenerife.de\/dasblog\/wp-content\/uploads\/2017\/08\/kitesurf-medano-03-73x55.jpg 73w, https:\/\/www.webtenerife.de\/dasblog\/wp-content\/uploads\/2017\/08\/kitesurf-medano-03.jpg 1024w\" sizes=\"(max-width: 650px) 100vw, 650px\" \/><\/a><\/p>\n<p class=\"p1\"><span class=\"s1\">Heute geht es aber um Wassersport. Kite-Surfen liegt auch immer mehr im Trend. Dank des neuen Equipments, sind die Techniken heute weit fortgeschritten, zudem ist die Ausr\u00fcstung viel handlicher und weniger gef\u00e4hrlich, als es sie fr\u00fcher war. Wir sehen mehr und mehr Kometen an der K\u00fcste unserer Insel und die Kiteboarder suchen nach neuen Str\u00e4nden.<\/span><\/p>\n<p class=\"p1\"><span class=\"s1\">Eine andere Sportart, die auch \u201eMode\u201c ist,<span class=\"Apple-converted-space\">\u00a0 <\/span>ist das Paddel-Surfen. Ein Sport, der beruhigt und entspannt, aber er ist nicht weniger anstrengend, da beim Paddeln viele Muskeln beteiligt sind und man es am Anfang gar nicht bemerkt. Es macht jedoch richtig Spa\u00df, die K\u00fcste zu erkunden und Ecken, allein oder mit Freunden, zu entdecken, die man vorher gar nicht kannte.<\/span><\/p>\n<p class=\"p1\"><a href=\"http:\/\/www.webtenerife.de\/dasblog\/2017\/08\/el-medano-tanzte-zum-klang-der-wellen-pwa-world-cup\/paddlesurf2-sb\/\" rel=\"attachment wp-att-1524\"><img loading=\"lazy\" decoding=\"async\" class=\"aligncenter size-full wp-image-1524\" src=\"http:\/\/www.webtenerife.de\/dasblog\/wp-content\/uploads\/2017\/08\/paddlesurf2-sb.jpg\" alt=\"paddlesurf2-sb\" width=\"576\" height=\"318\" srcset=\"https:\/\/www.webtenerife.de\/dasblog\/wp-content\/uploads\/2017\/08\/paddlesurf2-sb.jpg 576w, https:\/\/www.webtenerife.de\/dasblog\/wp-content\/uploads\/2017\/08\/paddlesurf2-sb-300x166.jpg 300w, https:\/\/www.webtenerife.de\/dasblog\/wp-content\/uploads\/2017\/08\/paddlesurf2-sb-100x55.jpg 100w\" sizes=\"(max-width: 576px) 100vw, 576px\" \/><\/a><\/p>\n<p class=\"p1\"><span class=\"s1\">Es waren jedenfalls aufregende Tage am und im Meer, in einem gesunden Umfeld, welches vom Meer und dem Wind beherrscht wird.<\/span><\/p>\n<p class=\"p1\"><a href=\"http:\/\/www.webtenerife.de\/dasblog\/2017\/08\/el-medano-tanzte-zum-klang-der-wellen-pwa-world-cup\/tf17_wv_ricardo_campello_pushloop_forward-768x512\/\" rel=\"attachment wp-att-1525\"><img loading=\"lazy\" decoding=\"async\" class=\"aligncenter size-large wp-image-1525\" src=\"http:\/\/www.webtenerife.de\/dasblog\/wp-content\/uploads\/2017\/08\/TF17_wv_Ricardo_Campello_pushloop_forward-768x512-690x460.jpg\" alt=\"tf17_wv_ricardo_campello_pushloop_forward-768x512\" width=\"650\" height=\"433\" srcset=\"https:\/\/www.webtenerife.de\/dasblog\/wp-content\/uploads\/2017\/08\/TF17_wv_Ricardo_Campello_pushloop_forward-768x512-690x460.jpg 690w, https:\/\/www.webtenerife.de\/dasblog\/wp-content\/uploads\/2017\/08\/TF17_wv_Ricardo_Campello_pushloop_forward-768x512-300x200.jpg 300w, https:\/\/www.webtenerife.de\/dasblog\/wp-content\/uploads\/2017\/08\/TF17_wv_Ricardo_Campello_pushloop_forward-768x512.jpg 768w, https:\/\/www.webtenerife.de\/dasblog\/wp-content\/uploads\/2017\/08\/TF17_wv_Ricardo_Campello_pushloop_forward-768x512-83x55.jpg 83w, https:\/\/www.webtenerife.de\/dasblog\/wp-content\/uploads\/2017\/08\/TF17_wv_Ricardo_Campello_pushloop_forward-768x512-75x50.jpg 75w\" sizes=\"(max-width: 650px) 100vw, 650px\" \/><\/a><\/p>\n<p class=\"p1\"><span class=\"s1\">Wir gratulieren noch mal recht herzlich allen Teilnehmern und Gewinnern:<\/span><\/p>\n<p class=\"p1\"><span class=\"s1\">Ranking M\u00e4nner:<\/span><\/p>\n<p class=\"p1\"><span class=\"s1\">1. Philip K\u00f6ster<\/span><\/p>\n<p class=\"p1\"><span class=\"s1\">2. Victor Fern\u00e1ndez <\/span><\/p>\n<p class=\"p1\"><span class=\"s1\">3. Alex Mussolini<\/span><\/p>\n<p class=\"p1\"><span class=\"s1\">Ranking Frauen:<\/span><\/p>\n<p class=\"p1\"><span class=\"s1\">1. Iballa Ruano Moreno<\/span><\/p>\n<p class=\"p1\"><span class=\"s1\">2. Sarah-Quita <\/span><\/p>\n<p class=\"p1\"><span class=\"s1\">3. Daida Ruano Moreno<\/span><\/p>\n<p class=\"p1\"><span class=\"s1\">Jetzt ist es Zeit, von dem PWA World Cup Tenerife 2018 zu tr\u00e4umen!<\/span><\/p>\n","protected":false},"excerpt":{"rendered":"<p>Zwei Eigenschaften machen El M\u00e9dano zum Anziehungspunkt f\u00fcr Windsurfer: die regelm\u00e4\u00dfigen Passatwinde (300 Tage im Jahr) und die endlosen Str\u00e4nde mit Natursand. Sie erstrecken sich \u00fcber mehr als 3 Kilometer entlang der K\u00fcste und haben zudem eine angenehme Wassertemperatur. El M\u00e9dano ist zweifelsohne eine der coolsten Ecken der Insel, die [&hellip;]<\/p>\n","protected":false},"author":5,"featured_media":1522,"comment_status":"open","ping_status":"open","sticky":false,"template":"","format":"standard","meta":{"footnotes":""},"categories":[150,13,11,148,1,149],"tags":[359,358,360,361,295,357],"class_list":["post-1520","post","type-post","status-publish","format-standard","has-post-thumbnail","hentry","category-kitesurf","category-sport","category-strande","category-surf","category-verschiedenes","category-windsurf","tag-kiteboarden","tag-kitesurfen","tag-pwa-world-cup","tag-wassersport","tag-webtenerife","tag-windsurfen"],"_links":{"self":[{"href":"https:\/\/www.webtenerife.de\/dasblog\/wp-json\/wp\/v2\/posts\/1520","targetHints":{"allow":["GET"]}}],"collection":[{"href":"https:\/\/www.webtenerife.de\/dasblog\/wp-json\/wp\/v2\/posts"}],"about":[{"href":"https:\/\/www.webtenerife.de\/dasblog\/wp-json\/wp\/v2\/types\/post"}],"author":[{"embeddable":true,"href":"https:\/\/www.webtenerife.de\/dasblog\/wp-json\/wp\/v2\/users\/5"}],"replies":[{"embeddable":true,"href":"https:\/\/www.webtenerife.de\/dasblog\/wp-json\/wp\/v2\/comments?post=1520"}],"version-history":[{"count":4,"href":"https:\/\/www.webtenerife.de\/dasblog\/wp-json\/wp\/v2\/posts\/1520\/revisions"}],"predecessor-version":[{"id":1529,"href":"https:\/\/www.webtenerife.de\/dasblog\/wp-json\/wp\/v2\/posts\/1520\/revisions\/1529"}],"wp:featuredmedia":[{"embeddable":true,"href":"https:\/\/www.webtenerife.de\/dasblog\/wp-json\/wp\/v2\/media\/1522"}],"wp:attachment":[{"href":"https:\/\/www.webtenerife.de\/dasblog\/wp-json\/wp\/v2\/media?parent=1520"}],"wp:term":[{"taxonomy":"category","embeddable":true,"href":"https:\/\/www.webtenerife.de\/dasblog\/wp-json\/wp\/v2\/categories?post=1520"},{"taxonomy":"post_tag","embeddable":true,"href":"https:\/\/www.webtenerife.de\/dasblog\/wp-json\/wp\/v2\/tags?post=1520"}],"curies":[{"name":"wp","href":"https:\/\/api.w.org\/{rel}","templated":true}]}}