{"id":1495,"date":"2017-06-27T21:18:51","date_gmt":"2017-06-27T20:18:51","guid":{"rendered":"http:\/\/www.webtenerife.de\/dasblog\/?p=1495"},"modified":"2017-06-27T21:20:20","modified_gmt":"2017-06-27T20:20:20","slug":"teneriffa-klingt-stark-in-diesem-sommer","status":"publish","type":"post","link":"https:\/\/www.webtenerife.de\/dasblog\/2017\/06\/teneriffa-klingt-stark-in-diesem-sommer\/","title":{"rendered":"Teneriffa klingt stark in diesem Sommer"},"content":{"rendered":"<p class=\"p1\"><span class=\"s1\">Gute Musik kommt diesen Sommer 2017 nach Teneriffa. Konzerte, gro\u00dfe B\u00fchnenshows und Tanzveranstaltungen werden laut bis in den Herbst klingen. Das Angebot ist sehr abwechslungsreich; f\u00fcr jeden ist etwas dabei. Wir stellen euch eine Liste der Top-Konzerte vor.<\/span><\/p>\n<p class=\"p1\"><span class=\"s1\"><strong>Aerosmith:<\/strong> 8. Juli im Stadion \u201eEstadio Heliodoro Rodr\u00edguez L\u00f3pez\u201c. Los geht\u2019s mit der legend\u00e4ren Rockband und ihrer Europa-Tour \u201eAero-Vederci Baby\u201c!<\/span><\/p>\n<p class=\"p1\"><a href=\"http:\/\/www.webtenerife.de\/dasblog\/2017\/06\/teneriffa-klingt-stark-in-diesem-sommer\/aerovedercibabytouraerosmithtenerife2017\/\" rel=\"attachment wp-att-1496\"><img fetchpriority=\"high\" decoding=\"async\" class=\"aligncenter size-full wp-image-1496\" src=\"http:\/\/www.webtenerife.de\/dasblog\/wp-content\/uploads\/2017\/06\/aerovedercibabytouraerosmithtenerife2017.jpg\" alt=\"aerovedercibabytouraerosmithtenerife2017\" width=\"328\" height=\"232\" srcset=\"https:\/\/www.webtenerife.de\/dasblog\/wp-content\/uploads\/2017\/06\/aerovedercibabytouraerosmithtenerife2017.jpg 328w, https:\/\/www.webtenerife.de\/dasblog\/wp-content\/uploads\/2017\/06\/aerovedercibabytouraerosmithtenerife2017-300x212.jpg 300w, https:\/\/www.webtenerife.de\/dasblog\/wp-content\/uploads\/2017\/06\/aerovedercibabytouraerosmithtenerife2017-78x55.jpg 78w, https:\/\/www.webtenerife.de\/dasblog\/wp-content\/uploads\/2017\/06\/aerovedercibabytouraerosmithtenerife2017-310x220.jpg 310w\" sizes=\"(max-width: 328px) 100vw, 328px\" \/><\/a><\/p>\n<p class=\"p1\"><span class=\"s1\"><strong>Juan Luis Guerra:<\/strong> 12. Juli in Golf Costa Adeje. Der Lateinamerikanische K\u00fcnstler wird in Teneriffa, sein einziges Konzert auf den Kanarischen Inseln geben. Mit 21 Grammys ist er wohl der bekannteste lateinamerikanische K\u00fcnstler weltweit.<\/span><\/p>\n<p class=\"p1\"><span class=\"s1\"><strong>Luis Fonsi:<\/strong> 22. Juli im Hafen von Santa Cruz de Tenerife. Der Puerto-Ricaner schreibt weiter Geschichte; sein Song \u201eDespacito\u201c ist definitiv ein globales Ph\u00e4nomen und einer der Hits des Jahres 2017. <\/span><\/p>\n<p class=\"p1\"><span class=\"s1\"><strong>Melendi:<\/strong> 4. August im \u201ePabell\u00f3n Insular Santiago Mart\u00edn de La Laguna\u201c. Er geh\u00f6rt zweifelsohne zu einem der wichtigsten K\u00fcnstler in der spanischen Musikszene. Mit seinen spektakul\u00e4ren Konzerten wird er bejubelt; er ist sehr beliebt und wird von seinen Fans bewundert. Viele seiner Erfolge pr\u00e4gen die j\u00fcngste spanische Musikgeschichte. <\/span><\/p>\n<p class=\"p1\"><span class=\"s1\"><strong>Carlos Vives:<\/strong> 5. August im \u201eAnexo Estadio Antonio Dom\u00ednguez\u201c in Arona. Der Kolumbianer besucht uns auf seiner Welttournee \u201eLa fiesta de todos\u201d und wird uns mit mehr als zwei Stunden zu Rhythmen von La bicicleta (Shakira), La gota fr\u00eda, Fruta fresca, Bailar contigo, etc\u2026 bezaubern.<\/span><\/p>\n<p class=\"p1\"><a href=\"http:\/\/www.webtenerife.de\/dasblog\/2017\/06\/teneriffa-klingt-stark-in-diesem-sommer\/carlos-vives\/\" rel=\"attachment wp-att-1498\"><img decoding=\"async\" class=\"aligncenter size-large wp-image-1498\" src=\"http:\/\/www.webtenerife.de\/dasblog\/wp-content\/uploads\/2017\/06\/carlos-vives-690x267.jpg\" alt=\"carlos-vives\" width=\"650\" height=\"252\" srcset=\"https:\/\/www.webtenerife.de\/dasblog\/wp-content\/uploads\/2017\/06\/carlos-vives-690x267.jpg 690w, https:\/\/www.webtenerife.de\/dasblog\/wp-content\/uploads\/2017\/06\/carlos-vives-300x116.jpg 300w, https:\/\/www.webtenerife.de\/dasblog\/wp-content\/uploads\/2017\/06\/carlos-vives-768x298.jpg 768w, https:\/\/www.webtenerife.de\/dasblog\/wp-content\/uploads\/2017\/06\/carlos-vives-142x55.jpg 142w, https:\/\/www.webtenerife.de\/dasblog\/wp-content\/uploads\/2017\/06\/carlos-vives.jpg 1290w\" sizes=\"(max-width: 650px) 100vw, 650px\" \/><\/a><\/p>\n<p class=\"p1\"><span class=\"s1\"><strong>Arona Summer Festival:<\/strong> 5. August in Amarilla Golf, San Miguel de Abona. Mit Steve Aoki als Headliner und Atica als zweiten Akteur ist das Spektakel garantiert. Mit seiner siebten Auflage z\u00e4hlt die Veranstaltung zu einer der wichtigsten in ganz Spanien.<\/span><\/p>\n<p class=\"p1\"><a href=\"http:\/\/www.webtenerife.de\/dasblog\/2017\/06\/teneriffa-klingt-stark-in-diesem-sommer\/image\/\" rel=\"attachment wp-att-1497\"><img decoding=\"async\" class=\"aligncenter size-full wp-image-1497\" src=\"http:\/\/www.webtenerife.de\/dasblog\/wp-content\/uploads\/2017\/06\/image.jpg\" alt=\"Arona Summer Festival\" width=\"679\" height=\"960\" srcset=\"https:\/\/www.webtenerife.de\/dasblog\/wp-content\/uploads\/2017\/06\/image.jpg 679w, https:\/\/www.webtenerife.de\/dasblog\/wp-content\/uploads\/2017\/06\/image-212x300.jpg 212w, https:\/\/www.webtenerife.de\/dasblog\/wp-content\/uploads\/2017\/06\/image-39x55.jpg 39w\" sizes=\"(max-width: 679px) 100vw, 679px\" \/><\/a><\/p>\n<p class=\"p1\"><span class=\"s1\"><strong>Sunblast Festival:<\/strong> 12. August. Auch dieses Festival ist eine der wichtigsten Veranstaltungen elektronischer Musik auf den Kanarischen Inseln und in Spanien. Mit der f\u00fcnften Auflage stehen auch hier wieder die gr\u00f6\u00dften DJs der Welt an den Turntables.<\/span><\/p>\n<p class=\"p1\"><a href=\"http:\/\/www.webtenerife.de\/dasblog\/2017\/06\/teneriffa-klingt-stark-in-diesem-sommer\/650_img_2376_arona-summer-festival-nominado-al-mejor-festival-nacional-de-musica-electronica-1\/\" rel=\"attachment wp-att-1499\"><img loading=\"lazy\" decoding=\"async\" class=\"aligncenter size-full wp-image-1499\" src=\"http:\/\/www.webtenerife.de\/dasblog\/wp-content\/uploads\/2017\/06\/650_img_2376_arona-summer-festival-nominado-al-mejor-festival-nacional-de-musica-electronica-1.jpg\" alt=\"650_img_2376_arona-summer-festival-nominado-al-mejor-festival-nacional-de-musica-electronica-1\" width=\"650\" height=\"430\" srcset=\"https:\/\/www.webtenerife.de\/dasblog\/wp-content\/uploads\/2017\/06\/650_img_2376_arona-summer-festival-nominado-al-mejor-festival-nacional-de-musica-electronica-1.jpg 650w, https:\/\/www.webtenerife.de\/dasblog\/wp-content\/uploads\/2017\/06\/650_img_2376_arona-summer-festival-nominado-al-mejor-festival-nacional-de-musica-electronica-1-300x198.jpg 300w, https:\/\/www.webtenerife.de\/dasblog\/wp-content\/uploads\/2017\/06\/650_img_2376_arona-summer-festival-nominado-al-mejor-festival-nacional-de-musica-electronica-1-83x55.jpg 83w, https:\/\/www.webtenerife.de\/dasblog\/wp-content\/uploads\/2017\/06\/650_img_2376_arona-summer-festival-nominado-al-mejor-festival-nacional-de-musica-electronica-1-75x50.jpg 75w\" sizes=\"(max-width: 650px) 100vw, 650px\" \/><\/a><\/p>\n<p class=\"p1\"><span class=\"s1\"><strong>Maluma:<\/strong> 8. September im Hafen von Santa Cruz de Tenerife. Der Kolumbianische S\u00e4nger wird uns im Rhythmus seiner\u00a0\u201eMaluma World Tour 2017\u201c mit Hits wie Pretty Boy, Dirty Boy zum Tanzen bewegen.<\/span><\/p>\n<p class=\"p1\"><span class=\"s1\"><strong>David Bisbal:<\/strong> 16. September im \u201ePabell\u00f3n Insular Santiago Mart\u00edn de La Laguna\u201c. Der spanische K\u00fcnstler besucht die Insel mit seiner Hijos Del Mar-Tour 2017.<\/span><\/p>\n<p class=\"p1\"><span class=\"s1\"><strong>Antonio Orozco:<\/strong> 30. Oktober im \u201eAuditorio Teowaldo Power\u201c in La Orotava. Der S\u00e4nger tourt wieder im n\u00e4chsten Herbst nach Teneriffa. Das ist sein Comeback auf die B\u00fchne mit dem ver\u00f6ffentlichten Album aus dem Jahr 2015, worauf er Platin erhalten hat.<\/span><\/p>\n<p class=\"p1\"><span class=\"s1\">Na, habt ihr bereits eure Wahl getroffen? Lasst nicht zulange mit dem Ticket-Kauf auf euch warten!<\/span><\/p>\n","protected":false},"excerpt":{"rendered":"<p>Gute Musik kommt diesen Sommer 2017 nach Teneriffa. Konzerte, gro\u00dfe B\u00fchnenshows und Tanzveranstaltungen werden laut bis in den Herbst klingen. Das Angebot ist sehr abwechslungsreich; f\u00fcr jeden ist etwas dabei. Wir stellen euch eine Liste der Top-Konzerte vor. Aerosmith: 8. Juli im Stadion \u201eEstadio Heliodoro Rodr\u00edguez L\u00f3pez\u201c. Los geht\u2019s mit [&hellip;]<\/p>\n","protected":false},"author":5,"featured_media":1503,"comment_status":"open","ping_status":"open","sticky":false,"template":"","format":"standard","meta":{"footnotes":""},"categories":[16,145],"tags":[348,349,347,350,351,295],"class_list":["post-1495","post","type-post","status-publish","format-standard","has-post-thumbnail","hentry","category-konzerte","category-nightlife","tag-aerosmith","tag-buhne","tag-konzerte","tag-shows","tag-veranstaltungen","tag-webtenerife"],"_links":{"self":[{"href":"https:\/\/www.webtenerife.de\/dasblog\/wp-json\/wp\/v2\/posts\/1495","targetHints":{"allow":["GET"]}}],"collection":[{"href":"https:\/\/www.webtenerife.de\/dasblog\/wp-json\/wp\/v2\/posts"}],"about":[{"href":"https:\/\/www.webtenerife.de\/dasblog\/wp-json\/wp\/v2\/types\/post"}],"author":[{"embeddable":true,"href":"https:\/\/www.webtenerife.de\/dasblog\/wp-json\/wp\/v2\/users\/5"}],"replies":[{"embeddable":true,"href":"https:\/\/www.webtenerife.de\/dasblog\/wp-json\/wp\/v2\/comments?post=1495"}],"version-history":[{"count":3,"href":"https:\/\/www.webtenerife.de\/dasblog\/wp-json\/wp\/v2\/posts\/1495\/revisions"}],"predecessor-version":[{"id":1502,"href":"https:\/\/www.webtenerife.de\/dasblog\/wp-json\/wp\/v2\/posts\/1495\/revisions\/1502"}],"wp:featuredmedia":[{"embeddable":true,"href":"https:\/\/www.webtenerife.de\/dasblog\/wp-json\/wp\/v2\/media\/1503"}],"wp:attachment":[{"href":"https:\/\/www.webtenerife.de\/dasblog\/wp-json\/wp\/v2\/media?parent=1495"}],"wp:term":[{"taxonomy":"category","embeddable":true,"href":"https:\/\/www.webtenerife.de\/dasblog\/wp-json\/wp\/v2\/categories?post=1495"},{"taxonomy":"post_tag","embeddable":true,"href":"https:\/\/www.webtenerife.de\/dasblog\/wp-json\/wp\/v2\/tags?post=1495"}],"curies":[{"name":"wp","href":"https:\/\/api.w.org\/{rel}","templated":true}]}}