{"id":1488,"date":"2017-06-06T00:51:12","date_gmt":"2017-06-05T23:51:12","guid":{"rendered":"http:\/\/www.webtenerife.de\/dasblog\/?p=1488"},"modified":"2017-06-27T20:52:05","modified_gmt":"2017-06-27T19:52:05","slug":"unechte-karettschildkrote-viky-kehrt-ins-meer-zuruck-aktion-im-internationalen-jahr-des-nachhaltigen-tourismus","status":"publish","type":"post","link":"https:\/\/www.webtenerife.de\/dasblog\/2017\/06\/unechte-karettschildkrote-viky-kehrt-ins-meer-zuruck-aktion-im-internationalen-jahr-des-nachhaltigen-tourismus\/","title":{"rendered":"Unechte Karettschildkr\u00f6te \u201eViky\u201c kehrt ins Meer zur\u00fcck &#8211; Aktion im Internationalen Jahr des nachhaltigen Tourismus"},"content":{"rendered":"<p><a href=\"http:\/\/www.webtenerife.de\/dasblog\/2017\/06\/unechte-karettschildkrote-viky-kehrt-ins-meer-zuruck-aktion-im-internationalen-jahr-des-nachhaltigen-tourismus\/cabeza-fortuga\/\" rel=\"attachment wp-att-1489\"><img fetchpriority=\"high\" decoding=\"async\" class=\"aligncenter size-large wp-image-1489\" src=\"http:\/\/www.webtenerife.de\/dasblog\/wp-content\/uploads\/2017\/06\/cabeza-fortuga-690x388.jpg\" alt=\"cabeza-tortuga\" width=\"650\" height=\"366\" srcset=\"https:\/\/www.webtenerife.de\/dasblog\/wp-content\/uploads\/2017\/06\/cabeza-fortuga-690x388.jpg 690w, https:\/\/www.webtenerife.de\/dasblog\/wp-content\/uploads\/2017\/06\/cabeza-fortuga-300x169.jpg 300w, https:\/\/www.webtenerife.de\/dasblog\/wp-content\/uploads\/2017\/06\/cabeza-fortuga-768x432.jpg 768w, https:\/\/www.webtenerife.de\/dasblog\/wp-content\/uploads\/2017\/06\/cabeza-fortuga-98x55.jpg 98w, https:\/\/www.webtenerife.de\/dasblog\/wp-content\/uploads\/2017\/06\/cabeza-fortuga-980x550.jpg 980w, https:\/\/www.webtenerife.de\/dasblog\/wp-content\/uploads\/2017\/06\/cabeza-fortuga.jpg 1600w\" sizes=\"(max-width: 650px) 100vw, 650px\" \/><\/a><\/p>\n<p class=\"p1\"><span class=\"s1\">Die unechte Karettschildkr\u00f6te (Caretta caretta) mit dem Namen \u201eViky\u201c ist am Weltumwelttag, dem 5. Juni in ihre nat\u00fcrliche Umgebung zur\u00fcckgekehrt, dem Meer. Sie wurde im gr\u00f6\u00dften marinen Schutzgebiet der Insel, in der Sonderschutzzone von Teno, freigelassen; innerhalb des Europ\u00e4ischen Programms \u201eNatura-2000\u201c.<\/span><\/p>\n<p class=\"p1\"><span class=\"s1\">Ein Boot von ACEST, einer Vereinigung von Walbeobachtungs-Unternehmen, welche sich zu Nachhaltigkeit verpflichten, lief aus dem Hafen von Las Galletas in Arona aus und liess Viky auf hoher See in die Freiheit zur\u00fcck.<\/span><\/p>\n<p class=\"p1\"><a href=\"http:\/\/www.webtenerife.de\/dasblog\/2017\/06\/unechte-karettschildkrote-viky-kehrt-ins-meer-zuruck-aktion-im-internationalen-jahr-des-nachhaltigen-tourismus\/suelta-tortuga\/\" rel=\"attachment wp-att-1490\"><img decoding=\"async\" class=\"aligncenter size-large wp-image-1490\" src=\"http:\/\/www.webtenerife.de\/dasblog\/wp-content\/uploads\/2017\/06\/suelta-tortuga-690x388.jpg\" alt=\"suelta-tortuga\" width=\"650\" height=\"366\" srcset=\"https:\/\/www.webtenerife.de\/dasblog\/wp-content\/uploads\/2017\/06\/suelta-tortuga-690x388.jpg 690w, https:\/\/www.webtenerife.de\/dasblog\/wp-content\/uploads\/2017\/06\/suelta-tortuga-300x169.jpg 300w, https:\/\/www.webtenerife.de\/dasblog\/wp-content\/uploads\/2017\/06\/suelta-tortuga-768x432.jpg 768w, https:\/\/www.webtenerife.de\/dasblog\/wp-content\/uploads\/2017\/06\/suelta-tortuga-98x55.jpg 98w, https:\/\/www.webtenerife.de\/dasblog\/wp-content\/uploads\/2017\/06\/suelta-tortuga-980x550.jpg 980w, https:\/\/www.webtenerife.de\/dasblog\/wp-content\/uploads\/2017\/06\/suelta-tortuga.jpg 1280w\" sizes=\"(max-width: 650px) 100vw, 650px\" \/><\/a><\/p>\n<p class=\"p1\"><span class=\"s1\">Vicente Dorta, Gesch\u00e4ftsf\u00fchrer des Tourismusverbandes von Teneriffa bedankte sich pers\u00f6nlich bei dem Tourismussektor f\u00fcr den Kompromiss zum Schutz der Biodiversit\u00e4t und erw\u00e4hnte auch die positive Rolle, welche der Tourismus bei der Erhaltung der Umwelt und Tierwelt, im Einklang mit der Inselregierung f\u00fcr eine nachhaltige Entwicklung, spielte.<\/span><\/p>\n<p class=\"p1\"><span class=\"s1\">Viky hatte schwere Verletzungen erlitten, deshalb nahm man sie f\u00fcr einen Rehabilitierungsprozess im Zentrum f\u00fcr Wildlife von Tahonilla, in Zusammenarbeit mit der Umweltabteilung der Inselregierung, auf.<\/span><\/p>\n<p class=\"p1\"><strong><span class=\"s1\">Meeresschildkr\u00f6ten &#8211; eine der vom Aussterben bedrohten Arten.<\/span><\/strong><\/p>\n<p class=\"p1\"><span class=\"s1\">Die unechte Karettschildkr\u00f6te ist, zusammen mit der echten Karettschildkr\u00f6te, der Lederschildkr\u00f6te und der Suppenschildkr\u00f6te, eine der am meist gesichteten Arten in Kanarischen Gew\u00e4ssern. Unsere Inselgew\u00e4sser dienen als wichtige Nahrungsquelle f\u00fcr die Populationen des Atlantiks, da die Schildkr\u00f6ten in tropischen, subtropischen und gem\u00e4\u00dfigten Gew\u00e4ssern aller Ozeane vorkommen.<\/span><\/p>\n<p class=\"p1\"><span class=\"s1\">Die Bedrohungen dieser Art sind vielf\u00e4ltig; von der Pl\u00fcnderung der Eier f\u00fcr kommerzielle Zwecke bis zu Kollisionen mit Booten. Auch gef\u00e4hrlich ist Plastikabfall, der mit Nahrung verwechselt wird oder der Klimawandel selbst, denn dieser kann das Fortpflanzungsverhalten der Weibchen ver\u00e4ndern und damit das \u00dcberleben der Spezies gef\u00e4hrden.<\/span><\/p>\n","protected":false},"excerpt":{"rendered":"<p>Die unechte Karettschildkr\u00f6te (Caretta caretta) mit dem Namen \u201eViky\u201c ist am Weltumwelttag, dem 5. Juni in ihre nat\u00fcrliche Umgebung zur\u00fcckgekehrt, dem Meer. Sie wurde im gr\u00f6\u00dften marinen Schutzgebiet der Insel, in der Sonderschutzzone von Teno, freigelassen; innerhalb des Europ\u00e4ischen Programms \u201eNatura-2000\u201c. Ein Boot von ACEST, einer Vereinigung von Walbeobachtungs-Unternehmen, welche [&hellip;]<\/p>\n","protected":false},"author":5,"featured_media":0,"comment_status":"open","ping_status":"open","sticky":false,"template":"","format":"standard","meta":{"footnotes":""},"categories":[7,44],"tags":[345,344,346,295],"class_list":["post-1488","post","type-post","status-publish","format-standard","hentry","category-natur","category-neuigkeiten","tag-karettschildkrote","tag-nachhaltiger-tourismus","tag-umweltschutz","tag-webtenerife"],"_links":{"self":[{"href":"https:\/\/www.webtenerife.de\/dasblog\/wp-json\/wp\/v2\/posts\/1488","targetHints":{"allow":["GET"]}}],"collection":[{"href":"https:\/\/www.webtenerife.de\/dasblog\/wp-json\/wp\/v2\/posts"}],"about":[{"href":"https:\/\/www.webtenerife.de\/dasblog\/wp-json\/wp\/v2\/types\/post"}],"author":[{"embeddable":true,"href":"https:\/\/www.webtenerife.de\/dasblog\/wp-json\/wp\/v2\/users\/5"}],"replies":[{"embeddable":true,"href":"https:\/\/www.webtenerife.de\/dasblog\/wp-json\/wp\/v2\/comments?post=1488"}],"version-history":[{"count":2,"href":"https:\/\/www.webtenerife.de\/dasblog\/wp-json\/wp\/v2\/posts\/1488\/revisions"}],"predecessor-version":[{"id":1492,"href":"https:\/\/www.webtenerife.de\/dasblog\/wp-json\/wp\/v2\/posts\/1488\/revisions\/1492"}],"wp:attachment":[{"href":"https:\/\/www.webtenerife.de\/dasblog\/wp-json\/wp\/v2\/media?parent=1488"}],"wp:term":[{"taxonomy":"category","embeddable":true,"href":"https:\/\/www.webtenerife.de\/dasblog\/wp-json\/wp\/v2\/categories?post=1488"},{"taxonomy":"post_tag","embeddable":true,"href":"https:\/\/www.webtenerife.de\/dasblog\/wp-json\/wp\/v2\/tags?post=1488"}],"curies":[{"name":"wp","href":"https:\/\/api.w.org\/{rel}","templated":true}]}}