{"id":1473,"date":"2017-04-17T16:27:18","date_gmt":"2017-04-17T15:27:18","guid":{"rendered":"http:\/\/www.webtenerife.de\/dasblog\/?p=1473"},"modified":"2017-05-23T10:54:37","modified_gmt":"2017-05-23T09:54:37","slug":"teneriffa-prasentiert-3-tenerife-walking-festival-2017","status":"publish","type":"post","link":"https:\/\/www.webtenerife.de\/dasblog\/2017\/04\/teneriffa-prasentiert-3-tenerife-walking-festival-2017\/","title":{"rendered":"Tenerife Walking Festival 2017"},"content":{"rendered":"<p><img fetchpriority=\"high\" decoding=\"async\" class=\"alignnone size-large wp-image-1485\" src=\"http:\/\/www.webtenerife.de\/dasblog\/wp-content\/uploads\/2017\/04\/TENERIFE-WALKING-FESTIVAL-EXPOSICION-690x452.jpg\" alt=\"tenerife-walking-festival-exposicion\" width=\"650\" height=\"426\" srcset=\"https:\/\/www.webtenerife.de\/dasblog\/wp-content\/uploads\/2017\/04\/TENERIFE-WALKING-FESTIVAL-EXPOSICION-690x452.jpg 690w, https:\/\/www.webtenerife.de\/dasblog\/wp-content\/uploads\/2017\/04\/TENERIFE-WALKING-FESTIVAL-EXPOSICION-300x197.jpg 300w, https:\/\/www.webtenerife.de\/dasblog\/wp-content\/uploads\/2017\/04\/TENERIFE-WALKING-FESTIVAL-EXPOSICION-768x503.jpg 768w, https:\/\/www.webtenerife.de\/dasblog\/wp-content\/uploads\/2017\/04\/TENERIFE-WALKING-FESTIVAL-EXPOSICION-84x55.jpg 84w, https:\/\/www.webtenerife.de\/dasblog\/wp-content\/uploads\/2017\/04\/TENERIFE-WALKING-FESTIVAL-EXPOSICION-75x50.jpg 75w, https:\/\/www.webtenerife.de\/dasblog\/wp-content\/uploads\/2017\/04\/TENERIFE-WALKING-FESTIVAL-EXPOSICION.jpg 795w\" sizes=\"(max-width: 650px) 100vw, 650px\" \/><\/p>\n<p>Zum dritten Mal in Folge wird Teneriffa Austragungsort des Sportevents \u201eTenerife Walking Festival\u201c. Mitglieder von Wandervereinen, leidenschaftliche Hobbywanderer sowie Familien mit Kindern k\u00f6nnen dabei die Vielfalt der Kanareninsel auf unterschiedlichsten Wanderrouten und im Rahmen der zus\u00e4tzlich angebotenen Aktivit\u00e4ten erkunden.<\/p>\n<p><img decoding=\"async\" class=\"alignnone size-large wp-image-1479\" src=\"http:\/\/www.webtenerife.de\/dasblog\/wp-content\/uploads\/2017\/04\/SenderistaTeideBAja-690x461.jpg\" alt=\"senderistateidebaja\" width=\"650\" height=\"434\" srcset=\"https:\/\/www.webtenerife.de\/dasblog\/wp-content\/uploads\/2017\/04\/SenderistaTeideBAja-690x461.jpg 690w, https:\/\/www.webtenerife.de\/dasblog\/wp-content\/uploads\/2017\/04\/SenderistaTeideBAja-300x200.jpg 300w, https:\/\/www.webtenerife.de\/dasblog\/wp-content\/uploads\/2017\/04\/SenderistaTeideBAja-768x513.jpg 768w, https:\/\/www.webtenerife.de\/dasblog\/wp-content\/uploads\/2017\/04\/SenderistaTeideBAja-82x55.jpg 82w, https:\/\/www.webtenerife.de\/dasblog\/wp-content\/uploads\/2017\/04\/SenderistaTeideBAja-75x50.jpg 75w\" sizes=\"(max-width: 650px) 100vw, 650px\" \/><\/p>\n<p>Teneriffa geh\u00f6rt zu den beliebtesten europ\u00e4ischen Touristenzielen und lockt j\u00e4hrlich zahlreiche Sonnenanbeter und Aktivurlauber auf die Insel. Mit seiner einzigartigen Landschaft, unz\u00e4hligen Attraktionen und einer Durchschnittstemperatur von fr\u00fchlingshaften 23 Grad Celsius ist die Insel idealer Austragungsort des j\u00e4hrlichen und nun dritten Tenerife Walking Festivals, das vom 23. bis 27. Mai 2017 stattfindet.<\/p>\n<p>Auf die Teilnehmer warten die besten Wanderwege Teneriffas, mehr als 1500 Kilometer lang, 20 verschiedene Routen mit professionellen Guides, ein beneidenswertes Klima und eine unglaubliche Naturvielfalt: Von Berg- und Vulkanlandschaften \u00fcber Lorbeerw\u00e4lder bis hin zu K\u00fcstengebieten.<\/p>\n<p><img decoding=\"async\" class=\"alignnone size-large wp-image-1477\" src=\"http:\/\/www.webtenerife.de\/dasblog\/wp-content\/uploads\/2017\/04\/ParqueRuralTenoBaja-690x457.jpg\" alt=\"parqueruraltenobaja\" width=\"650\" height=\"431\" srcset=\"https:\/\/www.webtenerife.de\/dasblog\/wp-content\/uploads\/2017\/04\/ParqueRuralTenoBaja-690x457.jpg 690w, https:\/\/www.webtenerife.de\/dasblog\/wp-content\/uploads\/2017\/04\/ParqueRuralTenoBaja-300x199.jpg 300w, https:\/\/www.webtenerife.de\/dasblog\/wp-content\/uploads\/2017\/04\/ParqueRuralTenoBaja-768x509.jpg 768w, https:\/\/www.webtenerife.de\/dasblog\/wp-content\/uploads\/2017\/04\/ParqueRuralTenoBaja-83x55.jpg 83w, https:\/\/www.webtenerife.de\/dasblog\/wp-content\/uploads\/2017\/04\/ParqueRuralTenoBaja-75x50.jpg 75w\" sizes=\"(max-width: 650px) 100vw, 650px\" \/><\/p>\n<p>So bieten sie Wanderbegeisterten Spannung vom ersten bis zum letzten Tag und pr\u00e4sentieren die sch\u00f6nsten Seiten der Insel. Dort genie\u00dfen Teilnehmer einmalige Aussichten wie traumhafte Sonnenunterg\u00e4nge an Teneriffas K\u00fcsten, bestaunen die \u00fcppige Vegetation der W\u00e4lder oder den riesigen Vulkankegel entlang der Vulkanroute und wandern durch die Mondlandschaft des Teide-Nationalparks und zugleich UNESCO Weltnaturerbes.<\/p>\n<p><img loading=\"lazy\" decoding=\"async\" class=\"alignnone size-large wp-image-1476\" src=\"http:\/\/www.webtenerife.de\/dasblog\/wp-content\/uploads\/2017\/04\/ParqueNacionalTeideBaja-690x457.jpg\" alt=\"parquenacionalteidebaja\" width=\"650\" height=\"431\" srcset=\"https:\/\/www.webtenerife.de\/dasblog\/wp-content\/uploads\/2017\/04\/ParqueNacionalTeideBaja-690x457.jpg 690w, https:\/\/www.webtenerife.de\/dasblog\/wp-content\/uploads\/2017\/04\/ParqueNacionalTeideBaja-300x199.jpg 300w, https:\/\/www.webtenerife.de\/dasblog\/wp-content\/uploads\/2017\/04\/ParqueNacionalTeideBaja-768x509.jpg 768w, https:\/\/www.webtenerife.de\/dasblog\/wp-content\/uploads\/2017\/04\/ParqueNacionalTeideBaja-83x55.jpg 83w, https:\/\/www.webtenerife.de\/dasblog\/wp-content\/uploads\/2017\/04\/ParqueNacionalTeideBaja-75x50.jpg 75w\" sizes=\"(max-width: 650px) 100vw, 650px\" \/><\/p>\n<p>Die Teilnehmer werden\u00a0neben gemeinsamen Wanderungen auch die M\u00f6glichkeit haben, ihre gesammelten Erfahrungen an einem extra daf\u00fcr konzipierten Treffpunkt auszutauschen, sowie mit nationalen und internationalen Referenten zu den Themen Wandern, Natur und Bergsteigen in Kontakt zu treten. Am letzten Tag des Festivals, am 27. Mai 2017, findet das gro\u00dfe Finale des Events statt und bietet neben Verkostungen von lokalen Produkten auch Koch- shows und eine attraktive Tourismusmesse.<\/p>\n<p>Alle Informationen zum Tenerife Walking Festival kann man unter <a href=\"http:\/\/www.tenerifewalkingfesetival.com.de\/\">www.tenerifewalkingfesetival.com.de<\/a> \u00a0finden.<\/p>\n","protected":false},"excerpt":{"rendered":"<p>Zum dritten Mal in Folge wird Teneriffa Austragungsort des Sportevents \u201eTenerife Walking Festival\u201c. Mitglieder von Wandervereinen, leidenschaftliche Hobbywanderer sowie Familien mit Kindern k\u00f6nnen dabei die Vielfalt der Kanareninsel auf unterschiedlichsten Wanderrouten und im Rahmen der zus\u00e4tzlich angebotenen Aktivit\u00e4ten erkunden. Teneriffa geh\u00f6rt zu den beliebtesten europ\u00e4ischen Touristenzielen und lockt j\u00e4hrlich zahlreiche [&hellip;]<\/p>\n","protected":false},"author":9,"featured_media":0,"comment_status":"open","ping_status":"open","sticky":false,"template":"","format":"standard","meta":{"footnotes":""},"categories":[1],"tags":[319,343,331,295],"class_list":["post-1473","post","type-post","status-publish","format-standard","hentry","category-verschiedenes","tag-tenerife-walking-festival","tag-twf","tag-wandern","tag-webtenerife"],"_links":{"self":[{"href":"https:\/\/www.webtenerife.de\/dasblog\/wp-json\/wp\/v2\/posts\/1473","targetHints":{"allow":["GET"]}}],"collection":[{"href":"https:\/\/www.webtenerife.de\/dasblog\/wp-json\/wp\/v2\/posts"}],"about":[{"href":"https:\/\/www.webtenerife.de\/dasblog\/wp-json\/wp\/v2\/types\/post"}],"author":[{"embeddable":true,"href":"https:\/\/www.webtenerife.de\/dasblog\/wp-json\/wp\/v2\/users\/9"}],"replies":[{"embeddable":true,"href":"https:\/\/www.webtenerife.de\/dasblog\/wp-json\/wp\/v2\/comments?post=1473"}],"version-history":[{"count":5,"href":"https:\/\/www.webtenerife.de\/dasblog\/wp-json\/wp\/v2\/posts\/1473\/revisions"}],"predecessor-version":[{"id":1486,"href":"https:\/\/www.webtenerife.de\/dasblog\/wp-json\/wp\/v2\/posts\/1473\/revisions\/1486"}],"wp:attachment":[{"href":"https:\/\/www.webtenerife.de\/dasblog\/wp-json\/wp\/v2\/media?parent=1473"}],"wp:term":[{"taxonomy":"category","embeddable":true,"href":"https:\/\/www.webtenerife.de\/dasblog\/wp-json\/wp\/v2\/categories?post=1473"},{"taxonomy":"post_tag","embeddable":true,"href":"https:\/\/www.webtenerife.de\/dasblog\/wp-json\/wp\/v2\/tags?post=1473"}],"curies":[{"name":"wp","href":"https:\/\/api.w.org\/{rel}","templated":true}]}}