{"id":1458,"date":"2017-01-31T14:01:08","date_gmt":"2017-01-31T13:01:08","guid":{"rendered":"http:\/\/www.webtenerife.de\/dasblog\/?p=1458"},"modified":"2017-01-31T14:01:08","modified_gmt":"2017-01-31T13:01:08","slug":"die-magie-des-karnevals","status":"publish","type":"post","link":"https:\/\/www.webtenerife.de\/dasblog\/2017\/01\/die-magie-des-karnevals\/","title":{"rendered":"Die Magie des Karnevals"},"content":{"rendered":"<p>Im Februar f\u00fcllt sich die Insel mit bunten Farben und viel Jubel, allen voran die Hauptstadt Santa Cruz<\/p>\n<figure id=\"attachment_1459\" aria-describedby=\"caption-attachment-1459\" style=\"width: 650px\" class=\"wp-caption alignnone\"><img fetchpriority=\"high\" decoding=\"async\" class=\"size-large wp-image-1459\" src=\"http:\/\/www.webtenerife.de\/dasblog\/wp-content\/uploads\/2017\/01\/Carnaval-de-Dia-3-@Jesus-DSousa-690x370.jpg\" alt=\"@Jesus D\u2019Sousa\" width=\"650\" height=\"349\" srcset=\"https:\/\/www.webtenerife.de\/dasblog\/wp-content\/uploads\/2017\/01\/Carnaval-de-Dia-3-@Jesus-DSousa-690x370.jpg 690w, https:\/\/www.webtenerife.de\/dasblog\/wp-content\/uploads\/2017\/01\/Carnaval-de-Dia-3-@Jesus-DSousa-300x161.jpg 300w, https:\/\/www.webtenerife.de\/dasblog\/wp-content\/uploads\/2017\/01\/Carnaval-de-Dia-3-@Jesus-DSousa-768x412.jpg 768w, https:\/\/www.webtenerife.de\/dasblog\/wp-content\/uploads\/2017\/01\/Carnaval-de-Dia-3-@Jesus-DSousa-103x55.jpg 103w, https:\/\/www.webtenerife.de\/dasblog\/wp-content\/uploads\/2017\/01\/Carnaval-de-Dia-3-@Jesus-DSousa.jpg 1000w\" sizes=\"(max-width: 650px) 100vw, 650px\" \/><figcaption id=\"caption-attachment-1459\" class=\"wp-caption-text\">@Jesus D\u2019Sousa<\/figcaption><\/figure>\n<p>Den meisten graut es vor dem dunklen und kalten Februar, doch auf der Kanareninsel Teneriffa steht der Monat im Zeichen des farbenfrohen Karnevals mit fr\u00fchlingshaften Temperaturen. Bunte Kost\u00fcme, Musik, ein herrliches Ambiente in sicherer Umgebung \u2013 ein absolutes Muss f\u00fcr jeden Liebhaber der sogenannten f\u00fcnften Jahreszeit.<\/p>\n<p><strong>Der Karneval von Santa Cruz de Tenerife ist ein Festival von internationalem touristischen Interesse<\/strong> und zweifellos der ber\u00fchmteste der Insel. Mit seinen Galas, Wettbewerben verschiedenster Gruppen, den unz\u00e4hligen T\u00e4nzen am Abend und dem Carnaval de D\u00eda erlebt die gesamte Familie das bunte Treiben der Stadt. Auch andere Gemeinden der Insel feiern ihren Karneval. Wer ihn hautnah miterleben m\u00f6chte sollte sich verkleiden und von der ungezwungenen Fr\u00f6hlichkeit der Tinerfe\u00f1os anstecken lassen.<\/p>\n<p><strong>Gestalte deinen eigenen Plan f\u00fcr Karneval<\/strong><\/p>\n<figure id=\"attachment_1463\" aria-describedby=\"caption-attachment-1463\" style=\"width: 650px\" class=\"wp-caption alignnone\"><img decoding=\"async\" class=\"size-large wp-image-1463\" src=\"http:\/\/www.webtenerife.de\/dasblog\/wp-content\/uploads\/2017\/01\/mamelucos-2-690x279.jpg\" alt=\"@Jesus D\u2019Sousa\" width=\"650\" height=\"263\" srcset=\"https:\/\/www.webtenerife.de\/dasblog\/wp-content\/uploads\/2017\/01\/mamelucos-2-690x279.jpg 690w, https:\/\/www.webtenerife.de\/dasblog\/wp-content\/uploads\/2017\/01\/mamelucos-2-300x122.jpg 300w, https:\/\/www.webtenerife.de\/dasblog\/wp-content\/uploads\/2017\/01\/mamelucos-2-768x311.jpg 768w, https:\/\/www.webtenerife.de\/dasblog\/wp-content\/uploads\/2017\/01\/mamelucos-2-136x55.jpg 136w, https:\/\/www.webtenerife.de\/dasblog\/wp-content\/uploads\/2017\/01\/mamelucos-2.jpg 1000w\" sizes=\"(max-width: 650px) 100vw, 650px\" \/><figcaption id=\"caption-attachment-1463\" class=\"wp-caption-text\">@Jesus D\u2019Sousa<\/figcaption><\/figure>\n<p>Obwohl der offizielle Karneval mit den Wettbewerben der verschiedenen Gruppen (Murgas, Karnevalstruppen, Stra\u00dfenmusikanten) beginnt, bildet die Gala mit der Wahl zur Karnevalsk\u00f6nigin den wahren Auftakt der Narrenzeit. Diese findet immer an einem Mittwoch statt, der Karnevalsfreitag l\u00e4utet mit seiner bunten <strong>Er\u00f6ffnungsparad<\/strong>e abermals die f\u00fcnfte Jahreszeit ein. Sp\u00e4testens dann solltest du das Treiben auf der Insel vor Ort erleben.<\/p>\n<p>Von dieser Nacht an f\u00fcllen sich die Stra\u00dfen der Innenstadt von Santa Cruz mit Musik und Gestalten mit den unterschiedlichsten Verkleidungen. Es ist keine wissenschaftliche Studie, aber es kann sein, dass nur eine einige von tausend oder sogar zehntausend Personen ohne Verkleidung zu den T\u00e4nzen kommt. Wer also nicht unter der Menschenmenge herausstechen m\u00f6chte, sollte sich schnellstm\u00f6glich das passende Kost\u00fcm zulegen.<\/p>\n<p><strong>Entertainer mit Haaren an den Beinen<\/strong><\/p>\n<figure id=\"attachment_1461\" aria-describedby=\"caption-attachment-1461\" style=\"width: 650px\" class=\"wp-caption alignnone\"><img decoding=\"async\" class=\"size-large wp-image-1461\" src=\"http:\/\/www.webtenerife.de\/dasblog\/wp-content\/uploads\/2017\/01\/coso-3-690x483.jpg\" alt=\"@Jesus D\u2019Sousa\" width=\"650\" height=\"455\" srcset=\"https:\/\/www.webtenerife.de\/dasblog\/wp-content\/uploads\/2017\/01\/coso-3-690x483.jpg 690w, https:\/\/www.webtenerife.de\/dasblog\/wp-content\/uploads\/2017\/01\/coso-3-300x210.jpg 300w, https:\/\/www.webtenerife.de\/dasblog\/wp-content\/uploads\/2017\/01\/coso-3-768x538.jpg 768w, https:\/\/www.webtenerife.de\/dasblog\/wp-content\/uploads\/2017\/01\/coso-3-79x55.jpg 79w, https:\/\/www.webtenerife.de\/dasblog\/wp-content\/uploads\/2017\/01\/coso-3.jpg 1000w\" sizes=\"(max-width: 650px) 100vw, 650px\" \/><figcaption id=\"caption-attachment-1461\" class=\"wp-caption-text\">@Jesus D\u2019Sousa<\/figcaption><\/figure>\n<p>Den einen mag es skurril erscheinen, aber auf Teneriffa ist es vollkommen normal, Gruppen behaarter M\u00e4nner im Animateurinnen-Kost\u00fcm zu begegnen oder spektakul\u00e4ren Verkleidungen aus Fantasy-Filmen. Auf der Kanareninsel sind die Verkleidungen genauso zahlreich wie die tausenden Teilnehmer \u2013 Santa Cruz h\u00e4lt hier sogar den <strong>Guiness-Weltrekord<\/strong> der h\u00f6chsten Anzahl an tanzenden Personen unter freiem Himmel. 1987 brachte die Kubanerin Celia Cruz, Star der Salsa-Musik, 250.000 Menschen dazu, auf der zentralen Plaza de Espa\u00f1a mitzutanzen \u2013 ein bis heute ungeschlagener Rekord!<\/p>\n<p>W\u00e4hrend der beiden Karnevalswochen erleben Besucher und Einheimische die Hauptstadt Santa Cruz in einer charmanten Mischung aus verr\u00fccktem Spa\u00df und guter Stimmung \u2013 ein unvergleichliches Fest auch f\u00fcr die gesamte Familie.<\/p>\n<p><strong>Der Umzug, La Sardina und La Pi\u00f1ata<\/strong><\/p>\n<figure id=\"attachment_1460\" aria-describedby=\"caption-attachment-1460\" style=\"width: 650px\" class=\"wp-caption alignnone\"><img loading=\"lazy\" decoding=\"async\" class=\"size-large wp-image-1460\" src=\"http:\/\/www.webtenerife.de\/dasblog\/wp-content\/uploads\/2017\/01\/carnaval-de-dia-4-690x437.jpg\" alt=\"@Jesus D\u2019Sousa\" width=\"650\" height=\"412\" srcset=\"https:\/\/www.webtenerife.de\/dasblog\/wp-content\/uploads\/2017\/01\/carnaval-de-dia-4-690x437.jpg 690w, https:\/\/www.webtenerife.de\/dasblog\/wp-content\/uploads\/2017\/01\/carnaval-de-dia-4-300x190.jpg 300w, https:\/\/www.webtenerife.de\/dasblog\/wp-content\/uploads\/2017\/01\/carnaval-de-dia-4-768x486.jpg 768w, https:\/\/www.webtenerife.de\/dasblog\/wp-content\/uploads\/2017\/01\/carnaval-de-dia-4-87x55.jpg 87w, https:\/\/www.webtenerife.de\/dasblog\/wp-content\/uploads\/2017\/01\/carnaval-de-dia-4.jpg 1000w\" sizes=\"(max-width: 650px) 100vw, 650px\" \/><figcaption id=\"caption-attachment-1460\" class=\"wp-caption-text\">@Jesus D\u2019Sousa<\/figcaption><\/figure>\n<p>Am <strong>Faschingsdienstag<\/strong> stellt der <strong>gro\u00dfe Umzug<\/strong> auf der Avenida de Anaga den H\u00f6hepunkt des Festes dar: Eine riesige, bunte Parade mit hunderttausenden Teilnehmern.<\/p>\n<p>Die Nacht des <strong>Aschermittwochs<\/strong> ist f\u00fcr jeden ein absolutes Muss. Die <strong>Beerdigung der Sardine<\/strong> ist die lustigste Totenfeier, an der man in seinem gesamten Leben teilnehmen kann. Dieser \u201etraurige\u201c Festakt endet mit zahlreichen T\u00e4nzen durch die Stra\u00dfen von Santa Cruz bis sp\u00e4t in die Nacht hinein.<\/p>\n<p>Und danach? Am folgenden Wochenende (<strong>Pi\u00f1ata<\/strong> genannt), finden erneut der Carnaval de D\u00eda und Nachtt\u00e4nze statt, die die Stadt verwandeln. Aber alles was einen Anfang hat, hat auch ein Ende \u2013 am Sonntag verabschiedet sich das Fest bis zum Folgejahr\u2026 aber nur in der Hauptstadt. Viele andere D\u00f6rfer haben ihren eigenen, ganz speziellen Karneval, der genauso belebt und \u00fcberraschend ist und definitiv auch einen Besuch wert ist!<\/p>\n<p>&nbsp;<br \/>\n<strong>Nimm als einer von vielen teil; tarne dich<\/strong><\/p>\n<figure id=\"attachment_1462\" aria-describedby=\"caption-attachment-1462\" style=\"width: 650px\" class=\"wp-caption alignnone\"><img loading=\"lazy\" decoding=\"async\" class=\"size-large wp-image-1462\" src=\"http:\/\/www.webtenerife.de\/dasblog\/wp-content\/uploads\/2017\/01\/los-cariocas-191-690x453-690x453.jpg\" alt=\"@Jesus D\u2019Sousa\" width=\"650\" height=\"427\" srcset=\"https:\/\/www.webtenerife.de\/dasblog\/wp-content\/uploads\/2017\/01\/los-cariocas-191-690x453.jpg 690w, https:\/\/www.webtenerife.de\/dasblog\/wp-content\/uploads\/2017\/01\/los-cariocas-191-690x453-300x197.jpg 300w, https:\/\/www.webtenerife.de\/dasblog\/wp-content\/uploads\/2017\/01\/los-cariocas-191-690x453-84x55.jpg 84w, https:\/\/www.webtenerife.de\/dasblog\/wp-content\/uploads\/2017\/01\/los-cariocas-191-690x453-75x50.jpg 75w\" sizes=\"(max-width: 650px) 100vw, 650px\" \/><figcaption id=\"caption-attachment-1462\" class=\"wp-caption-text\">@Jesus D\u2019Sousa<\/figcaption><\/figure>\n<p>Dich in der Karnevalsstimmung zu tarnen, ist nicht schwierig. Hier lautet die Devise entweder selbst basteln oder eines zu erschwinglichen Preisen in den spezialisierten Gesch\u00e4ften finden, die in diesen Tagen alles anbieten, um sich in einen Superhelden, einen Gladiator oder eine sexy Krankenschwester zu verwandeln, inklusive Per\u00fccke, Schmuck und jegliche Art von extravaganter Schminke.<\/p>\n<p>Das einzige was du noch zu deiner Verkleidung brauchst: Lust dich zu am\u00fcsieren und mit Spa\u00df die Pers\u00f6nlichkeit darzustellen, die du verk\u00f6rperst.<br \/>\nDer Schl\u00fcssel liegt darin den Karneval in vollen Z\u00fcgen zu genie\u00dfen und die Menschen um dich herum mit deiner Federboa, deinen langen, falschen Wimpern oder mit deinem vor Glitter leuchtendem Gesicht zum Lachen zu bringen.<\/p>\n<p>&nbsp;<br \/>\nWeitere Informationen unter:<br \/>\n<a href=\"http:\/\/www.webtenerife.de\/aktivitaten\/karneval\/\">http:\/\/www.webtenerife.de\/aktivitaten\/karneval\/\u00a0 <\/a><br \/>\n<a href=\"http:\/\/carnavaldetenerife.com\/\">http:\/\/carnavaldetenerife.com\/<\/a><\/p>\n","protected":false},"excerpt":{"rendered":"<p>Im Februar f\u00fcllt sich die Insel mit bunten Farben und viel Jubel, allen voran die Hauptstadt Santa Cruz Den meisten graut es vor dem dunklen und kalten Februar, doch auf der Kanareninsel Teneriffa steht der Monat im Zeichen des farbenfrohen Karnevals mit fr\u00fchlingshaften Temperaturen. Bunte Kost\u00fcme, Musik, ein herrliches Ambiente [&hellip;]<\/p>\n","protected":false},"author":9,"featured_media":0,"comment_status":"open","ping_status":"open","sticky":false,"template":"","format":"standard","meta":{"footnotes":""},"categories":[34,1],"tags":[342,295],"class_list":["post-1458","post","type-post","status-publish","format-standard","hentry","category-kultur","category-verschiedenes","tag-karneval","tag-webtenerife"],"_links":{"self":[{"href":"https:\/\/www.webtenerife.de\/dasblog\/wp-json\/wp\/v2\/posts\/1458","targetHints":{"allow":["GET"]}}],"collection":[{"href":"https:\/\/www.webtenerife.de\/dasblog\/wp-json\/wp\/v2\/posts"}],"about":[{"href":"https:\/\/www.webtenerife.de\/dasblog\/wp-json\/wp\/v2\/types\/post"}],"author":[{"embeddable":true,"href":"https:\/\/www.webtenerife.de\/dasblog\/wp-json\/wp\/v2\/users\/9"}],"replies":[{"embeddable":true,"href":"https:\/\/www.webtenerife.de\/dasblog\/wp-json\/wp\/v2\/comments?post=1458"}],"version-history":[{"count":5,"href":"https:\/\/www.webtenerife.de\/dasblog\/wp-json\/wp\/v2\/posts\/1458\/revisions"}],"predecessor-version":[{"id":1468,"href":"https:\/\/www.webtenerife.de\/dasblog\/wp-json\/wp\/v2\/posts\/1458\/revisions\/1468"}],"wp:attachment":[{"href":"https:\/\/www.webtenerife.de\/dasblog\/wp-json\/wp\/v2\/media?parent=1458"}],"wp:term":[{"taxonomy":"category","embeddable":true,"href":"https:\/\/www.webtenerife.de\/dasblog\/wp-json\/wp\/v2\/categories?post=1458"},{"taxonomy":"post_tag","embeddable":true,"href":"https:\/\/www.webtenerife.de\/dasblog\/wp-json\/wp\/v2\/tags?post=1458"}],"curies":[{"name":"wp","href":"https:\/\/api.w.org\/{rel}","templated":true}]}}