{"id":1428,"date":"2016-07-13T10:58:08","date_gmt":"2016-07-13T09:58:08","guid":{"rendered":"http:\/\/www.webtenerife.de\/dasblog\/?p=1428"},"modified":"2016-07-13T10:58:08","modified_gmt":"2016-07-13T09:58:08","slug":"der-teide-auf-platz-8-der-am-meist-besuchten-orte-auf-google-views","status":"publish","type":"post","link":"https:\/\/www.webtenerife.de\/dasblog\/2016\/07\/der-teide-auf-platz-8-der-am-meist-besuchten-orte-auf-google-views\/","title":{"rendered":"Der Teide \u2013 auf Platz 8 der am meist besuchten Orte auf Google Views"},"content":{"rendered":"<p><em><span style=\"color: #000000; font-family: Calibri;\">Der Teide und damit das Symbol der Kanarischen Insel lockt nicht nur jedes Jahr zahlreiche Urlauber nach Teneriffa, auch virtuell verzeichnet der Vulkan eine F\u00fclle an Besuchern \u2013 rund 8,6 Millionen Aufrufe in der bei Google Maps integrierten Applikation. <\/span><\/em><\/p>\n<p><a href=\"http:\/\/www.webtenerife.de\/dasblog\/wp-content\/uploads\/2016\/07\/Teide-Select.jpg\"><img fetchpriority=\"high\" decoding=\"async\" class=\"alignnone size-full wp-image-1429\" alt=\"Teide Select\" src=\"http:\/\/www.webtenerife.de\/dasblog\/wp-content\/uploads\/2016\/07\/Teide-Select.jpg\" width=\"690\" height=\"408\" srcset=\"https:\/\/www.webtenerife.de\/dasblog\/wp-content\/uploads\/2016\/07\/Teide-Select.jpg 690w, https:\/\/www.webtenerife.de\/dasblog\/wp-content\/uploads\/2016\/07\/Teide-Select-300x177.jpg 300w, https:\/\/www.webtenerife.de\/dasblog\/wp-content\/uploads\/2016\/07\/Teide-Select-93x55.jpg 93w\" sizes=\"(max-width: 690px) 100vw, 690px\" \/><\/a><\/p>\n<p><span style=\"color: #000000; font-family: Calibri;\">Mit insgesamt 8,6 Millionen Besuchern ist der Teide Nationalpark somit auf Platz 8 der am meist besuchten Orte der Google Nutzer, die dank dieser App und der M\u00f6glichkeit von Street View die Landschaft rund um den Vulkan auf ihrem mobilen Ger\u00e4t betrachten k\u00f6nnen. <\/span><\/p>\n<p><span style=\"color: #000000; font-family: Calibri;\">Alberto Bernab\u00e9, Tourismusminister von Teneriffa, betont: \u201eDank dieses einzigartigen Tools kann nun jeder den Nationalpark auf eine neue Weise erkunden, selbst wenn er nicht live vor Ort sein kann. Diese Applikation gibt nun potentiellen Besuchern und Reisenden die Chance, den Park virtuell kennenzulernen und sich so der Destination mit all ihren Attraktionen zu n\u00e4hern, bevor sie im echten Leben in den Flieger steigen\u201c.<\/span><\/p>\n<p><span style=\"color: #000000; font-family: Calibri;\">Turismo de Tenerife unterst\u00fctzt gemeinsam mit la Factor\u00eda de la Innovaci\u00f3n Turistica de Canarias dies von Crea Solutions ins Leben gerufene Initiative. Das Team dieses Unternehmens hat eine Kollektion von mehr als 300 Panoramabildern des Teide entwickelt und zusammengestellt, um Nutzern eine virtuelle Tour durch den Nationalpark zu erm\u00f6glichen. Neben dem Fremdenverkehrsamt Teneriffa hat der Inselrat unter folgendem Link spektakul\u00e4re Bilder zusammengestellt und ein ma\u00dfgeschneidertes virtuelles Erlebnis kreiert: <\/span><a href=\"https:\/\/www.webtenerife.com\/views\"><span style=\"color: #0000ff; font-family: Calibri;\">https:\/\/www.webtenerife.com\/views<\/span><\/a><span style=\"color: #000000; font-family: Calibri;\">. <\/span><\/p>\n","protected":false},"excerpt":{"rendered":"<p>Der Teide und damit das Symbol der Kanarischen Insel lockt nicht nur jedes Jahr zahlreiche Urlauber nach Teneriffa, auch virtuell verzeichnet der Vulkan eine F\u00fclle an Besuchern \u2013 rund 8,6 Millionen Aufrufe in der bei Google Maps integrierten Applikation. Mit insgesamt 8,6 Millionen Besuchern ist der Teide Nationalpark somit auf [&hellip;]<\/p>\n","protected":false},"author":9,"featured_media":0,"comment_status":"open","ping_status":"open","sticky":false,"template":"","format":"standard","meta":{"footnotes":""},"categories":[7,68],"tags":[328,301,295],"class_list":["post-1428","post","type-post","status-publish","format-standard","hentry","category-natur","category-teide","tag-google","tag-teide-2","tag-webtenerife"],"_links":{"self":[{"href":"https:\/\/www.webtenerife.de\/dasblog\/wp-json\/wp\/v2\/posts\/1428","targetHints":{"allow":["GET"]}}],"collection":[{"href":"https:\/\/www.webtenerife.de\/dasblog\/wp-json\/wp\/v2\/posts"}],"about":[{"href":"https:\/\/www.webtenerife.de\/dasblog\/wp-json\/wp\/v2\/types\/post"}],"author":[{"embeddable":true,"href":"https:\/\/www.webtenerife.de\/dasblog\/wp-json\/wp\/v2\/users\/9"}],"replies":[{"embeddable":true,"href":"https:\/\/www.webtenerife.de\/dasblog\/wp-json\/wp\/v2\/comments?post=1428"}],"version-history":[{"count":1,"href":"https:\/\/www.webtenerife.de\/dasblog\/wp-json\/wp\/v2\/posts\/1428\/revisions"}],"predecessor-version":[{"id":1430,"href":"https:\/\/www.webtenerife.de\/dasblog\/wp-json\/wp\/v2\/posts\/1428\/revisions\/1430"}],"wp:attachment":[{"href":"https:\/\/www.webtenerife.de\/dasblog\/wp-json\/wp\/v2\/media?parent=1428"}],"wp:term":[{"taxonomy":"category","embeddable":true,"href":"https:\/\/www.webtenerife.de\/dasblog\/wp-json\/wp\/v2\/categories?post=1428"},{"taxonomy":"post_tag","embeddable":true,"href":"https:\/\/www.webtenerife.de\/dasblog\/wp-json\/wp\/v2\/tags?post=1428"}],"curies":[{"name":"wp","href":"https:\/\/api.w.org\/{rel}","templated":true}]}}