{"id":1420,"date":"2016-05-11T09:51:01","date_gmt":"2016-05-11T08:51:01","guid":{"rendered":"http:\/\/www.webtenerife.de\/dasblog\/?p=1420"},"modified":"2016-05-11T09:51:01","modified_gmt":"2016-05-11T08:51:01","slug":"15-blaue-flaggen-fur-teneriffas-strande","status":"publish","type":"post","link":"https:\/\/www.webtenerife.de\/dasblog\/2016\/05\/15-blaue-flaggen-fur-teneriffas-strande\/","title":{"rendered":"15 Blaue Flaggen f\u00fcr Teneriffas Str\u00e4nde"},"content":{"rendered":"<p><em>Auch dieses Jahr werden wieder exzellenter Sevice und gute Strandqualit\u00e4t ausgezeichnet<\/em><\/p>\n<p><a href=\"http:\/\/www.webtenerife.de\/dasblog\/wp-content\/uploads\/2016\/05\/FOTO-PLAYA.jpg\"><img fetchpriority=\"high\" decoding=\"async\" class=\"alignnone size-full wp-image-1421\" alt=\"FOTO PLAYA\" src=\"http:\/\/www.webtenerife.de\/dasblog\/wp-content\/uploads\/2016\/05\/FOTO-PLAYA.jpg\" width=\"640\" height=\"417\" srcset=\"https:\/\/www.webtenerife.de\/dasblog\/wp-content\/uploads\/2016\/05\/FOTO-PLAYA.jpg 640w, https:\/\/www.webtenerife.de\/dasblog\/wp-content\/uploads\/2016\/05\/FOTO-PLAYA-300x195.jpg 300w, https:\/\/www.webtenerife.de\/dasblog\/wp-content\/uploads\/2016\/05\/FOTO-PLAYA-84x55.jpg 84w, https:\/\/www.webtenerife.de\/dasblog\/wp-content\/uploads\/2016\/05\/FOTO-PLAYA-75x50.jpg 75w\" sizes=\"(max-width: 640px) 100vw, 640px\" \/><\/a><br \/>\nInsgesamt haben 15 Str\u00e4nde Teneriffas in 2016 die Blaue Flagge als Auszeichnung f\u00fcr exzellenten Service und Qualit\u00e4t erhalten. Somit sind es in diesem Jahr drei Str\u00e4nde mehr als im vergangenen Jahr, die die blauen Flaggen hissen d\u00fcrfen. Die Verleihung durch die Vereinigung f\u00fcr Umwelt- und Endverbrauchererziehung (Asociaci\u00f3n de Educaci\u00f3n Ambiental y del Consumidor (ADEAC) ) fand am Donnerstag, den 5. Mai in Madrid statt, wo sich der\u00a0 Sitz der Welttourismusorganisation befindet.<\/p>\n<p>Diese Str\u00e4nde der Insel d\u00fcrfen sich mit der Blauen Flagge schm\u00fccken: El M\u00e9dano, La Jaquita in Granadilla de Abona; Troya (I y II), Torviscas, Fa\u00f1ab\u00e9 und El Duque in Adeje; Las Vistas und Los Cristianos in Arona; La Arena in Santiago del Teide; die Naturbecken von Bajamar in La Laguna; El Socorro in Los Realejos; San Telmo und Complejo Playa Jard\u00edn in Puerto de la Cruz; Playa San Juan in Gu\u00eda de Isora und La Arena-Mesa del Mar in Tacoronte.<\/p>\n<p>Die Auszeichnung Blaue Flagge pr\u00e4miert die Str\u00e4nde und Sporth\u00e4fen, die Exzellenzanforderungen in Bereichen wie Qualit\u00e4t des Badewassers sowie Umweltnorm erf\u00fcllen und die dar\u00fcberhinaus auch noch \u00fcber eine geeignete Gesundheits- und Sicherheitsinfrastruktur verf\u00fcgen, um sowohl die Gesundheit, als auch die Sicherheit der Nutzer zu garantieren.<\/p>\n<p>Abgesehen von den genannten Str\u00e4nden hat der K\u00fcstenwanderweg Faro de la Punta del Hidalgo die Auszeichnung Blauer Wanderweg erhalten \u2013 Teil der Kategorie Routen und landschaftliche Elemente, die an Str\u00e4nde oder H\u00e4fen mit der Blauen Flagge angeschlossen sind &#8211; sowie die \u201cAula de la Naturaleza Rambla de Castro\u201d in Realejos, die als Zentrum der Blauen Flagge gekennzeichnet wurde. Die Gemeinde Arona auf Teneriffa hat au\u00dferdem eine thematische Auszeichnung im Bereich Integrativer Strand, Sonne und Meer f\u00fcr alle, die das Aufheben von architektonischen Barrieren und die Beachtung von Menschen mit Behinderung pr\u00e4miert, erhalten.<\/p>\n","protected":false},"excerpt":{"rendered":"<p>Auch dieses Jahr werden wieder exzellenter Sevice und gute Strandqualit\u00e4t ausgezeichnet Insgesamt haben 15 Str\u00e4nde Teneriffas in 2016 die Blaue Flagge als Auszeichnung f\u00fcr exzellenten Service und Qualit\u00e4t erhalten. Somit sind es in diesem Jahr drei Str\u00e4nde mehr als im vergangenen Jahr, die die blauen Flaggen hissen d\u00fcrfen. Die Verleihung [&hellip;]<\/p>\n","protected":false},"author":9,"featured_media":0,"comment_status":"open","ping_status":"open","sticky":false,"template":"","format":"standard","meta":{"footnotes":""},"categories":[1],"tags":[325,296,295],"class_list":["post-1420","post","type-post","status-publish","format-standard","hentry","category-verschiedenes","tag-blaue-flag","tag-strand","tag-webtenerife"],"_links":{"self":[{"href":"https:\/\/www.webtenerife.de\/dasblog\/wp-json\/wp\/v2\/posts\/1420","targetHints":{"allow":["GET"]}}],"collection":[{"href":"https:\/\/www.webtenerife.de\/dasblog\/wp-json\/wp\/v2\/posts"}],"about":[{"href":"https:\/\/www.webtenerife.de\/dasblog\/wp-json\/wp\/v2\/types\/post"}],"author":[{"embeddable":true,"href":"https:\/\/www.webtenerife.de\/dasblog\/wp-json\/wp\/v2\/users\/9"}],"replies":[{"embeddable":true,"href":"https:\/\/www.webtenerife.de\/dasblog\/wp-json\/wp\/v2\/comments?post=1420"}],"version-history":[{"count":1,"href":"https:\/\/www.webtenerife.de\/dasblog\/wp-json\/wp\/v2\/posts\/1420\/revisions"}],"predecessor-version":[{"id":1422,"href":"https:\/\/www.webtenerife.de\/dasblog\/wp-json\/wp\/v2\/posts\/1420\/revisions\/1422"}],"wp:attachment":[{"href":"https:\/\/www.webtenerife.de\/dasblog\/wp-json\/wp\/v2\/media?parent=1420"}],"wp:term":[{"taxonomy":"category","embeddable":true,"href":"https:\/\/www.webtenerife.de\/dasblog\/wp-json\/wp\/v2\/categories?post=1420"},{"taxonomy":"post_tag","embeddable":true,"href":"https:\/\/www.webtenerife.de\/dasblog\/wp-json\/wp\/v2\/tags?post=1420"}],"curies":[{"name":"wp","href":"https:\/\/api.w.org\/{rel}","templated":true}]}}