{"id":1405,"date":"2016-03-03T13:46:36","date_gmt":"2016-03-03T12:46:36","guid":{"rendered":"http:\/\/www.webtenerife.de\/dasblog\/?p=1405"},"modified":"2016-03-03T13:46:36","modified_gmt":"2016-03-03T12:46:36","slug":"tenerife-walking-festival-das-schonste-wandern","status":"publish","type":"post","link":"https:\/\/www.webtenerife.de\/dasblog\/2016\/03\/tenerife-walking-festival-das-schonste-wandern\/","title":{"rendered":"Tenerife Walking Festival, das sch\u00f6nste Wandern"},"content":{"rendered":"<p>Vom 29. M\u00e4rz bis 2. April findet auf Teneriffa eines der wichtigsten Wanderevents Europas statt<\/p>\n<p><a href=\"http:\/\/www.webtenerife.de\/dasblog\/wp-content\/uploads\/2016\/03\/deporte_senderismo_evento_twf2015_parque-nacional_volcanes_teide_009_1.jpg\"><img fetchpriority=\"high\" decoding=\"async\" class=\"alignnone size-large wp-image-1406\" alt=\"deporte_senderismo_evento_twf2015_parque-nacional_volcanes_teide_009_1\" src=\"http:\/\/www.webtenerife.de\/dasblog\/wp-content\/uploads\/2016\/03\/deporte_senderismo_evento_twf2015_parque-nacional_volcanes_teide_009_1-690x460.jpg\" width=\"650\" height=\"433\" srcset=\"https:\/\/www.webtenerife.de\/dasblog\/wp-content\/uploads\/2016\/03\/deporte_senderismo_evento_twf2015_parque-nacional_volcanes_teide_009_1-690x460.jpg 690w, https:\/\/www.webtenerife.de\/dasblog\/wp-content\/uploads\/2016\/03\/deporte_senderismo_evento_twf2015_parque-nacional_volcanes_teide_009_1-300x200.jpg 300w, https:\/\/www.webtenerife.de\/dasblog\/wp-content\/uploads\/2016\/03\/deporte_senderismo_evento_twf2015_parque-nacional_volcanes_teide_009_1-82x55.jpg 82w, https:\/\/www.webtenerife.de\/dasblog\/wp-content\/uploads\/2016\/03\/deporte_senderismo_evento_twf2015_parque-nacional_volcanes_teide_009_1-75x50.jpg 75w, https:\/\/www.webtenerife.de\/dasblog\/wp-content\/uploads\/2016\/03\/deporte_senderismo_evento_twf2015_parque-nacional_volcanes_teide_009_1-900x600.jpg 900w, https:\/\/www.webtenerife.de\/dasblog\/wp-content\/uploads\/2016\/03\/deporte_senderismo_evento_twf2015_parque-nacional_volcanes_teide_009_1.jpg 1024w\" sizes=\"(max-width: 650px) 100vw, 650px\" \/><\/a><\/p>\n<p>Schon in K\u00fcrze startet die zweite Auflage des Tenerife Walking Festivals (TWF), eine der wichtigsten aller in Europa ausgetragenen Wanderveranstaltungen. Es findet vom 29. M\u00e4rz bis 2. April dieses Jahres statt und versammelt mehr als hundert Teilnehmer aus ganz Europa. Der Event erwartet nationale und internationale Berichterstatter sowie eine gro\u00dfe Fiesta \u2013 die Gastronomie, die Inselweine und der Abenteuertourismus sind die Hauptdarsteller.<br \/>\nDas Festival bietet die M\u00f6glichkeit, bis zu 15 Wanderwege, die eine Auswahl der sch\u00f6nsten Teneriffas bilden, kennenzulernen. Wer sich f\u00fcr die Strecken anmelden m\u00f6chte, kann dies auf der Webseite unter <a href=\"http:\/\/www.tenerifewalkingfestival.com\">www.tenerifewalkingfestival.com<\/a>.<\/p>\n<p><strong>Zusatzaktivit\u00e4ten: Vortr\u00e4ge sowie Gastronomie- und Weinevents<\/strong><\/p>\n<p>W\u00e4hrend des TWF 2016 wird das Thema Wandern auf der gesamten Insel und vor allem in Puerto de la Cruz pr\u00e4sent sein, auch die lokale Bev\u00f6lkerung wird dazu eingeladen, w\u00e4hrend dieser Tage an den parallel zu den Wanderrouten stattfindenden Aktivit\u00e4ten teilzunehmen, sowohl zu den Vortr\u00e4ge, die am Mittwoch, den 30., Donnerstag, den 31. und Freitag, den 1.\u00a0 in der Burg Castillo de San Felipe um 20.30 Uhr stattfinden werden.<\/p>\n<p>Dar\u00fcber hinaus auch\u00a0 zu der gro\u00dfen Abschlussfeier am Samstag, den 2. auf der Plaza de Europa ab 12 Uhr. All diese Veranstaltungen werden frei zug\u00e4nglich sein. Der Vortrag am Mittwoch, den 30. wird von Jos\u00e9 Mar\u00eda Nasarre gehalten, er ist verantwortlich f\u00fcr die Natur des Spanischen Bergsport Verbandes (Federaci\u00f3n Espa\u00f1ola de Monta\u00f1ismo -FEDME), und wird \u00fcber die Sicherheit auf den Wanderwegen sprechen. Am folgenden Tag wird das Mitglied der Internationalen Vereinigung f\u00fcr Klettern und Bergsport (Uni\u00f3n Internacional de Escalada y Monta\u00f1ismo &#8211; UIAA), Juan Jes\u00fas Ib\u00e1\u00f1ez das Projekt Respect the mountain, ein Projekt zur Erholung eines Wanderweges,\u00a0 das im Juni auf Teneriffa ausgef\u00fchrt werden wird, detailliert vorstellen. Am Freitag, den 1. wird der Abenteurer und Direktor des mythischen Programms Al filo de lo imposible (Auf der Schneide des Unm\u00f6glichen) von TVE (Televisi\u00f3n Espa\u00f1ola), Sebasti\u00e1n \u00c1lvaro, der wiederholt Pate des Events ist, an der Reihe sein. Er wird einen seiner meisterhaften Vortr\u00e4ge halten, in denen er seine eigene Erz\u00e4hlung mit spektakul\u00e4ren Fotografien und Videos seiner Expeditionen kombiniert. Den letzten Schliff gibt dem TWF 2016 ein lebendiges Treffen, bei dem es Tapas geben wird sowie Verkostungen der Inselweine, Live-Cooking und eine Messe mit einer herausstechenden Kostprobe der verschiedenen M\u00f6glichkeiten des Aktivtourismus auf Teneriffa.<\/p>\n<p>&nbsp;<\/p>\n","protected":false},"excerpt":{"rendered":"<p>Vom 29. M\u00e4rz bis 2. April findet auf Teneriffa eines der wichtigsten Wanderevents Europas statt Schon in K\u00fcrze startet die zweite Auflage des Tenerife Walking Festivals (TWF), eine der wichtigsten aller in Europa ausgetragenen Wanderveranstaltungen. Es findet vom 29. M\u00e4rz bis 2. April dieses Jahres statt und versammelt mehr als [&hellip;]<\/p>\n","protected":false},"author":9,"featured_media":0,"comment_status":"open","ping_status":"open","sticky":false,"template":"","format":"standard","meta":{"footnotes":""},"categories":[176],"tags":[319,331,295],"class_list":["post-1405","post","type-post","status-publish","format-standard","hentry","category-wandern","tag-tenerife-walking-festival","tag-wandern","tag-webtenerife"],"_links":{"self":[{"href":"https:\/\/www.webtenerife.de\/dasblog\/wp-json\/wp\/v2\/posts\/1405","targetHints":{"allow":["GET"]}}],"collection":[{"href":"https:\/\/www.webtenerife.de\/dasblog\/wp-json\/wp\/v2\/posts"}],"about":[{"href":"https:\/\/www.webtenerife.de\/dasblog\/wp-json\/wp\/v2\/types\/post"}],"author":[{"embeddable":true,"href":"https:\/\/www.webtenerife.de\/dasblog\/wp-json\/wp\/v2\/users\/9"}],"replies":[{"embeddable":true,"href":"https:\/\/www.webtenerife.de\/dasblog\/wp-json\/wp\/v2\/comments?post=1405"}],"version-history":[{"count":1,"href":"https:\/\/www.webtenerife.de\/dasblog\/wp-json\/wp\/v2\/posts\/1405\/revisions"}],"predecessor-version":[{"id":1407,"href":"https:\/\/www.webtenerife.de\/dasblog\/wp-json\/wp\/v2\/posts\/1405\/revisions\/1407"}],"wp:attachment":[{"href":"https:\/\/www.webtenerife.de\/dasblog\/wp-json\/wp\/v2\/media?parent=1405"}],"wp:term":[{"taxonomy":"category","embeddable":true,"href":"https:\/\/www.webtenerife.de\/dasblog\/wp-json\/wp\/v2\/categories?post=1405"},{"taxonomy":"post_tag","embeddable":true,"href":"https:\/\/www.webtenerife.de\/dasblog\/wp-json\/wp\/v2\/tags?post=1405"}],"curies":[{"name":"wp","href":"https:\/\/api.w.org\/{rel}","templated":true}]}}