{"id":1383,"date":"2015-10-14T14:45:29","date_gmt":"2015-10-14T13:45:29","guid":{"rendered":"http:\/\/www.webtenerife.de\/dasblog\/?p=1383"},"modified":"2015-10-14T14:45:29","modified_gmt":"2015-10-14T13:45:29","slug":"sternegucken-im-urlaub","status":"publish","type":"post","link":"https:\/\/www.webtenerife.de\/dasblog\/2015\/10\/sternegucken-im-urlaub\/","title":{"rendered":"Sternegucken im Urlaub?"},"content":{"rendered":"<p>Eigentlich verbindet man mit Urlaub eher Erholung und Entspannung am Strand oder faul relaxen am Pool. Doch Teneriffa hat so viel mehr als nur Meer und Sonne zu bieten.<\/p>\n<p><a href=\"http:\/\/www.webtenerife.de\/dasblog\/wp-content\/uploads\/2015\/10\/ATARDECER.jpg\"><img fetchpriority=\"high\" decoding=\"async\" class=\"alignnone size-large wp-image-1386\" alt=\"ATARDECER\" src=\"http:\/\/www.webtenerife.de\/dasblog\/wp-content\/uploads\/2015\/10\/ATARDECER-690x517.jpg\" width=\"650\" height=\"487\" srcset=\"https:\/\/www.webtenerife.de\/dasblog\/wp-content\/uploads\/2015\/10\/ATARDECER-690x517.jpg 690w, https:\/\/www.webtenerife.de\/dasblog\/wp-content\/uploads\/2015\/10\/ATARDECER-300x225.jpg 300w, https:\/\/www.webtenerife.de\/dasblog\/wp-content\/uploads\/2015\/10\/ATARDECER-73x55.jpg 73w, https:\/\/www.webtenerife.de\/dasblog\/wp-content\/uploads\/2015\/10\/ATARDECER-900x675.jpg 900w, https:\/\/www.webtenerife.de\/dasblog\/wp-content\/uploads\/2015\/10\/ATARDECER.jpg 960w\" sizes=\"(max-width: 650px) 100vw, 650px\" \/><\/a><\/p>\n<p>Meine Freundin Maria hatte die fantastische Idee: einen romantischen Sonnenuntergang an einem der wohl einzigstartigen Orte der Welt zu beobachten; auf dem Teide, die gr\u00f6sste Erhebung der Kanarischen Insel Teneriffa und der h\u00f6chste Berg ganz Spaniens. Und die Superlative h\u00f6ren gar nicht auf, denn der Teide ist sogar der dritth\u00f6chste Inselvulkan der Welt, vom Meeresgrund an gemessen.<\/p>\n<p><a href=\"http:\/\/www.webtenerife.de\/dasblog\/wp-content\/uploads\/2015\/10\/select_parque-nacional-del-teide_teide_volcanes_legendarios_SELECTTEIDE027.jpg\"><img decoding=\"async\" class=\"alignnone size-large wp-image-1392\" alt=\"select_parque nacional del teide_teide_volcanes_legendarios_SELECTTEIDE027\" src=\"http:\/\/www.webtenerife.de\/dasblog\/wp-content\/uploads\/2015\/10\/select_parque-nacional-del-teide_teide_volcanes_legendarios_SELECTTEIDE027-690x408.jpg\" width=\"650\" height=\"384\" srcset=\"https:\/\/www.webtenerife.de\/dasblog\/wp-content\/uploads\/2015\/10\/select_parque-nacional-del-teide_teide_volcanes_legendarios_SELECTTEIDE027-690x408.jpg 690w, https:\/\/www.webtenerife.de\/dasblog\/wp-content\/uploads\/2015\/10\/select_parque-nacional-del-teide_teide_volcanes_legendarios_SELECTTEIDE027-300x177.jpg 300w, https:\/\/www.webtenerife.de\/dasblog\/wp-content\/uploads\/2015\/10\/select_parque-nacional-del-teide_teide_volcanes_legendarios_SELECTTEIDE027-92x55.jpg 92w, https:\/\/www.webtenerife.de\/dasblog\/wp-content\/uploads\/2015\/10\/select_parque-nacional-del-teide_teide_volcanes_legendarios_SELECTTEIDE027-900x533.jpg 900w, https:\/\/www.webtenerife.de\/dasblog\/wp-content\/uploads\/2015\/10\/select_parque-nacional-del-teide_teide_volcanes_legendarios_SELECTTEIDE027.jpg 1436w\" sizes=\"(max-width: 650px) 100vw, 650px\" \/><\/a><\/p>\n<p>Ganz unromantisch ohne M\u00e4nner, entschlossen wir uns das Angebot von <a href=\"https:\/\/www.telefericoteide.com\/de\">Volcanolife<\/a> zu buchen und weil man so etwas wahrscheinlich nur einmal im Leben macht, haben wir uns gleich f\u00fcr die <a href=\"https:\/\/www.telefericoteide.com\/de\/volcano_life_experience\/abenddaemerung_und_sterne\">Luxusvariante. <\/a><\/p>\n<p>Entschieden: Abendd\u00e4mmerung mit Champagner, anschliessendem kanarischen Abendessen und zum kr\u00f6nenden Abschluss Sternegucken am Himmelszelt mitten im Atlantik\u2026.<\/p>\n<p><a href=\"http:\/\/www.webtenerife.de\/dasblog\/wp-content\/uploads\/2015\/10\/teide_parque-nacional_volcanes_legendarios_estrellas_4227.jpg\"><img decoding=\"async\" class=\"alignnone size-full wp-image-1395\" alt=\"teide_parque nacional_volcanes_legendarios_estrellas_4227\" src=\"http:\/\/www.webtenerife.de\/dasblog\/wp-content\/uploads\/2015\/10\/teide_parque-nacional_volcanes_legendarios_estrellas_4227.jpg\" width=\"640\" height=\"427\" srcset=\"https:\/\/www.webtenerife.de\/dasblog\/wp-content\/uploads\/2015\/10\/teide_parque-nacional_volcanes_legendarios_estrellas_4227.jpg 640w, https:\/\/www.webtenerife.de\/dasblog\/wp-content\/uploads\/2015\/10\/teide_parque-nacional_volcanes_legendarios_estrellas_4227-300x200.jpg 300w, https:\/\/www.webtenerife.de\/dasblog\/wp-content\/uploads\/2015\/10\/teide_parque-nacional_volcanes_legendarios_estrellas_4227-82x55.jpg 82w, https:\/\/www.webtenerife.de\/dasblog\/wp-content\/uploads\/2015\/10\/teide_parque-nacional_volcanes_legendarios_estrellas_4227-75x50.jpg 75w\" sizes=\"(max-width: 640px) 100vw, 640px\" \/><\/a><\/p>\n<p>Sterne\u2026\u00a0 Das letzte mal hat man damit wohl ausgiebiger im Astronomieunterricht in der Schule zu tun gehabt. Doch das ist lange her und seitdem hat man sich eher mit seinem eigenem Universum besch\u00e4ftigt.<\/p>\n<p>Immer freitags findet dieser Ausflug statt. Man kann sich abholen lassen oder aber mit dem Mietwagen selbst anreisen. Wir waren mutig und wollten auf eigene Faust bis auf den Gipfel der Insel fahren (vom Norden aus dauert es etwa 1 Stunde und 15 Minuten).<\/p>\n<p>Wichtig: an dieser Stelle sei zu erw\u00e4hnen, dass der Teide eine H\u00f6he von 3.718 Metern hat und somit sind die Temperaturunterschiede von den Touristengebieten bis hoch auf den Gipfel gewaltig. Aus diesem Grund wachsen tropische Pflanzen und Palmen in K\u00fcstenn\u00e4he und in den h\u00f6heren Lagen f\u00e4llt sogar Schnee; weltweit einzigartig diese Vielfalt auf so kleinem Raum. Also, was wir damit sagen wollen\u2026<\/p>\n<p><a href=\"http:\/\/www.webtenerife.de\/dasblog\/wp-content\/uploads\/2015\/10\/PARQUE-NACIONAL.jpg\"><img loading=\"lazy\" decoding=\"async\" class=\"alignnone size-large wp-image-1391\" alt=\"PARQUE NACIONAL\" src=\"http:\/\/www.webtenerife.de\/dasblog\/wp-content\/uploads\/2015\/10\/PARQUE-NACIONAL-690x459.jpg\" width=\"650\" height=\"432\" srcset=\"https:\/\/www.webtenerife.de\/dasblog\/wp-content\/uploads\/2015\/10\/PARQUE-NACIONAL-690x459.jpg 690w, https:\/\/www.webtenerife.de\/dasblog\/wp-content\/uploads\/2015\/10\/PARQUE-NACIONAL-300x199.jpg 300w, https:\/\/www.webtenerife.de\/dasblog\/wp-content\/uploads\/2015\/10\/PARQUE-NACIONAL-82x55.jpg 82w, https:\/\/www.webtenerife.de\/dasblog\/wp-content\/uploads\/2015\/10\/PARQUE-NACIONAL-75x50.jpg 75w, https:\/\/www.webtenerife.de\/dasblog\/wp-content\/uploads\/2015\/10\/PARQUE-NACIONAL-900x599.jpg 900w, https:\/\/www.webtenerife.de\/dasblog\/wp-content\/uploads\/2015\/10\/PARQUE-NACIONAL.jpg 1024w\" sizes=\"(max-width: 650px) 100vw, 650px\" \/><\/a><\/p>\n<p>Unbedingt warme Kleidung mitnehmen, festes Schuhwerk, wenn vorhanden Handschuhe und M\u00fctze, ansonsten werden aber auch Fleecejacken vom Veranstalter gestellt.<\/p>\n<p>\u00dcberaus freundlich wurden wir auf Deutsch empfangen und je nach Sprache (Deutsch, Englisch oder Spanisch) in unterschiedliche Gruppen aufgeteilt. Noch einmal auf der Toilette austreten, vorsichsthalber eine Fleecejacke mitnehmen und los geht\u2019s. Mit der Seilbahn fuhren wir fast bis auf den Gipfel. Beim Aussteigen merkte man gleich den Temperaturunterschied; gef\u00fchlte 0 Grad w\u00fcrde ich sagen.<br \/>\nUm uns etwas aufzuw\u00e4rmen, wurden wir freundlicherweise von sympathischen Kellnern mit einem Glas Sekt und mit heisser Schokolade empfangen.<\/p>\n<p>Ein kurzer Rundumblick und da stockte einem schon der Atem, aber nicht der K\u00e4lte wegen\u2026 Nein, der Aussicht wegen. Ein Wolkenmeer unter uns, dass sich langsam anfing in Gelb- und Oranget\u00f6ne zu verf\u00e4rben.<\/p>\n<p><a href=\"http:\/\/www.webtenerife.de\/dasblog\/wp-content\/uploads\/2015\/10\/MAR-NUBES.jpg\"><img loading=\"lazy\" decoding=\"async\" class=\"alignnone size-large wp-image-1388\" alt=\"MAR NUBES\" src=\"http:\/\/www.webtenerife.de\/dasblog\/wp-content\/uploads\/2015\/10\/MAR-NUBES-690x517.jpg\" width=\"650\" height=\"487\" srcset=\"https:\/\/www.webtenerife.de\/dasblog\/wp-content\/uploads\/2015\/10\/MAR-NUBES-690x517.jpg 690w, https:\/\/www.webtenerife.de\/dasblog\/wp-content\/uploads\/2015\/10\/MAR-NUBES-300x225.jpg 300w, https:\/\/www.webtenerife.de\/dasblog\/wp-content\/uploads\/2015\/10\/MAR-NUBES-73x55.jpg 73w, https:\/\/www.webtenerife.de\/dasblog\/wp-content\/uploads\/2015\/10\/MAR-NUBES-900x675.jpg 900w, https:\/\/www.webtenerife.de\/dasblog\/wp-content\/uploads\/2015\/10\/MAR-NUBES.jpg 960w\" sizes=\"(max-width: 650px) 100vw, 650px\" \/><\/a><\/p>\n<p>Mit unserer Gruppe mussten wir nun z\u00fcgig in Richtung Sonne laufen, um das ganze Spektakel zu betrachten. Einige bemerkten die H\u00f6he; das Herz klopfte etwas schneller, die Lunge pumpte ebenfalls etwas schneller und das Laufen ging etwas langsamer.<\/p>\n<p>Mir machte die H\u00f6he gar nichts aus, nur ein merkw\u00fcrdiger Geruch stieg mir in die Nase. \u201cSchwefel\u201d rief uns der F\u00fchrer zu \u201cimmerhin befinden wir uns auf einem aktiven Vulkan.\u201d Angekommen, nahm jeder seinen Platz ein. Die P\u00e4rchen kuschelten eng aneinander und schossen ein paar \u201cSelfies\u201d, um diesen Moment zu verewigen. Fast wie im Flugzeug dachte ich, wenn man dem Sonnenuntergang entgegenfliegt und sich der Himmel mit dem Wolkenmeer bunt f\u00e4rbt. Nur hier stehen wir, ganz oben und es ist so wunderbar still.<\/p>\n<p><a href=\"http:\/\/www.webtenerife.de\/dasblog\/wp-content\/uploads\/2015\/10\/ATARDECER-3.jpg\"><img loading=\"lazy\" decoding=\"async\" class=\"alignnone  wp-image-1385\" alt=\"ATARDECER 3\" src=\"http:\/\/www.webtenerife.de\/dasblog\/wp-content\/uploads\/2015\/10\/ATARDECER-3-690x920.jpg\" width=\"520\" height=\"693\" srcset=\"https:\/\/www.webtenerife.de\/dasblog\/wp-content\/uploads\/2015\/10\/ATARDECER-3-690x920.jpg 690w, https:\/\/www.webtenerife.de\/dasblog\/wp-content\/uploads\/2015\/10\/ATARDECER-3-225x300.jpg 225w, https:\/\/www.webtenerife.de\/dasblog\/wp-content\/uploads\/2015\/10\/ATARDECER-3-41x55.jpg 41w, https:\/\/www.webtenerife.de\/dasblog\/wp-content\/uploads\/2015\/10\/ATARDECER-3.jpg 720w\" sizes=\"(max-width: 520px) 100vw, 520px\" \/><\/a><\/p>\n<p>Langsam aber sicher, mussten wir nun umkehren, denn es gibt keine Laternen oder sonstigen Lichter hier oben. Nur der Mond und die Sterne, die sich nun noch etwas zaghaft am Himmelszelt erblicken liessen.<\/p>\n<p>Mit der Seilbahn fuhren wir wieder hinunter, genossen die letzten Sonnenstrahlen und den fast kitschigfarbenen Himmel, ganz ohne Filter ;-).<br \/>\nAn der Station wieder angekommen, stand das Abendessen in Cocktailform bereit: Gofiok\u00fcgelchen, Runzelkartoffeln mit Mojo, Fisch- und Fleischtapas, Ziegenk\u00e4se, K\u00fcrbiskuchen und Bananenkrapfen, um nur einiges zu nennen. Dazu lecker Wein, Bier und Erfrischungsgetr\u00e4nke. Wirklich alles sehr lecker und die Mengen genau richtig, so konnten wir von allem gut probieren.<\/p>\n<p><a href=\"http:\/\/www.webtenerife.de\/dasblog\/wp-content\/uploads\/2015\/10\/PAPAS-2.jpg\"><img loading=\"lazy\" decoding=\"async\" class=\"alignnone  wp-image-1390\" alt=\"PAPAS 2\" src=\"http:\/\/www.webtenerife.de\/dasblog\/wp-content\/uploads\/2015\/10\/PAPAS-2-690x651.jpg\" width=\"520\" height=\"490\" srcset=\"https:\/\/www.webtenerife.de\/dasblog\/wp-content\/uploads\/2015\/10\/PAPAS-2-690x651.jpg 690w, https:\/\/www.webtenerife.de\/dasblog\/wp-content\/uploads\/2015\/10\/PAPAS-2-300x283.jpg 300w, https:\/\/www.webtenerife.de\/dasblog\/wp-content\/uploads\/2015\/10\/PAPAS-2-58x55.jpg 58w, https:\/\/www.webtenerife.de\/dasblog\/wp-content\/uploads\/2015\/10\/PAPAS-2-900x849.jpg 900w, https:\/\/www.webtenerife.de\/dasblog\/wp-content\/uploads\/2015\/10\/PAPAS-2.jpg 960w\" sizes=\"(max-width: 520px) 100vw, 520px\" \/><\/a><\/p>\n<p>Gest\u00e4rkt wurden wir dann zur Sternbeobachtung hinausgebeten. W\u00e4hrend wir uns die Gaumenfreuden richtig schmecken liessen, war es nun tiefe Nacht geworden und der Blick nach oben einfach gigantisch; die Sterne zum Greifen nah. Selbst die Milchstrasse konnte man mit blossem Auge entdecken, denn der Himmel ist hier so klar wie sonst fast nirgends auf der Welt. Es waren einige Teleskope aufgestellt und neugierig wie wir waren, konnten wir nicht widerstehen und mussten gleich mal durchlunzen. Wow! Der Mond!! Man kann seine Oberfl\u00e4che ja sogar erkennen und pl\u00f6tzlich f\u00fchlten wir uns ganz klein und man fing sich wieder an zu fragen: wer sind wir und woher kommen wir eigentlich?<\/p>\n<p><a href=\"http:\/\/www.webtenerife.de\/dasblog\/wp-content\/uploads\/2015\/10\/via-lactea.jpg\"><img loading=\"lazy\" decoding=\"async\" class=\"alignnone size-full wp-image-1397\" alt=\"via lactea\" src=\"http:\/\/www.webtenerife.de\/dasblog\/wp-content\/uploads\/2015\/10\/via-lactea.jpg\" width=\"600\" height=\"350\" srcset=\"https:\/\/www.webtenerife.de\/dasblog\/wp-content\/uploads\/2015\/10\/via-lactea.jpg 600w, https:\/\/www.webtenerife.de\/dasblog\/wp-content\/uploads\/2015\/10\/via-lactea-300x175.jpg 300w, https:\/\/www.webtenerife.de\/dasblog\/wp-content\/uploads\/2015\/10\/via-lactea-94x55.jpg 94w\" sizes=\"(max-width: 600px) 100vw, 600px\" \/><\/a><\/p>\n<p>Wir stehen hier unter dem Himmel, die Sterne so nah, mitten im Universum. Unser F\u00fchrer erkl\u00e4rte uns das gesamte Sternenbild: \u201cDa dr\u00fcben der Polarstern, da hinten die Sterne, die leuchten nur noch f\u00fcr uns. In Wahrheit gibt es diese gar nicht mehr, bei uns kommt eben nur noch deren Licht an.\u201d<\/p>\n<p>Wahnsinn! Und die Sternschnuppen? \u201cSchade, ihr habt gerade eine verpasst! Dahinten war eine grosse! Aber wisst ihr, dass die meisten ganz unromantischer Weltraumschrott sind?\u201d Im Ernst, Sternschnuppen sind heute meist herunterfallender M\u00fcll, der in der Atmosph\u00e4re vergl\u00fcht. Trotzdem wundersch\u00f6n.<\/p>\n<p>Jedemenge Fragen im Kopf, so viele Eindr\u00fccke und neue Geschmackserlebnisse, da vergassen wir ganz, dass wir ja eigentlich nur einen erholsamen Urlaub in Teneriffa verbringen wollten und nun stellen wir uns wieder Fragen \u00fcber die eigene Existenz.<\/p>\n<p><a href=\"http:\/\/www.webtenerife.de\/dasblog\/wp-content\/uploads\/2015\/10\/teide_parque-nacional_volcanes_legendarios_estrellas_4235.jpg\"><img loading=\"lazy\" decoding=\"async\" class=\"alignnone size-full wp-image-1396\" alt=\"teide_parque nacional_volcanes_legendarios_estrellas_4235\" src=\"http:\/\/www.webtenerife.de\/dasblog\/wp-content\/uploads\/2015\/10\/teide_parque-nacional_volcanes_legendarios_estrellas_4235.jpg\" width=\"640\" height=\"427\" srcset=\"https:\/\/www.webtenerife.de\/dasblog\/wp-content\/uploads\/2015\/10\/teide_parque-nacional_volcanes_legendarios_estrellas_4235.jpg 640w, https:\/\/www.webtenerife.de\/dasblog\/wp-content\/uploads\/2015\/10\/teide_parque-nacional_volcanes_legendarios_estrellas_4235-300x200.jpg 300w, https:\/\/www.webtenerife.de\/dasblog\/wp-content\/uploads\/2015\/10\/teide_parque-nacional_volcanes_legendarios_estrellas_4235-82x55.jpg 82w, https:\/\/www.webtenerife.de\/dasblog\/wp-content\/uploads\/2015\/10\/teide_parque-nacional_volcanes_legendarios_estrellas_4235-75x50.jpg 75w\" sizes=\"(max-width: 640px) 100vw, 640px\" \/><\/a><\/p>\n<p>Ein Ausflug, den wir nur empfehlen k\u00f6nnen. Nicht nur f\u00fcr P\u00e4rchen, die einen romantischen Sonnenuntergang sehen wollen. Nein, auch f\u00fcr Kinder ab 8 Jahren, f\u00fcr alle, die neugierig sind und mal etwas anderes erleben wollen \u2013 ein wirklich gelungener Mix aus Romantik, Gastronomie und Wissenschaft an einem der majest\u00e4tischsten Orte der Welt, dem <a href=\"http:\/\/www.webtenerife.de\/ziele-orte\/teide-nationalpark\/\">Teide<\/a> auf Teneriffa.<\/p>\n","protected":false},"excerpt":{"rendered":"<p>Eigentlich verbindet man mit Urlaub eher Erholung und Entspannung am Strand oder faul relaxen am Pool. Doch Teneriffa hat so viel mehr als nur Meer und Sonne zu bieten. Meine Freundin Maria hatte die fantastische Idee: einen romantischen Sonnenuntergang an einem der wohl einzigstartigen Orte der Welt zu beobachten; auf [&hellip;]<\/p>\n","protected":false},"author":9,"featured_media":0,"comment_status":"open","ping_status":"open","sticky":false,"template":"","format":"standard","meta":{"footnotes":""},"categories":[68],"tags":[311,301,312,295],"class_list":["post-1383","post","type-post","status-publish","format-standard","hentry","category-teide","tag-sterne","tag-teide-2","tag-volcanolife","tag-webtenerife"],"_links":{"self":[{"href":"https:\/\/www.webtenerife.de\/dasblog\/wp-json\/wp\/v2\/posts\/1383","targetHints":{"allow":["GET"]}}],"collection":[{"href":"https:\/\/www.webtenerife.de\/dasblog\/wp-json\/wp\/v2\/posts"}],"about":[{"href":"https:\/\/www.webtenerife.de\/dasblog\/wp-json\/wp\/v2\/types\/post"}],"author":[{"embeddable":true,"href":"https:\/\/www.webtenerife.de\/dasblog\/wp-json\/wp\/v2\/users\/9"}],"replies":[{"embeddable":true,"href":"https:\/\/www.webtenerife.de\/dasblog\/wp-json\/wp\/v2\/comments?post=1383"}],"version-history":[{"count":1,"href":"https:\/\/www.webtenerife.de\/dasblog\/wp-json\/wp\/v2\/posts\/1383\/revisions"}],"predecessor-version":[{"id":1398,"href":"https:\/\/www.webtenerife.de\/dasblog\/wp-json\/wp\/v2\/posts\/1383\/revisions\/1398"}],"wp:attachment":[{"href":"https:\/\/www.webtenerife.de\/dasblog\/wp-json\/wp\/v2\/media?parent=1383"}],"wp:term":[{"taxonomy":"category","embeddable":true,"href":"https:\/\/www.webtenerife.de\/dasblog\/wp-json\/wp\/v2\/categories?post=1383"},{"taxonomy":"post_tag","embeddable":true,"href":"https:\/\/www.webtenerife.de\/dasblog\/wp-json\/wp\/v2\/tags?post=1383"}],"curies":[{"name":"wp","href":"https:\/\/api.w.org\/{rel}","templated":true}]}}