{"id":1290,"date":"2013-10-07T06:22:41","date_gmt":"2013-10-07T05:22:41","guid":{"rendered":"http:\/\/blog.webtenerife.de\/?p=1290"},"modified":"2013-12-12T21:45:06","modified_gmt":"2013-12-12T20:45:06","slug":"teneriffa-ist-eine-insel-fur-alle","status":"publish","type":"post","link":"https:\/\/www.webtenerife.de\/dasblog\/2013\/10\/teneriffa-ist-eine-insel-fur-alle\/","title":{"rendered":"Teneriffa ist eine Insel f\u00fcr alle"},"content":{"rendered":"<p><img fetchpriority=\"high\" decoding=\"async\" class=\"aligncenter size-full wp-image-1303\" alt=\"uturn5\" src=\"http:\/\/www.webtenerife.de\/dasblog\/wp-content\/uploads\/2013\/10\/uturn5.png\" width=\"609\" height=\"406\" srcset=\"https:\/\/www.webtenerife.de\/dasblog\/wp-content\/uploads\/2013\/10\/uturn5.png 609w, https:\/\/www.webtenerife.de\/dasblog\/wp-content\/uploads\/2013\/10\/uturn5-300x200.png 300w\" sizes=\"(max-width: 609px) 100vw, 609px\" \/><\/p>\n<p>K\u00f6nnen Sie sich die Besteigung vom Teide f\u00fcr querschnittsgel\u00e4hmte\u00a0 vorstellen? Oder 16 km blind, bergab \u00a0von Chio nach Garachico?<\/p>\n<p>Das belgische <a href=\"http:\/\/www.projectu-turn.com\" target=\"_blank\"><strong>ONG &#8211; Projekt U Turn<\/strong><\/a> hatte eine besondere abenteuerliche Reise f\u00fcr Menschen mit Behinderung auf <strong>Teneriffa<\/strong> organisiert. Darunter waren taube, blinde und querschnittsgel\u00e4hmte Menschen unterschiedlichen Grades. Die Teilnehmer konnten ihre eigenen Grenzen ausloten und ihre unglaublichen F\u00e4higkeiten entdecken. Diese Erfahrung hat sie darin unterst\u00fctzt, sich selbst besser zu akzeptieren und eines nicht zu vergessen: es gibt nichts, was unm\u00f6glich ist.<\/p>\n<p><img decoding=\"async\" class=\"aligncenter size-full wp-image-1302\" alt=\"uturn1\" src=\"http:\/\/www.webtenerife.de\/dasblog\/wp-content\/uploads\/2013\/10\/uturn1.png\" width=\"609\" height=\"406\" srcset=\"https:\/\/www.webtenerife.de\/dasblog\/wp-content\/uploads\/2013\/10\/uturn1.png 609w, https:\/\/www.webtenerife.de\/dasblog\/wp-content\/uploads\/2013\/10\/uturn1-300x200.png 300w\" sizes=\"(max-width: 609px) 100vw, 609px\" \/><br \/>\nJede Reise ist spannend. Wenn es eine Herausforderung mit sich selbst wird, ist es ein Abenteuer.<\/p>\n<p><img decoding=\"async\" class=\"aligncenter size-full wp-image-1296\" alt=\"uturn8\" src=\"http:\/\/www.webtenerife.de\/dasblog\/wp-content\/uploads\/2013\/10\/uturn8.png\" width=\"609\" height=\"406\" srcset=\"https:\/\/www.webtenerife.de\/dasblog\/wp-content\/uploads\/2013\/10\/uturn8.png 609w, https:\/\/www.webtenerife.de\/dasblog\/wp-content\/uploads\/2013\/10\/uturn8-300x200.png 300w\" sizes=\"(max-width: 609px) 100vw, 609px\" \/><\/p>\n<p>Was macht diese Reise so attraktiv f\u00fcr querschnittsgel\u00e4hmte \u00a0Menschen?<\/p>\n<p>Was ist\u00a0 in <strong>Teneriffa<\/strong> passiert? Das Sie n\u00e4chstes Jahr wieder Kommen m\u00f6chten?<br \/>\nDas Abenteuer begann auf Teneriffa \u00a0und wir hoffen Ihnen eine neue Richtung in ihrem Leben zu zeigen.<\/p>\n<p>Als Sie auf Teneriffa angekommen sind, und in <strong>El Poris<\/strong> gegessen haben, (das ihnen die Stadtverwaltung\u00a0 angeboten hat), begann die Reise von der alten Stra\u00dfe bis nach &#8222;<strong>Arico Nuevo<\/strong>&#8220; (zu Fu\u00df bergab). Von dort,\u00a0 hatten Sie den Wanderweg bis zum \u00a0&#8222;Centro Ocupacional de d\u00eda&#8220; genommen, wo Sie \u00fcbernachteten.<\/p>\n<p><img loading=\"lazy\" decoding=\"async\" class=\"aligncenter size-full wp-image-1297\" alt=\"uturn10\" src=\"http:\/\/www.webtenerife.de\/dasblog\/wp-content\/uploads\/2013\/10\/uturn10.png\" width=\"609\" height=\"406\" srcset=\"https:\/\/www.webtenerife.de\/dasblog\/wp-content\/uploads\/2013\/10\/uturn10.png 609w, https:\/\/www.webtenerife.de\/dasblog\/wp-content\/uploads\/2013\/10\/uturn10-300x200.png 300w\" sizes=\"(max-width: 609px) 100vw, 609px\" \/><\/p>\n<p>2. Tag: Von Arico ging es 8 km bergauf bis <strong>Contador<\/strong> . \u00a0Wie haben Sie diese Wanderung \u00a0\u00fcberwunden? Helft einander, um m\u00f6gliche Hindernisse zu \u00fcberwinden. Als Sie in Contador angekommen sind, \u00a0haben sie die Zelte\u00a0 aufgebaut, dass die \u00a0Boy Scouts von Teneriffa zu Verf\u00fcgung\u00a0 gestellt haben.<\/p>\n<p><img loading=\"lazy\" decoding=\"async\" class=\"aligncenter size-full wp-image-1298\" alt=\"uturn13\" src=\"http:\/\/www.webtenerife.de\/dasblog\/wp-content\/uploads\/2013\/10\/uturn13.png\" width=\"609\" height=\"406\" srcset=\"https:\/\/www.webtenerife.de\/dasblog\/wp-content\/uploads\/2013\/10\/uturn13.png 609w, https:\/\/www.webtenerife.de\/dasblog\/wp-content\/uploads\/2013\/10\/uturn13-300x200.png 300w\" sizes=\"(max-width: 609px) 100vw, 609px\" \/><br \/>\n3. Tag: Nach der Fahrt mit dem Minibus \u00a0bis zur unbefestigten Stra\u00dfe, die nach Vilaflor f\u00fchrte, ging ein\u00a0 sehr schmaler Pfad in Richtung &#8222;Barranco del Rio&#8220;. Die \u00dcberquerung dauerte mehr als zwei Stunden. \u00a0Am Ende des Tages\u00a0 schliefen Sie\u00a0 direkt\u00a0 neben dem alten Steinhaus von Llanitos .<\/p>\n<p><img loading=\"lazy\" decoding=\"async\" class=\"aligncenter size-full wp-image-1293\" alt=\"uturn12\" src=\"http:\/\/www.webtenerife.de\/dasblog\/wp-content\/uploads\/2013\/10\/uturn12.png\" width=\"609\" height=\"406\" srcset=\"https:\/\/www.webtenerife.de\/dasblog\/wp-content\/uploads\/2013\/10\/uturn12.png 609w, https:\/\/www.webtenerife.de\/dasblog\/wp-content\/uploads\/2013\/10\/uturn12-300x200.png 300w\" sizes=\"(max-width: 609px) 100vw, 609px\" \/><br \/>\n4. Tag: Von dem Haus &#8222;de los Llanitos&#8220; gingen Sie zur Heberger\u00a0 von Vilaflor, das die Stadtverwaltung zu Verf\u00fcgung\u00a0 gestellt hatte.<br \/>\n5. Tag : Mit dem Minibus und der Freundlichkeit der Firma Gaiatours besuchten Sie den\u00a0 Teide Nationalpark. \u00a0Sie sind mit der Drahtseilbahn\u00a0 nach oben gefahren. Von dort, mussten Sie die letzten 20 Meter aus eigener Kraft und der Hilfe der andren\u00a0 zum Gipfel kommen. Das Ziel war erreich!!! Der Abstieg \u00a0wurde mit dem Applaus der Mitarbeiter \u00a0und der Besucher der Seilbahn begleitet. Die Emotionen \u00fcberannte alle.<\/p>\n<p><img loading=\"lazy\" decoding=\"async\" class=\"aligncenter size-full wp-image-1292\" alt=\"uturn2\" src=\"http:\/\/www.webtenerife.de\/dasblog\/wp-content\/uploads\/2013\/10\/uturn2.png\" width=\"609\" height=\"406\" srcset=\"https:\/\/www.webtenerife.de\/dasblog\/wp-content\/uploads\/2013\/10\/uturn2.png 609w, https:\/\/www.webtenerife.de\/dasblog\/wp-content\/uploads\/2013\/10\/uturn2-300x200.png 300w\" sizes=\"(max-width: 609px) 100vw, 609px\" \/><\/p>\n<p>Am Ende des Tages \u00fcbernachteten Sie in &#8222;Pinar de Chio&#8220;<\/p>\n<p><img loading=\"lazy\" decoding=\"async\" class=\"aligncenter size-full wp-image-1300\" alt=\"uturn4\" src=\"http:\/\/www.webtenerife.de\/dasblog\/wp-content\/uploads\/2013\/10\/uturn4.png\" width=\"609\" height=\"406\" srcset=\"https:\/\/www.webtenerife.de\/dasblog\/wp-content\/uploads\/2013\/10\/uturn4.png 609w, https:\/\/www.webtenerife.de\/dasblog\/wp-content\/uploads\/2013\/10\/uturn4-300x200.png 300w\" sizes=\"(max-width: 609px) 100vw, 609px\" \/><\/p>\n<p>6. Tag . Auf dem Weg vorbei an dem Vulkan Chinyero Richtung Stra\u00dfe, die in das Zeltlager von Arenas Negras in <strong>Garachico<\/strong> f\u00fchrte.<\/p>\n<p>Ein Weg mit gro\u00dfen Schwierigkeiten. Mit stetigem Gef\u00e4lle, war es sehr schwierig f\u00fcr die Teilnehmer. Dank der Begleiter Konnten Sie den weg \u00fcberwinden, in dem \u00a0Sie ihre Willensst\u00e4rke und Selbst-Verbesserung\u00a0 zeigten.<\/p>\n<p><img loading=\"lazy\" decoding=\"async\" class=\"aligncenter size-full wp-image-1295\" alt=\"uturn6\" src=\"http:\/\/www.webtenerife.de\/dasblog\/wp-content\/uploads\/2013\/10\/uturn6.png\" width=\"609\" height=\"406\" srcset=\"https:\/\/www.webtenerife.de\/dasblog\/wp-content\/uploads\/2013\/10\/uturn6.png 609w, https:\/\/www.webtenerife.de\/dasblog\/wp-content\/uploads\/2013\/10\/uturn6-300x200.png 300w\" sizes=\"(max-width: 609px) 100vw, 609px\" \/><\/p>\n<p>Der Stadtrat von <strong>Garachico<\/strong> begr\u00fc\u00dfte sie, und nach dem Genuss von frischem Wasser, waren sie im Meer schwimmen, um das Ende der Reise zu symbolisieren.<\/p>\n<p><img loading=\"lazy\" decoding=\"async\" class=\"aligncenter size-full wp-image-1301\" alt=\"uturn11\" src=\"http:\/\/www.webtenerife.de\/dasblog\/wp-content\/uploads\/2013\/10\/uturn11.png\" width=\"609\" height=\"406\" srcset=\"https:\/\/www.webtenerife.de\/dasblog\/wp-content\/uploads\/2013\/10\/uturn11.png 609w, https:\/\/www.webtenerife.de\/dasblog\/wp-content\/uploads\/2013\/10\/uturn11-300x200.png 300w\" sizes=\"(max-width: 609px) 100vw, 609px\" \/><br \/>\nSie waren alle Stoltz auf den Erfolg des Abenteuers. Sie hatten es geschafft, die Insel von S\u00fcden nach Norden in nur sechs Tagen zu \u00fcberqueren. Die Leute wo am Strand waren ( Sie H\u00f6rten die Leistung )fing an zu applaudieren. Die Emotionen \u00fcberrannten alle.<br \/>\nDas \u00a0Zehlten\u00a0 in Los Pedregales war sehr Schwierig : ohne Licht , regen, nass, aber sie schliefen alle mit einem gro\u00dfen L\u00e4cheln auf dem Gesicht.<br \/>\n7. Tag:\u00a0 Als die gruppe nach Los Gigantes kam, begleitete das Unternehmen &#8222;Tenoactivo&#8220; zur Wahlbeobachtung. Es war besonders spannend zu beobachten wie ein blinder und ziemlich tauber Teilnehmer die T\u00f6ne der Wahle wahrnehmen konnte. Ein L\u00e4cheln erhellte das Gesicht des Jungen, und die Aufregung ergriff alle Anwesenden.<\/p>\n<p><img loading=\"lazy\" decoding=\"async\" class=\"aligncenter size-full wp-image-1294\" alt=\"uturn3\" src=\"http:\/\/www.webtenerife.de\/dasblog\/wp-content\/uploads\/2013\/10\/uturn3.png\" width=\"609\" height=\"406\" srcset=\"https:\/\/www.webtenerife.de\/dasblog\/wp-content\/uploads\/2013\/10\/uturn3.png 609w, https:\/\/www.webtenerife.de\/dasblog\/wp-content\/uploads\/2013\/10\/uturn3-300x200.png 300w\" sizes=\"(max-width: 609px) 100vw, 609px\" \/><br \/>\nNach \u00a0einer\u00a0 Fahrt im Kayak bei <strong>Los Gigantes<\/strong>, wurden sie \u00a0von der Stadtverwaltung von Gu\u00eda de Isora in das Hotel Rural El Atajo en Chio \u00a0gefahren.<br \/>\n8. Tag: Sie gingen zum Hotel Reserva de San Blas , wo sie ein paar Tage des Ruhms, das Hotel und die gro\u00dfe Freundlichkeit aller Mitarbeiter genossen haben.<\/p>\n<p><img loading=\"lazy\" decoding=\"async\" class=\"aligncenter size-full wp-image-1299\" alt=\"uturn9\" src=\"http:\/\/www.webtenerife.de\/dasblog\/wp-content\/uploads\/2013\/10\/uturn9.png\" width=\"609\" height=\"406\" srcset=\"https:\/\/www.webtenerife.de\/dasblog\/wp-content\/uploads\/2013\/10\/uturn9.png 609w, https:\/\/www.webtenerife.de\/dasblog\/wp-content\/uploads\/2013\/10\/uturn9-300x200.png 300w\" sizes=\"(max-width: 609px) 100vw, 609px\" \/><br \/>\nTurismo de Tenerife \u00a0m\u00f6chte <strong><a href=\"http:\/\/www.webtenerife.de\/aktivitaten\/in-der-natur\/anbieter-von-aktivitaten-in-der-natur\/teleferico+del+teide.htm?__utma=47326456.306564105.1360003395.1380877329.1381122068.270&amp;__utmb=47326456.8.10.1381122068&amp;__utmc=47326456&amp;__utmx=-&amp;__utmz=47326456.1380288284.263.14.utmcsr=qtravel.es%7Cutmccn=(referral)%7Cutmcmd=referral%7Cutmcct=\/actualidad\/2013\/09\/tenerife-apuesta-por-el-turismo-inteligente-y-ecologico\/&amp;__utmv=-&amp;__utmk=96351705\" target=\"_blank\">Teleferico<\/a> , Exotur , <a href=\"http:\/\/www.webtenerife.de\/aktivitaten\/in-der-natur\/anbieter-von-aktivitaten-in-der-natur\/gaiatours.htm?__utma=42536186.306564105.1360003395.1380877329.1381122068.270&amp;__utmb=42536186.8.10.1381122068&amp;__utmc=42536186&amp;__utmx=-&amp;__utmz=42536186.1380288284.263.14.utmcsr=qtravel.es%7Cutmccn=(referral)%7Cutmcmd=referral%7Cutmcct=\/actualidad\/2013\/09\/tenerife-apuesta-por-el-turismo-inteligente-y-ecologico\/&amp;__utmv=-&amp;__utmk=258578063\" target=\"_blank\">GAIATOURS<\/a> , Umweltamt , <a href=\"http:\/\/www.cruzroja.es\/portal\/page?_pageid=564,21627878&amp;_dad=portal30\" target=\"_blank\">Rotes Kreuz<\/a> , <a href=\"http:\/\/www.mptodos.org\" target=\"_blank\">Berg f\u00fcr alle<\/a>; <a href=\"http:\/\/www.hospiten.es\/hospiten\/HOSPITEN\/published\/DEFAULT\/con_hospitales.jsp?&amp;CATID=12&amp;ID=28\" target=\"_blank\">Hospiten S\u00dcd<\/a> , Teide National Park, <a href=\"http:\/\/www.webtenerife.de\/aktivitaten\/in-der-natur\/anbieter-von-aktivitaten-in-der-natur\/teno+activo.htm?__utma=42536186.306564105.1360003395.1380877329.1381122068.270&amp;__utmb=42536186.9.10.1381122068&amp;__utmc=42536186&amp;__utmx=-&amp;__utmz=42536186.1380288284.263.14.utmcsr=qtravel.es%7Cutmccn=(referral)%7Cutmcmd=referral%7Cutmcct=\/actualidad\/2013\/09\/tenerife-apuesta-por-el-turismo-inteligente-y-ecologico\/&amp;__utmv=-&amp;__utmk=66696747\" target=\"_blank\">TenoActivo<\/a> , Boy Scouts, , Thomas Cook, <a href=\"http:\/\/www.webtenerife.de\/unterkunfte\/hotels\/hotel+eco+resort+san+blas.htm?__utma=42536186.306564105.1360003395.1380877329.1381122068.270&amp;__utmb=42536186.10.10.1381122068&amp;__utmc=42536186&amp;__utmx=-&amp;__utmz=42536186.1380288284.263.14.utmcsr=qtravel.es%7Cutmccn=(referral)%7Cutmcmd=referral%7Cutmcct=\/actualidad\/2013\/09\/tenerife-apuesta-por-el-turismo-inteligente-y-ecologico\/&amp;__utmv=-&amp;__utmk=221967645\" target=\"_blank\">Hotel San Blas Reserva Ambiental<\/a>, und die Stadtverwaltung von \u00a0Arico , Vilaflor , Garachico, Gu\u00eda de Isora \u00a0und Buenavista<\/strong>\u00a0 danken.<\/p>\n<p>Dank ihnen, haben sie das unm\u00f6gliche m\u00f6glich gemacht.<\/p>\n<p>Die querschnittsgel\u00e4hmten Personen wo n\u00e4chstes Jahr Interesse an dem <strong>U-Turn Project<\/strong> \u00a0haben, \u00a0melden sich bitte\u00a0 unter folgender E-Mail :<strong> info@projectu-turn.com<\/strong><\/p>\n<p><iframe title=\"VIDEO ONG BELGA PROJECT U-TURN\" width=\"700\" height=\"394\" src=\"https:\/\/www.youtube.com\/embed\/A-QCtcg05Ys?feature=oembed\" frameborder=\"0\" allow=\"accelerometer; autoplay; encrypted-media; gyroscope; picture-in-picture\" allowfullscreen><\/iframe><\/p>\n<p><strong>Teneriffa<\/strong> ist das richtige Urlaubziel f\u00fcr jeden Touristen , wir haben Platz f\u00fcr alle . Es ist ein Ort \u00a0f\u00fcr Ruhe und Aktivit\u00e4ten f\u00fcr diejenigen, die es n\u00f6tig haben, denn die Insel bietet verschiedene Aktivit\u00e4ten, mit oder ohne Behinderung.<br \/>\n<strong>Teneriffa<\/strong> L\u00e4dt Sie ein \u00a0und wir erwarten Sie mit offenen Armen.<\/p>\n","protected":false},"excerpt":{"rendered":"<p>K\u00f6nnen Sie sich die Besteigung vom Teide f\u00fcr querschnittsgel\u00e4hmte\u00a0 vorstellen? Oder 16 km blind, bergab \u00a0von Chio nach Garachico? Das belgische ONG &#8211; Projekt U Turn hatte eine besondere abenteuerliche Reise f\u00fcr Menschen mit Behinderung auf Teneriffa organisiert. Darunter waren taube, blinde und querschnittsgel\u00e4hmte Menschen unterschiedlichen Grades. Die Teilnehmer konnten [&hellip;]<\/p>\n","protected":false},"author":8,"featured_media":0,"comment_status":"open","ping_status":"open","sticky":false,"template":"","format":"standard","meta":{"footnotes":""},"categories":[1],"tags":[289,290,229],"class_list":["post-1290","post","type-post","status-publish","format-standard","hentry","category-verschiedenes","tag-belgische","tag-ong-projekt-u-turn","tag-teneriffa"],"_links":{"self":[{"href":"https:\/\/www.webtenerife.de\/dasblog\/wp-json\/wp\/v2\/posts\/1290","targetHints":{"allow":["GET"]}}],"collection":[{"href":"https:\/\/www.webtenerife.de\/dasblog\/wp-json\/wp\/v2\/posts"}],"about":[{"href":"https:\/\/www.webtenerife.de\/dasblog\/wp-json\/wp\/v2\/types\/post"}],"author":[{"embeddable":true,"href":"https:\/\/www.webtenerife.de\/dasblog\/wp-json\/wp\/v2\/users\/8"}],"replies":[{"embeddable":true,"href":"https:\/\/www.webtenerife.de\/dasblog\/wp-json\/wp\/v2\/comments?post=1290"}],"version-history":[{"count":4,"href":"https:\/\/www.webtenerife.de\/dasblog\/wp-json\/wp\/v2\/posts\/1290\/revisions"}],"predecessor-version":[{"id":1306,"href":"https:\/\/www.webtenerife.de\/dasblog\/wp-json\/wp\/v2\/posts\/1290\/revisions\/1306"}],"wp:attachment":[{"href":"https:\/\/www.webtenerife.de\/dasblog\/wp-json\/wp\/v2\/media?parent=1290"}],"wp:term":[{"taxonomy":"category","embeddable":true,"href":"https:\/\/www.webtenerife.de\/dasblog\/wp-json\/wp\/v2\/categories?post=1290"},{"taxonomy":"post_tag","embeddable":true,"href":"https:\/\/www.webtenerife.de\/dasblog\/wp-json\/wp\/v2\/tags?post=1290"}],"curies":[{"name":"wp","href":"https:\/\/api.w.org\/{rel}","templated":true}]}}