{"id":1266,"date":"2013-08-23T12:09:36","date_gmt":"2013-08-23T11:09:36","guid":{"rendered":"http:\/\/blog.webtenerife.de\/?p=1266"},"modified":"2013-08-26T09:23:06","modified_gmt":"2013-08-26T08:23:06","slug":"el-medano-uberflieger-philip-koster-dominiert-pwa-worldcup-auf-teneriffa","status":"publish","type":"post","link":"https:\/\/www.webtenerife.de\/dasblog\/2013\/08\/el-medano-uberflieger-philip-koster-dominiert-pwa-worldcup-auf-teneriffa\/","title":{"rendered":"El M\u00e9dano: \u00dcberflieger Philip K\u00f6ster dominiert PWA Worldcup auf Teneriffa"},"content":{"rendered":"<p><img fetchpriority=\"high\" decoding=\"async\" class=\"aligncenter size-full wp-image-1269\" alt=\"medanocampeonato2\" src=\"http:\/\/www.webtenerife.de\/dasblog\/wp-content\/uploads\/2013\/08\/medanocampeonato2.png\" width=\"609\" height=\"406\" srcset=\"https:\/\/www.webtenerife.de\/dasblog\/wp-content\/uploads\/2013\/08\/medanocampeonato2.png 609w, https:\/\/www.webtenerife.de\/dasblog\/wp-content\/uploads\/2013\/08\/medanocampeonato2-300x200.png 300w\" sizes=\"(max-width: 609px) 100vw, 609px\" \/><\/p>\n<p>Gastbeitrag von <strong>Anja Knorr<\/strong><\/p>\n<p>Es gibt einen Ort auf Teneriffa, der Surfern aus aller Welt ein breites Grinsen auf das Gesicht zaubert. Ein Grinsen der Sorte \u201eIch-habe-gerade-die-beste-Zeit-meines-Lebensgehabt\u201c. Sie kommen jedes Jahr zur\u00fcck und tr\u00e4umen von einem Haus am Strand. Am Strand von El M\u00e9dano um genau zu sein. Dem Surf-Hotspot schlechthin auf den Kanarischen Inseln, in dem seit drei Jahren in Folge der PWA Worldcup ausgetragen wird. Dieses Jahr gewann das deutsche Ausnahmetalent Philip K\u00f6ster den Wettbewerb bereits zum wiederholten Male und \u00fcbernahm somit die F\u00fchrung in der WM-Wertung.<\/p>\n<p><img decoding=\"async\" class=\"aligncenter size-full wp-image-1268\" alt=\"PODIO GANADOR\" src=\"http:\/\/www.webtenerife.de\/dasblog\/wp-content\/uploads\/2013\/08\/PODIO-GANADOR.png\" width=\"609\" height=\"398\" srcset=\"https:\/\/www.webtenerife.de\/dasblog\/wp-content\/uploads\/2013\/08\/PODIO-GANADOR.png 609w, https:\/\/www.webtenerife.de\/dasblog\/wp-content\/uploads\/2013\/08\/PODIO-GANADOR-300x196.png 300w\" sizes=\"(max-width: 609px) 100vw, 609px\" \/><\/p>\n<p>Die Professional Windsurfers Association (PWA) tr\u00e4gt jedes Jahr die WindsurfWeltmeisterschaft aus, die die Athleten an die sch\u00f6nsten Orte der Welt f\u00fchrt und mit einem kr\u00e4ftigem Preisgeld winkt. Die Tour wird in den drei Disziplinen Waveriding, Freestyle und Slalom 42 ausgetragen, wovon das Waveriding mit seinen spektakul\u00e4ren Spr\u00fcngen sicherlich als die K\u00f6nigsdisziplin gilt und auch in El M\u00e9dano vom 3. bis 9. August diesen Jahres die Zuschauer in Verz\u00fcckung geraten lie\u00df.<\/p>\n<p><b>El M\u00e9dano: Bester Surfspot der Welt<\/b><\/p>\n<p>Nicht ohne Grund wurde der charmante Ort im S\u00fcden Teneriffas zum Austragungsort des PWA Worldcups gew\u00e4hlt, denn ein erkl\u00e4rtes Ziel der Veranstalter ist es, das Windsurfen vor traumhaften Kulissen noch popul\u00e4rer zu machen. Und als traumhaft zeichnen sich die\u00a0 Bedingungen in El M\u00e9dano aus. Dabei sorgen in El M\u00e9dano vor allen Dingen die<\/p>\n<p>best\u00e4ndigen Passatwinde f\u00fcr kr\u00e4ftigen Wind und hohe Wellen, was auf die Surferszene wie ein Magnet wirkt. Besonders die hei\u00dfen Sommermonate bringen Nordostpassatwinde mit sich, die kontinuierlich sideshore von links wehen und nahezu perfekte Bedingungen f\u00fcr die Pros mitbringen. Dazu laufen die Wellen an der Mole von El M\u00e9dano und auch El Cabezo besonders sauber und an guten Tagen scheinbar unendlich lang, was die<\/p>\n<p>Freerider zu coolen Jumps und beeindruckenden Tricks animiert.<\/p>\n<p><img decoding=\"async\" class=\"aligncenter size-full wp-image-1267\" alt=\"medanocampeonato1\" src=\"http:\/\/www.webtenerife.de\/dasblog\/wp-content\/uploads\/2013\/08\/medanocampeonato1.png\" width=\"609\" height=\"406\" srcset=\"https:\/\/www.webtenerife.de\/dasblog\/wp-content\/uploads\/2013\/08\/medanocampeonato1.png 609w, https:\/\/www.webtenerife.de\/dasblog\/wp-content\/uploads\/2013\/08\/medanocampeonato1-300x200.png 300w\" sizes=\"(max-width: 609px) 100vw, 609px\" \/><\/p>\n<p><b>Philip K\u00f6ster trainiert auf den Kanaren<\/b><\/p>\n<p>Kaum verwunderlich ist daher, dass viele Pros auf den Kanarischen Inseln leben und trainieren. So wohnt auch Philip K\u00f6ster seit seiner Kindheit auf Cran Canaria und profitiert von den guten Windbedingungen vor Ort. Der 19-j\u00e4hrige Deutsche ist schon jetzt eine Legende und nach Robby Naish der zweitj\u00fcngsten Windsurfweltmeister aller Zeiten. Er dominiert wie kein Zweiter die Tour und auch dieses Jahr stehen die Zeichen auf eine<\/p>\n<p>Titelverteidigung gut. Ihm folgten im Waveriding auf Platz zwei und drei die beiden Spanier Victor Fernandez und Alex Mussolini.<\/p>\n<p>Bei den Frauen machte das ebenfalls auf den Kanarischen Inseln lebende spanische Geschwisterpaar Daida und Iballa Ruano Moreno den Sieg unter sich aus und verwies die Konkurrenz auf ihre Pl\u00e4tze. Damit f\u00fchrt Daida Ruano Moreno die Konkurrenz derzeit an. Die deutsche Teilnehmerin Steffi Wahl musste sich dagegen mit einem hinteren Platz zufrieden geben, ist jedoch noch im Rennen im Kampf um die WM-Spitze mit einem derzeit vierten Platz in der Gesamtwertung.<\/p>\n<p>Bis zum mit Spannung erwarteten Saison-Finale stehen noch folgende Austragungsorte aus:<\/p>\n<p>19. August \u2013 24. August: Pegasus Airlines Alacati PWA Worldcup<\/p>\n<p>18. September \u2013 14. September: DAM7 PWA Worldcup Niederlande<\/p>\n<p>16. September \u2013 22. September: KIA Hawaii PWA Worldcup<\/p>\n<p>27. September \u2013 6. Oktober: Sylt<\/p>\n<p>23. November \u2013 1. Dezember: Chile<\/p>\n<p>&nbsp;<\/p>\n<p><b>\u00dcber die Autorin<\/b><\/p>\n<p><strong>Anja Knorr<\/strong> ist eine passionierte Weltreisende und reist regelm\u00e4\u00dfig in ferne L\u00e4nder, um ihren gro\u00dfen Leidenschaften, dem Surfen und Tauchen, nachzugehen. Auf ihrem Backpacking-Blog <a href=\"http:\/\/www.happybackpacker.de\" target=\"_blank\">happybackpacker.de<\/a> l\u00e4sst sie andere Reisenden an ihren Erlebnissen und Erfahrungen teilhaben und steht ihnen mit Tipps und Tricks bei.<\/p>\n","protected":false},"excerpt":{"rendered":"<p>Gastbeitrag von Anja Knorr Es gibt einen Ort auf Teneriffa, der Surfern aus aller Welt ein breites Grinsen auf das Gesicht zaubert. Ein Grinsen der Sorte \u201eIch-habe-gerade-die-beste-Zeit-meines-Lebensgehabt\u201c. Sie kommen jedes Jahr zur\u00fcck und tr\u00e4umen von einem Haus am Strand. Am Strand von El M\u00e9dano um genau zu sein. Dem Surf-Hotspot [&hellip;]<\/p>\n","protected":false},"author":1,"featured_media":0,"comment_status":"open","ping_status":"open","sticky":false,"template":"","format":"standard","meta":{"footnotes":""},"categories":[13,148,1],"tags":[277,276,279,281,278,275,280],"class_list":["post-1266","post","type-post","status-publish","format-standard","hentry","category-sport","category-surf","category-verschiedenes","tag-kanarischen-inseln","tag-medano","tag-philip-koster","tag-professional-windsurfers-association","tag-pwa","tag-surfern","tag-windsurfweltmeisterschaft"],"_links":{"self":[{"href":"https:\/\/www.webtenerife.de\/dasblog\/wp-json\/wp\/v2\/posts\/1266","targetHints":{"allow":["GET"]}}],"collection":[{"href":"https:\/\/www.webtenerife.de\/dasblog\/wp-json\/wp\/v2\/posts"}],"about":[{"href":"https:\/\/www.webtenerife.de\/dasblog\/wp-json\/wp\/v2\/types\/post"}],"author":[{"embeddable":true,"href":"https:\/\/www.webtenerife.de\/dasblog\/wp-json\/wp\/v2\/users\/1"}],"replies":[{"embeddable":true,"href":"https:\/\/www.webtenerife.de\/dasblog\/wp-json\/wp\/v2\/comments?post=1266"}],"version-history":[{"count":5,"href":"https:\/\/www.webtenerife.de\/dasblog\/wp-json\/wp\/v2\/posts\/1266\/revisions"}],"predecessor-version":[{"id":1274,"href":"https:\/\/www.webtenerife.de\/dasblog\/wp-json\/wp\/v2\/posts\/1266\/revisions\/1274"}],"wp:attachment":[{"href":"https:\/\/www.webtenerife.de\/dasblog\/wp-json\/wp\/v2\/media?parent=1266"}],"wp:term":[{"taxonomy":"category","embeddable":true,"href":"https:\/\/www.webtenerife.de\/dasblog\/wp-json\/wp\/v2\/categories?post=1266"},{"taxonomy":"post_tag","embeddable":true,"href":"https:\/\/www.webtenerife.de\/dasblog\/wp-json\/wp\/v2\/tags?post=1266"}],"curies":[{"name":"wp","href":"https:\/\/api.w.org\/{rel}","templated":true}]}}