{"id":1256,"date":"2012-12-16T14:33:07","date_gmt":"2012-12-16T13:33:07","guid":{"rendered":"http:\/\/blog.webtenerife.de\/?p=1256"},"modified":"2013-02-02T14:36:44","modified_gmt":"2013-02-02T13:36:44","slug":"okologischer-wein-von-teneriffa-hoya-del-navio","status":"publish","type":"post","link":"https:\/\/www.webtenerife.de\/dasblog\/2012\/12\/okologischer-wein-von-teneriffa-hoya-del-navio\/","title":{"rendered":"\u00d6kologischer Wein von Teneriffa &#8211; Hoya del Navio"},"content":{"rendered":"<p style=\"text-align: justify;\">Auf Teneriffa gibt es immer mehr die der Wichtigkeit der Nachhaltigkeit bewusst werden, sowie die Eigent\u00fcmer der Finca La Hornaca, dessen Weine der Herkunft Tacoronte-Acentejo angeh\u00f6ren.<\/p>\n<p style=\"text-align: center;\"><a href=\"http:\/\/www.webtenerife.de\/dasblog\/?attachment_id=1255\" rel=\"attachment wp-att-1255\"><img fetchpriority=\"high\" decoding=\"async\" class=\"aligncenter size-full wp-image-1255\" title=\"Hoya del Navio Teneriffa\" src=\"http:\/\/www.webtenerife.de\/dasblog\/wp-content\/uploads\/2013\/02\/hoya-del-navio-teneriffa.jpg\" alt=\"Hoya del Navio Teneriffa\" width=\"222\" height=\"300\" \/><\/a>Hoya del Navio \u00a0&#8211; \u00d6kologischer Wein von Teneriffa<\/p>\n<p style=\"text-align: justify;\">Die Weinberge, welche auf einer H\u00f6he von 250 Meter angebracht sind, befinden sich neben den Barranco de Guayonje, sind komplett \u00f6kologisch angebaut und mit der Weinerte mehr als 3000 Flaschen produzieren.<\/p>\n<p>Datenblatt Hoya del Navio Rot 2011:<\/p>\n<p><span style=\"text-decoration: underline;\"><em>Sorten:<\/em><\/span><br \/>\n50% List\u00e1n Negro<br \/>\n50% Negramoll<\/p>\n<p><span style=\"text-decoration: underline;\"><em>Produktion por Weinstock:<\/em><\/span><br \/>\n500 bis 1200 gr<\/p>\n<p><span style=\"text-decoration: underline;\"><em>Weinkelter:<\/em><\/span><br \/>\n5-7 Tage<\/p>\n<p><span style=\"text-decoration: underline;\"><em>Alterung:<\/em><\/span><br \/>\n6 Monate in einem Fass aus Franz\u00f6sicher und Amerikanischer Eiche<br \/>\nNicht stabilisiert<br \/>\nLeichter Filter<\/p>\n<p><span style=\"text-decoration: underline;\"><em>Temperatur:<\/em><\/span><br \/>\n15\u00baC \u2013 17\u00baC<\/p>\n<p><span style=\"text-decoration: underline;\"><em>Erhaltene Preise:<\/em><\/span><\/p>\n<ul>\n<li>Baco de Oro 2008<\/li>\n<li>Ecoracimos 2009 Bronce<\/li>\n<li>Mundus Vini bioFach 2012 Gold<\/li>\n<li>Challenge Millesime Bio 2012 Gold<\/li>\n<li>Aufnahmen in der angesehenen Gu\u00eda Pe\u00f1\u00edn 2012<\/li>\n<\/ul>\n","protected":false},"excerpt":{"rendered":"<p>Auf Teneriffa gibt es immer mehr die der Wichtigkeit der Nachhaltigkeit bewusst werden, sowie die Eigent\u00fcmer der Finca La Hornaca, dessen Weine der Herkunft Tacoronte-Acentejo angeh\u00f6ren. Hoya del Navio \u00a0&#8211; \u00d6kologischer Wein von Teneriffa Die Weinberge, welche auf einer H\u00f6he von 250 Meter angebracht sind, befinden sich neben den Barranco [&hellip;]<\/p>\n","protected":false},"author":1,"featured_media":0,"comment_status":"open","ping_status":"open","sticky":false,"template":"","format":"standard","meta":{"footnotes":""},"categories":[57,1,27],"tags":[271,229],"class_list":["post-1256","post","type-post","status-publish","format-standard","hentry","category-gastronomie","category-verschiedenes","category-weinkeller","tag-okologischer-wein-teneriffa","tag-teneriffa"],"_links":{"self":[{"href":"https:\/\/www.webtenerife.de\/dasblog\/wp-json\/wp\/v2\/posts\/1256","targetHints":{"allow":["GET"]}}],"collection":[{"href":"https:\/\/www.webtenerife.de\/dasblog\/wp-json\/wp\/v2\/posts"}],"about":[{"href":"https:\/\/www.webtenerife.de\/dasblog\/wp-json\/wp\/v2\/types\/post"}],"author":[{"embeddable":true,"href":"https:\/\/www.webtenerife.de\/dasblog\/wp-json\/wp\/v2\/users\/1"}],"replies":[{"embeddable":true,"href":"https:\/\/www.webtenerife.de\/dasblog\/wp-json\/wp\/v2\/comments?post=1256"}],"version-history":[{"count":1,"href":"https:\/\/www.webtenerife.de\/dasblog\/wp-json\/wp\/v2\/posts\/1256\/revisions"}],"predecessor-version":[{"id":1257,"href":"https:\/\/www.webtenerife.de\/dasblog\/wp-json\/wp\/v2\/posts\/1256\/revisions\/1257"}],"wp:attachment":[{"href":"https:\/\/www.webtenerife.de\/dasblog\/wp-json\/wp\/v2\/media?parent=1256"}],"wp:term":[{"taxonomy":"category","embeddable":true,"href":"https:\/\/www.webtenerife.de\/dasblog\/wp-json\/wp\/v2\/categories?post=1256"},{"taxonomy":"post_tag","embeddable":true,"href":"https:\/\/www.webtenerife.de\/dasblog\/wp-json\/wp\/v2\/tags?post=1256"}],"curies":[{"name":"wp","href":"https:\/\/api.w.org\/{rel}","templated":true}]}}