{"id":1225,"date":"2012-09-29T02:21:15","date_gmt":"2012-09-29T01:21:15","guid":{"rendered":"http:\/\/blog.webtenerife.de\/?p=1225"},"modified":"2012-11-06T02:26:45","modified_gmt":"2012-11-06T01:26:45","slug":"museen-auf-teneriffa","status":"publish","type":"post","link":"https:\/\/www.webtenerife.de\/dasblog\/2012\/09\/museen-auf-teneriffa\/","title":{"rendered":"Neue \u00d6ffnungszeieten in Museen von Teneriff"},"content":{"rendered":"<p style=\"text-align: justify;\"><a href=\"http:\/\/www.webtenerife.de\/dasblog\/?attachment_id=1224\" rel=\"attachment wp-att-1224\"><img fetchpriority=\"high\" decoding=\"async\" class=\"aligncenter size-full wp-image-1224\" title=\"Museen auf Teneriffa\" src=\"http:\/\/www.webtenerife.de\/dasblog\/wp-content\/uploads\/2012\/11\/Museen-Teneriffa.jpg\" alt=\"Museen auf Teneriffa\" width=\"690\" height=\"475\" srcset=\"https:\/\/www.webtenerife.de\/dasblog\/wp-content\/uploads\/2012\/11\/Museen-Teneriffa.jpg 690w, https:\/\/www.webtenerife.de\/dasblog\/wp-content\/uploads\/2012\/11\/Museen-Teneriffa-300x206.jpg 300w\" sizes=\"(max-width: 690px) 100vw, 690px\" \/><\/a><\/p>\n<p style=\"text-align: justify;\">Die <a title=\"Museen auf Teneriffa\" href=\"http:\/\/www.museosdetenerife.org\/index.php\" target=\"_blank\">Museen auf Teneriffa<\/a> haben Ihre \u00d6ffnungzeiten erweitert damit du auch keine Ausreden mehr hast um diese nicht zu besuchen.<\/p>\n<p>Ausserdem haben wir das grosse Gl\u00fcck das diese 7 Tage der Woche die T\u00fcren ge\u00f6ffnet haben, damit wir durch unsere Vergangenheit spazieren und die Kultur und Wissenschaft entdecken k\u00f6nnen.<\/p>\n<p>Stimmts?<\/p>\n<p><span style=\"text-decoration: underline;\"><em>Das sind die neuen \u00d6ffnungszeiten der Museen von Teneriffa g\u00fcltig ab September 2012:<\/em><\/span><\/p>\n<p><strong>Casa de Cartga del Museo de Historia y Antorologia de Tenerife\u00a0<\/strong>(Historisch und Antropologisches Museum von Teneriffa) in Valle de Guerra, jeden Tag von 10 &#8211; 17 Uhr.<\/p>\n<p><strong>Museo de la Ciencia y el Cosmos<\/strong> (Museum der Wissenschaft und des Cosmus), <strong>Museo de la Naturaleza y el Hombre<\/strong> (Natur und Menschen Museum), <strong>Sede del Museo de antropolog\u00eda e Historia de la Casa Lercaro<\/strong> (Sitz des Anthropologischen Museum und Geschichte der Familie Lercaro) von 10: Uhr bis 20:00 Uhr von Dienstag bis Samstag und von 10:00 Uhr bis 17:00 Uhr Donnerstag und Montags<\/p>\n<p><strong>Wieviel kosten die Eintrittskarten f\u00fcr die Museen auf Teneriffa?<\/strong><\/p>\n<p>Den Preis kann man fast schon als symbolisch bezeichnen<\/p>\n<ul>\n<li>Kinder unter 8 Jahren: Kostenlos<\/li>\n<li>Residenten: 3\u20ac<\/li>\n<li>Alle weiteren Besucher: 5\u20ac<\/li>\n<\/ul>\n<p style=\"text-align: justify;\">Und vergesst nicht das <strong>jeden Freitag und Samstag ab 16 Uhr bis zur Gesch\u00e4ftsschluss der Eintritt in allen Museen, ohne Ausnahme, kostenlos ist.<\/strong><\/p>\n","protected":false},"excerpt":{"rendered":"<p>Die Museen auf Teneriffa haben Ihre \u00d6ffnungzeiten erweitert damit du auch keine Ausreden mehr hast um diese nicht zu besuchen. Ausserdem haben wir das grosse Gl\u00fcck das diese 7 Tage der Woche die T\u00fcren ge\u00f6ffnet haben, damit wir durch unsere Vergangenheit spazieren und die Kultur und Wissenschaft entdecken k\u00f6nnen. Stimmts? [&hellip;]<\/p>\n","protected":false},"author":1,"featured_media":0,"comment_status":"open","ping_status":"open","sticky":false,"template":"","format":"standard","meta":{"footnotes":""},"categories":[34,33,1],"tags":[264],"class_list":["post-1225","post","type-post","status-publish","format-standard","hentry","category-kultur","category-museen","category-verschiedenes","tag-museen-auf-teneriffa"],"_links":{"self":[{"href":"https:\/\/www.webtenerife.de\/dasblog\/wp-json\/wp\/v2\/posts\/1225","targetHints":{"allow":["GET"]}}],"collection":[{"href":"https:\/\/www.webtenerife.de\/dasblog\/wp-json\/wp\/v2\/posts"}],"about":[{"href":"https:\/\/www.webtenerife.de\/dasblog\/wp-json\/wp\/v2\/types\/post"}],"author":[{"embeddable":true,"href":"https:\/\/www.webtenerife.de\/dasblog\/wp-json\/wp\/v2\/users\/1"}],"replies":[{"embeddable":true,"href":"https:\/\/www.webtenerife.de\/dasblog\/wp-json\/wp\/v2\/comments?post=1225"}],"version-history":[{"count":2,"href":"https:\/\/www.webtenerife.de\/dasblog\/wp-json\/wp\/v2\/posts\/1225\/revisions"}],"predecessor-version":[{"id":1227,"href":"https:\/\/www.webtenerife.de\/dasblog\/wp-json\/wp\/v2\/posts\/1225\/revisions\/1227"}],"wp:attachment":[{"href":"https:\/\/www.webtenerife.de\/dasblog\/wp-json\/wp\/v2\/media?parent=1225"}],"wp:term":[{"taxonomy":"category","embeddable":true,"href":"https:\/\/www.webtenerife.de\/dasblog\/wp-json\/wp\/v2\/categories?post=1225"},{"taxonomy":"post_tag","embeddable":true,"href":"https:\/\/www.webtenerife.de\/dasblog\/wp-json\/wp\/v2\/tags?post=1225"}],"curies":[{"name":"wp","href":"https:\/\/api.w.org\/{rel}","templated":true}]}}