{"id":1197,"date":"2012-10-05T18:19:32","date_gmt":"2012-10-05T17:19:32","guid":{"rendered":"http:\/\/blog.webtenerife.de\/?p=1197"},"modified":"2012-10-06T18:27:54","modified_gmt":"2012-10-06T17:27:54","slug":"puerto-de-la-cruz-blumen-gastronomie-und-gute-musik","status":"publish","type":"post","link":"https:\/\/www.webtenerife.de\/dasblog\/2012\/10\/puerto-de-la-cruz-blumen-gastronomie-und-gute-musik\/","title":{"rendered":"Puerto de la Cruz: Blumen, Gastronomie und gute Musik"},"content":{"rendered":"<p style=\"text-align: justify;\"><a href=\"http:\/\/www.webtenerife.de\/dasblog\/?attachment_id=1195\" rel=\"attachment wp-att-1195\"><img fetchpriority=\"high\" decoding=\"async\" class=\"aligncenter size-full wp-image-1195\" title=\"Puerto de la Cruz bl\u00fcht\" src=\"http:\/\/www.webtenerife.de\/dasblog\/wp-content\/uploads\/2012\/10\/Puerto-de-la-Cruz-blueht.jpg\" alt=\"Puerto de la Cruz bl\u00fcht\" width=\"690\" height=\"254\" srcset=\"https:\/\/www.webtenerife.de\/dasblog\/wp-content\/uploads\/2012\/10\/Puerto-de-la-Cruz-blueht.jpg 690w, https:\/\/www.webtenerife.de\/dasblog\/wp-content\/uploads\/2012\/10\/Puerto-de-la-Cruz-blueht-300x110.jpg 300w\" sizes=\"(max-width: 690px) 100vw, 690px\" \/><\/a><\/p>\n<p style=\"text-align: justify;\">Endlich ist Oktober da. Ein Monat in den Puerto de la Cruz eine gro\u00dfe Auswahl an Kulturellen &#8211; Freizeitangebote hat.<\/p>\n<p>Wenn du ein Blumenliebhaber bist darfst du folgendes Datum nicht verpassen. Von dem 19. &#8211; 21. Oktober findet in Puerto de la Cruz ein Internationales Blume-Festival statt. Dieses ist nicht zu wundern, den die Natur liebt Puerto de la Cruz, es gibt keine Ecke die nicht gr\u00fcn ist. Von dem Botanischen Garten bis hin zu den Hotels.<\/p>\n<p>Nutze auch die Gastronomischen Angebote der Gastronomischen Messe von Teneriffa, wo die Banane und der Fisch auf traditionellen Wallfahrten, gef\u00fchrte Strecken und Ausstellungen die Hauptdarsteller sind.<\/p>\n<p><span style=\"text-decoration: underline;\"><strong><a title=\"Programm - Puerto de la Cruz\" href=\"http:\/\/www.puertodelacruz.com\/images\/AYTO%20PUERTO%20CRUZ-TURISMO%20-PROGRAMA%20MUESTRA%20GASTRONOMICA.pdf\" target=\"_blank\">Programm<\/a><\/strong><\/span><\/p>\n<p>aus welchen wir folgende Aktivit\u00e4ten hervorheben:<\/p>\n<p><em><strong>Touristische Routen:<\/strong><\/em> lasse dich am 5. Oktober durch Puerto de la Cruz f\u00fchren und entdecke die Geschichte dieser Stadt und Winkel und Ecken voller Charme. Uhrzeit: 12 Uhr am Lago Marti\u00e1nez<\/p>\n<p><em><strong>Kanarische Nachtische:<\/strong><\/em> Alle Leckerm\u00e4ule werden den 24. und 25. Oktober im <a title=\"Hotel Tigaiga - Puerto de la Cruz\" href=\"http:\/\/www.webtenerife.de\/unterkunfte\/hotels\/hotel+tigaiga.htm?__utma=42536186.1587297793.1344876814.1349436033.1349544631.24&amp;__utmb=42536186.3.10.1349544631&amp;__utmc=42536186&amp;__utmx=-&amp;__utmz=42536186.1349436033.23.5.utmcsr=hootsuite.com|utmccn=(referral)|utmcmd=referral|utmcct=\/dashboard&amp;__utmv=-&amp;__utmk=24246719\" target=\"_blank\">Hotel Tigaiga<\/a> nicht widerstehen k\u00f6nnen. Unz\u00e4hlige typische Nachtische der Kanarischen Inseln werden dir diese Tage vers\u00fcssen.<\/p>\n<p><em><strong>Wallfahrt Esperanceros:<\/strong><\/em> Von el Pe\u00f1\u00f3n del Fraile bis zur Kirche Nuestra Se\u00f1ora del la Pe\u00f1a de Francia am 6. Oktober um 17.30 Uhr.<\/p>\n<p>Besuch einer Banane-Plantage: am 10. und \u00a017. Oktober haben wir die M\u00f6glichkeit den Durchlauf der Bananen kennenzulernen. Von der Pflanze bis zum Gesch\u00e4ft wo wir sie kaufen k\u00f6nnen. Den&#8230; Bananen entstehen nicht im Supermarkt, zumindest in die Kanarische Banane nicht.<\/p>\n<p>Und da du ja schon in Puerto de la Cruz bist, und das Leben mit Musik viel sch\u00f6ner ist, schaue Mal an der <a title=\"Blanco Bar - Puerto de la Cruz\" href=\"http:\/\/www.webtenerife.de\/aktivitaten\/nachtleben\/kneipen-und-diskotheken\/blanco-bar.htm?__utma=42536186.1587297793.1344876814.1349436033.1349544631.24&amp;__utmb=42536186.4.10.1349544631&amp;__utmc=42536186&amp;__utmx=-&amp;__utmz=42536186.1349436033.23.5.utmcsr=hootsuite.com|utmccn=(referral)|utmcmd=referral|utmcct=\/dashboard&amp;__utmv=-&amp;__utmk=60946729\" target=\"_blank\">Blanco Bar<\/a> vorbei. Folgende Gruppen erwarten dich:<\/p>\n<p style=\"text-align: justify;\"><a href=\"http:\/\/www.webtenerife.de\/dasblog\/?attachment_id=1196\" rel=\"attachment wp-att-1196\"><img decoding=\"async\" class=\"aligncenter size-full wp-image-1196\" title=\"Blanco Bar - Puerto de la Cruz\" src=\"http:\/\/www.webtenerife.de\/dasblog\/wp-content\/uploads\/2012\/10\/blanco-bar-puerto-de-la-cruz.jpg\" alt=\"Blanco Bar - Puerto de la Cruz\" width=\"440\" height=\"328\" srcset=\"https:\/\/www.webtenerife.de\/dasblog\/wp-content\/uploads\/2012\/10\/blanco-bar-puerto-de-la-cruz.jpg 440w, https:\/\/www.webtenerife.de\/dasblog\/wp-content\/uploads\/2012\/10\/blanco-bar-puerto-de-la-cruz-300x223.jpg 300w\" sizes=\"(max-width: 440px) 100vw, 440px\" \/><\/a><\/p>\n<ul>\n<li>Freitag 5. Oktober: Konzert \u201cSOUNDCHASER\u201d 23:30 Uhr<\/li>\n<li>Donnerstag 11. Oktober: Konzert \u201cNI UN PELO DE TONTO\u201d 23:30 Uhr<\/li>\n<li>Freitag 12. Oktober: Konzert \u201cARISTIDES MORENO\u201d 23:30 Uhr<\/li>\n<li>Freitag 19. Oktober: Konzert \u201d THE HITS \u201d 23:30 Uhr<\/li>\n<li>Mittwoch 24. Oktober: Blanco Bar Comedy \u201cDANI FONTECHA\u201d 22:30 Uhr<\/li>\n<li>Freitag 26. Oktober: Konzert SALVAPANTALLAS\u201d 23:30 Uhr<\/li>\n<\/ul>\n<p style=\"text-align: justify;\">Und ich versichere dir das das Ambiente in Blanco Bar einzigartig ist, bei jedem Konzert. Ich habe es selber erleben d\u00fcrfen&#8230; und die Gin Tonics&#8230; was soll ich sagen: komme einfach an der Blanco Bar vorbei und sehe es selber.<\/p>\n<p>Und: <em><strong>Wie komme ich nach Puerto de la Cruz?<\/strong><\/em><\/p>\n<p>TITSA bringt dich bequem mit folgenden Linienbussen nach Puerto de la Cruz. 101 &#8211; 102 und 103. Uhrzeit und m\u00f6gliche \u00c4nderungen auf der offiziellen Webseite von TITSA.<\/p>\n<p>Aber wenn du in Puerto de la Cruz bleibe m\u00f6chtest schlagen wir dir vor, folgende <a title=\"Hotels in Puerto de la Cruz\" href=\"http:\/\/www.webtenerife.com\/alojamiento\/hoteles\/?28=204\" target=\"_blank\">Hotels in Puerto de la Cruz <\/a>nachzuschlagen um deine Wahl zu treffen.<\/p>\n","protected":false},"excerpt":{"rendered":"<p>Endlich ist Oktober da. Ein Monat in den Puerto de la Cruz eine gro\u00dfe Auswahl an Kulturellen &#8211; Freizeitangebote hat. Wenn du ein Blumenliebhaber bist darfst du folgendes Datum nicht verpassen. Von dem 19. &#8211; 21. Oktober findet in Puerto de la Cruz ein Internationales Blume-Festival statt. Dieses ist nicht [&hellip;]<\/p>\n","protected":false},"author":1,"featured_media":0,"comment_status":"open","ping_status":"open","sticky":false,"template":"","format":"standard","meta":{"footnotes":""},"categories":[77,57,63,34,1],"tags":[217,229],"class_list":["post-1197","post","type-post","status-publish","format-standard","hentry","category-flora","category-gastronomie","category-hotels","category-kultur","category-verschiedenes","tag-puerto-de-la-cruz","tag-teneriffa"],"_links":{"self":[{"href":"https:\/\/www.webtenerife.de\/dasblog\/wp-json\/wp\/v2\/posts\/1197","targetHints":{"allow":["GET"]}}],"collection":[{"href":"https:\/\/www.webtenerife.de\/dasblog\/wp-json\/wp\/v2\/posts"}],"about":[{"href":"https:\/\/www.webtenerife.de\/dasblog\/wp-json\/wp\/v2\/types\/post"}],"author":[{"embeddable":true,"href":"https:\/\/www.webtenerife.de\/dasblog\/wp-json\/wp\/v2\/users\/1"}],"replies":[{"embeddable":true,"href":"https:\/\/www.webtenerife.de\/dasblog\/wp-json\/wp\/v2\/comments?post=1197"}],"version-history":[{"count":3,"href":"https:\/\/www.webtenerife.de\/dasblog\/wp-json\/wp\/v2\/posts\/1197\/revisions"}],"predecessor-version":[{"id":1200,"href":"https:\/\/www.webtenerife.de\/dasblog\/wp-json\/wp\/v2\/posts\/1197\/revisions\/1200"}],"wp:attachment":[{"href":"https:\/\/www.webtenerife.de\/dasblog\/wp-json\/wp\/v2\/media?parent=1197"}],"wp:term":[{"taxonomy":"category","embeddable":true,"href":"https:\/\/www.webtenerife.de\/dasblog\/wp-json\/wp\/v2\/categories?post=1197"},{"taxonomy":"post_tag","embeddable":true,"href":"https:\/\/www.webtenerife.de\/dasblog\/wp-json\/wp\/v2\/tags?post=1197"}],"curies":[{"name":"wp","href":"https:\/\/api.w.org\/{rel}","templated":true}]}}