{"id":1181,"date":"2012-09-07T17:34:39","date_gmt":"2012-09-07T16:34:39","guid":{"rendered":"http:\/\/blog.webtenerife.de\/?p=1181"},"modified":"2012-09-24T17:43:08","modified_gmt":"2012-09-24T16:43:08","slug":"hotel-la-paz-in-puerto-de-la-cruz","status":"publish","type":"post","link":"https:\/\/www.webtenerife.de\/dasblog\/2012\/09\/hotel-la-paz-in-puerto-de-la-cruz\/","title":{"rendered":"Im Hotel La Paz in Puerto de la Cruz &#8222;Das Wichtigste sind die Menschen&#8230;&#8220;"},"content":{"rendered":"<p style=\"text-align: justify;\">Diesen Satz habe ich in einer Hotelbewertung in TripAdvisor gelesen, und ich fand es super. Sp\u00e4ter werde ich Euch erkl\u00e4ren warum.<\/p>\n<p>Die letzte Woche habe ich ein paar Tage im Hotel La Paz, in Puerto de la Cruz, verbracht. Um ehrlich zu sein habe ich in diesem Sommer schon 3 Mal in diesem Hotel meinen Urlaub verbracht. Ich gehe gerne in den Norden der Insel wandern und als meine Basis habe ich wieder einmal dieses Hotel ausgew\u00e4hlt. Mein geliebtes Puerto de la Cruz&#8230;.<\/p>\n<p style=\"text-align: justify;\"><a href=\"http:\/\/www.webtenerife.de\/dasblog\/?attachment_id=1180\" rel=\"attachment wp-att-1180\"><img fetchpriority=\"high\" decoding=\"async\" class=\"aligncenter size-full wp-image-1180\" title=\"Pool - Hotel La Paz - Puerto de la Cruz\" src=\"http:\/\/www.webtenerife.de\/dasblog\/wp-content\/uploads\/2012\/09\/pool-hotel-la-paz-puerto-de-la-cruz.jpg\" alt=\"Pool - Hotel La Paz - Puerto de la Cruz\" width=\"690\" height=\"517\" srcset=\"https:\/\/www.webtenerife.de\/dasblog\/wp-content\/uploads\/2012\/09\/pool-hotel-la-paz-puerto-de-la-cruz.jpg 690w, https:\/\/www.webtenerife.de\/dasblog\/wp-content\/uploads\/2012\/09\/pool-hotel-la-paz-puerto-de-la-cruz-300x224.jpg 300w\" sizes=\"(max-width: 690px) 100vw, 690px\" \/><\/a><br \/>\n<span style=\"text-decoration: underline;\">Meine Kriterien f\u00fcr die Hotelauswahl in Puerto de la Cruz wahren folgende:<\/span><\/p>\n<ul style=\"text-align: justify;\">\n<li>Ohne Animation (obwohl dieses Hotel in Sommer 2 Stunden Animation f\u00fcr Kinder hat)<\/li>\n<li>Gut verbunden. Die Buslinien 101, 102 un 103 halten vor der T\u00fcre von dem Hotel.<\/li>\n<li>Ruhige Zone: La Paz ist sehr ruhig<\/li>\n<li>Kostenloser WLan: Den G\u00e4sten steht kostenloser WLan in den Gemeinschaftszonen zur Verf\u00fcgung und funktioniert perfekt.<\/li>\n<li>Ein erschwinglicher Preis. In Juli bezahlte ich 144 \u20ac f\u00fcr ein Wochenende in All Inclusive f\u00fcr 2 Erwachsene und ein Kind von 4 Jahren, in August ein bisschen mehr. Das Preis &#8211; Leistungsverh\u00e4ltnis ist super.<\/li>\n<li>Eine nicht zu gro\u00dfe Anlage: Das Hotel besitzt 3 Etagen und 166 Zimmer.<\/li>\n<li>Sehr Famili\u00e4r: Die Mitarbeiter haben sich immer an meinen Namen und den Namen meiner Tochter erinnert!<\/li>\n<li>Klimaanlage<\/li>\n<li>Neues und Reformiertes Zimmer: Die Zimmer sind reformiert und die Reiningun verdient die Beste Bewertung<\/li>\n<\/ul>\n<p style=\"text-align: justify;\">Die Mitarbeiter des Hotels sahen mich immer mit meinem Laptop von einer Seite zur anderen rennen, bis mir ein Barman von der Bar neben dem Pool mitteilte welcher die Beste Zone zum arbeiten ist, und hat mir auch sofort ein Lik\u00f6r gebracht, den: Immer nur arbeiten w\u00e4hre ja auch nicht gut. Zu einem Hotel kommt man um zu entspannen. Berto, ein Barman mit vielen Talenten, wie zum Beispiel die Zubereitung von Paellas. Wenn man Ihn daran erinnert l\u00e4chelt er nerv\u00f6s.<\/p>\n<p>Hotels, Menschen, Menschen, Hotels&#8230;. Folgt Ihr mir?<\/p>\n<p>Die Bar von Hotel La Paz ist eine kleine Welt in sich.<\/p>\n<p>Emilio und Pedro erinnern sich an alle Gesichter Ihrer G\u00e4ste, und wenn ich einen &#8222;kleinen&#8220; Gin Tonic bestelle bekomme ich die Antwort: &#8222;Lassen Sie endlich den Labtop und gehen Sie zum Pool und entspannen Sie sich. Im Hotel gibt es keine Kontrollen also trinken Sie einen richtigen Gin Tonic. Die Beiden sind unglaublich!<\/p>\n<p>Und dann ist da auch noch Manolo. Er fing vor 14 Jahren als Page im Hotel La Paz an, als die Familie C\u00f3logan die Besitzer wahren. Mit Manolo hatte ich eine der herzlichsten Gespr\u00e4ch dieses Jahres.<\/p>\n<figure id=\"attachment_1178\" aria-describedby=\"caption-attachment-1178\" style=\"width: 690px\" class=\"wp-caption aligncenter\"><a href=\"http:\/\/www.webtenerife.de\/dasblog\/?attachment_id=1178\" rel=\"attachment wp-att-1178\"><img decoding=\"async\" class=\"size-full wp-image-1178\" title=\"Manolo - Barman Hotel La Paz - Puerto de la Cruz\" src=\"http:\/\/www.webtenerife.de\/dasblog\/wp-content\/uploads\/2012\/09\/Barman-Hotel-La-Paz-Puerto-de-la-Cruz.jpg\" alt=\"Manolo - Barman Hotel La Paz - Puerto de la Cruz\" width=\"690\" height=\"690\" srcset=\"https:\/\/www.webtenerife.de\/dasblog\/wp-content\/uploads\/2012\/09\/Barman-Hotel-La-Paz-Puerto-de-la-Cruz.jpg 690w, https:\/\/www.webtenerife.de\/dasblog\/wp-content\/uploads\/2012\/09\/Barman-Hotel-La-Paz-Puerto-de-la-Cruz-150x150.jpg 150w, https:\/\/www.webtenerife.de\/dasblog\/wp-content\/uploads\/2012\/09\/Barman-Hotel-La-Paz-Puerto-de-la-Cruz-300x300.jpg 300w\" sizes=\"(max-width: 690px) 100vw, 690px\" \/><\/a><figcaption id=\"caption-attachment-1178\" class=\"wp-caption-text\">Manolo - Barman Hotel La Paz - Puerto de la Cruz<\/figcaption><\/figure>\n<p style=\"text-align: justify;\">&#8211; Als das Hotel er\u00f6ffnet wurde, wurden alle Gl\u00e4ser und Tassen aus Porzellan, sowie auch die Teller und Blumenkr\u00fcge wurden mit dem Familienemblem bedruckt. Viele Jahre wurden dort die Besten Cocktails zubereitet. &#8211; Manolo ist ber\u00fchrt, mehrere Hotelg\u00e4ste h\u00f6ren sich seine Geschichte an und alle haben Knoten im Magen. Ihr versteht worauf ich heraus will, oder? Menschen. &#8211; Der Tee wird hier um 5 Uhr serviert mit einem kleinen W\u00e4gelchen mit Kuchen und Pasteten, mit einem Service welcher schwer zu finden ist: Elegant. Wir gingen zur Bar um ein paar Cocktails zum Pool zur bringen, verschiedene G\u00e4ste laden allen zur eine Runde ein. Das war nicht ungew\u00f6hnlich sondern schein in diesem Hotel normal zu sein.<\/p>\n<p>Spieler der Deutschen Fussball-Liga hatten damals ein Spiel in der Champions gegen Teneriffa, welche auch in der ersten Liga spielte. G\u00e4ste aus Deutschland ruften in dem Hotel an um Eintrittskarten zu bekommen, Manolo kaufte diese Eintrittskarten.<\/p>\n<p>Menschen, Hotels, Menschen&#8230;<\/p>\n<p>Sogar Julio Iglesias hat in unserer Diskothek gesugen erz\u00e4hlt uns der Barman Manolo aus dem Hotel La Paz in Puerto de la Cruz. Manolo ist wieder ber\u00fchrt und ich auch.<\/p>\n<p>Hotels, Geschichten, Menschen&#8230;<\/p>\n<p>An der Rezeption, Juan und Casimiro. &#8222;Ihre Tochter und Mann sind schon angekommen. Wir freuen uns Sie wieder zu sehen. Gehen Sie direkt ins Restaurant zum Abendessen, die Papiere k\u00f6nnen Sie uns sp\u00e4ter geben. Wir hoffen das Sie das n\u00e4chste Mal ein bisschen fr\u00fcher kommen k\u00f6nnen, es war ein wundersch\u00f6ner Tag!! &#8211; Sie wussten dass ich wegen der Arbeit erst sp\u00e4t kommen konnte.<\/p>\n<p>Der Speisesaal ist sehr gro\u00df, und Carmelo informiert mich: &#8222;Ihre Tochter hat alles aufgegessen. Ich habe es mit eigenen Augen gesehen. Ich glaube Sie geht sich gerade ein Eis aussuchen. Wir freuen uns Sie wieder zu sehen!&#8220;<\/p>\n<p>Und nach dem essen gehen wir in den Garten, ein kleines Paradies mit Striliezien, Palmen, Geranien, Bananen, ein echter Rasen, Jasmin und sogar ein paar Tabaiba, und viele Pflanzen und Blumen mehr. Ein Geschenk f\u00fcr die Sinne.<\/p>\n<figure id=\"attachment_1179\" aria-describedby=\"caption-attachment-1179\" style=\"width: 690px\" class=\"wp-caption aligncenter\"><a href=\"http:\/\/www.webtenerife.de\/dasblog\/?attachment_id=1179\" rel=\"attachment wp-att-1179\"><img decoding=\"async\" class=\"size-full wp-image-1179\" title=\"Hotel La Paz - Puerto de la Cruz\" src=\"http:\/\/www.webtenerife.de\/dasblog\/wp-content\/uploads\/2012\/09\/hotel-la-paz-Puert-de-la-cruz.jpg\" alt=\"Hotel La Paz - Puerto de la Cruz\" width=\"690\" height=\"690\" srcset=\"https:\/\/www.webtenerife.de\/dasblog\/wp-content\/uploads\/2012\/09\/hotel-la-paz-Puert-de-la-cruz.jpg 690w, https:\/\/www.webtenerife.de\/dasblog\/wp-content\/uploads\/2012\/09\/hotel-la-paz-Puert-de-la-cruz-150x150.jpg 150w, https:\/\/www.webtenerife.de\/dasblog\/wp-content\/uploads\/2012\/09\/hotel-la-paz-Puert-de-la-cruz-300x300.jpg 300w\" sizes=\"(max-width: 690px) 100vw, 690px\" \/><\/a><figcaption id=\"caption-attachment-1179\" class=\"wp-caption-text\">Hotel La Paz - Puerto de la Cruz<\/figcaption><\/figure>\n<p style=\"text-align: justify;\">Warum reserviere ich <strong>Hotel La Paz in Puerto de la Cruz<\/strong>?<\/p>\n<p>Wegen den Mitarbeiter dieses Hotels. Wenn du herkommst, wirst du es best\u00e4tigen.<\/p>\n<p>An alle Mitarbeiter des Hotel La Paz, alle die erw\u00e4hnt wurden und alle die ich nicht erw\u00e4hnt habe (ein paar Namen sind mir entgangen): Danke. Danke f\u00fcr Euren Service mit dem es Ihr schafft das sich alle G\u00e4ste wie zu Hause f\u00fchlen. Ihr seid sehr Professionell und wunderbare Menschen.<\/p>\n<p style=\"text-align: justify;\">&#8212;<\/p>\n<p style=\"text-align: justify;\"><span style=\"text-decoration: underline;\"><em>Arantxa<\/em><\/span><\/p>\n","protected":false},"excerpt":{"rendered":"<p>Diesen Satz habe ich in einer Hotelbewertung in TripAdvisor gelesen, und ich fand es super. Sp\u00e4ter werde ich Euch erkl\u00e4ren warum. Die letzte Woche habe ich ein paar Tage im Hotel La Paz, in Puerto de la Cruz, verbracht. Um ehrlich zu sein habe ich in diesem Sommer schon 3 [&hellip;]<\/p>\n","protected":false},"author":1,"featured_media":0,"comment_status":"open","ping_status":"open","sticky":false,"template":"","format":"standard","meta":{"footnotes":""},"categories":[63,1],"tags":[260],"class_list":["post-1181","post","type-post","status-publish","format-standard","hentry","category-hotels","category-verschiedenes","tag-hotel-puerto-de-la-cruz"],"_links":{"self":[{"href":"https:\/\/www.webtenerife.de\/dasblog\/wp-json\/wp\/v2\/posts\/1181","targetHints":{"allow":["GET"]}}],"collection":[{"href":"https:\/\/www.webtenerife.de\/dasblog\/wp-json\/wp\/v2\/posts"}],"about":[{"href":"https:\/\/www.webtenerife.de\/dasblog\/wp-json\/wp\/v2\/types\/post"}],"author":[{"embeddable":true,"href":"https:\/\/www.webtenerife.de\/dasblog\/wp-json\/wp\/v2\/users\/1"}],"replies":[{"embeddable":true,"href":"https:\/\/www.webtenerife.de\/dasblog\/wp-json\/wp\/v2\/comments?post=1181"}],"version-history":[{"count":6,"href":"https:\/\/www.webtenerife.de\/dasblog\/wp-json\/wp\/v2\/posts\/1181\/revisions"}],"predecessor-version":[{"id":1187,"href":"https:\/\/www.webtenerife.de\/dasblog\/wp-json\/wp\/v2\/posts\/1181\/revisions\/1187"}],"wp:attachment":[{"href":"https:\/\/www.webtenerife.de\/dasblog\/wp-json\/wp\/v2\/media?parent=1181"}],"wp:term":[{"taxonomy":"category","embeddable":true,"href":"https:\/\/www.webtenerife.de\/dasblog\/wp-json\/wp\/v2\/categories?post=1181"},{"taxonomy":"post_tag","embeddable":true,"href":"https:\/\/www.webtenerife.de\/dasblog\/wp-json\/wp\/v2\/tags?post=1181"}],"curies":[{"name":"wp","href":"https:\/\/api.w.org\/{rel}","templated":true}]}}