{"id":1160,"date":"2012-08-21T22:02:58","date_gmt":"2012-08-21T21:02:58","guid":{"rendered":"http:\/\/blog.webtenerife.de\/?p=1160"},"modified":"2012-08-21T22:04:56","modified_gmt":"2012-08-21T21:04:56","slug":"bierfest-in-puerto-de-la-cruz-teneriffa","status":"publish","type":"post","link":"https:\/\/www.webtenerife.de\/dasblog\/2012\/08\/bierfest-in-puerto-de-la-cruz-teneriffa\/","title":{"rendered":"Bierfest in Puerto de la Cruz und vieles mehr"},"content":{"rendered":"<p>Ich warne dich vorab: Es handelt sich um das Beste<strong> Bierfest auf Teneriffa.<\/strong><\/p>\n<p><a href=\"http:\/\/www.webtenerife.de\/dasblog\/?attachment_id=1163\" rel=\"attachment wp-att-1163\"><img fetchpriority=\"high\" decoding=\"async\" class=\"aligncenter size-medium wp-image-1163\" title=\"Bayrische Woche Puerto de la Cruz - Teneriffa\" src=\"http:\/\/www.webtenerife.de\/dasblog\/wp-content\/uploads\/2012\/08\/Bayrische-Woche-Puerto-de-la-Cruz-Teneriffa-300x224.jpg\" alt=\"Bayrische Woche Puerto de la Cruz - Teneriffa\" width=\"300\" height=\"224\" srcset=\"https:\/\/www.webtenerife.de\/dasblog\/wp-content\/uploads\/2012\/08\/Bayrische-Woche-Puerto-de-la-Cruz-Teneriffa-300x224.jpg 300w, https:\/\/www.webtenerife.de\/dasblog\/wp-content\/uploads\/2012\/08\/Bayrische-Woche-Puerto-de-la-Cruz-Teneriffa.jpg 433w\" sizes=\"(max-width: 300px) 100vw, 300px\" \/><\/a><\/p>\n<p>Du darfst diese Feier auf keinen Fall verpassen.<\/p>\n<p>Von dem 22. August bis zum 1. September in Puerto de la Cruz findet die <strong><a title=\"Programm Bayrische Woche Puerto de la Cruz - Teneriffa\" href=\"http:\/\/citpuerto.com\/descargas\/es\/semana_bavara_2012.pdf\" target=\"_blank\">Bayrische Woche<\/a><\/strong> statt, eine einzigartige Feier die dieses Jahr Ihre 39. Edition feiert.<\/p>\n<p>In dem Programm werdet Ihr sehen dass die Band &#8222;Die Lustigen Egerl\u00e4nder&#8220; kostenlose Auftritte in folgenden Orten bietet:<\/p>\n<ul>\n<li>Lago Marti\u00e1nez<\/li>\n<li>Plaza del Charco<\/li>\n<li>Avd.Col\u00f3n<\/li>\n<\/ul>\n<p>Am 1. September um 19.00 Uhr ist der Haupttag von dem <strong>Bierfest in Puerto de la Cruz.<\/strong><\/p>\n<p>Der Eintritt in den geschlossenen Bereich kostet 10 \u20ac und f\u00fcr diesen Preis erh\u00e4ltst du:<\/p>\n<ul>\n<li>Ein Getr\u00e4nk<\/li>\n<li>Ein Teller mit einem typischen deutschen Gericht<\/li>\n<li>Einmal drinnen, kostet ein Bierkrug ca. 2 \u20ac und das Essen betr\u00e4gt ein Preis von 1\u20ac &#8211; 2\u20ac<\/li>\n<\/ul>\n<p>Au\u00dferdem nimmst du so an verschiedenen Verlosungen teil, mit Preisen wie Aufenthalte im <a title=\"Hotel Costa Adeje - Hotel Fanabe Costa Sur\" href=\"http:\/\/www.gfhoteles.com\/de\/hotel-fanabe-costasur.html#contenido\">Hotel Fa\u00f1abe<\/a> und <a title=\"Hotel Puerto de la Cruz - Hotel Noelia Playa\" href=\"http:\/\/www.gfhoteles.com\/de\/noelia-playa.html#contenido\">Hotel Noelia<\/a>, Freizeitparks, Foto Kamera, etc&#8230;<br \/>\nWenn du August in Puerto de la Cruz verbringst hast du viele M\u00f6glichkeiten:<\/p>\n<p>Spazieren gehen, du brauchst keine spezielle Richtung einschlagen, nur den Blick nach oben wenden um unsere Kanarischen Balkons zu bewundern. Wenn du gerne fotografierst, wirst du Stunden und Stunden damit verbringen k\u00f6nnen.<br \/>\nEine weitere M\u00f6glichkeit ist, wenn du dein Brett mitbringst, Body Board in Playa Jardin zu machen. Das Meer ist perfekt daf\u00fcr!<br \/>\nOder auch einen Nachttauchgang im Simplon Reef.<br \/>\nNutze die Chance um Vicky kennen zu lernen, einer der J\u00fcngestn Mitglieder der Familie Loro Parque. Wir alle sind ihr schon verfallen.<\/p>\n<p><iframe title=\"Nacimiento de Vicky - Loro Parque\" width=\"700\" height=\"394\" src=\"https:\/\/www.youtube.com\/embed\/2LlA-Xtnlm4?feature=oembed\" frameborder=\"0\" allow=\"accelerometer; autoplay; encrypted-media; gyroscope; picture-in-picture\" allowfullscreen><\/iframe><\/p>\n<p><strong>Wo kann man am Besten Essen w\u00e4hrend dem Bierfest in Puerto de la Cruz?<\/strong><\/p>\n<p><strong><\/strong><a href=\"http:\/\/www.webtenerife.de\/dasblog\/?attachment_id=1158\" rel=\"attachment wp-att-1158\"><img decoding=\"async\" class=\"aligncenter size-medium wp-image-1158\" title=\"Fisch Restaurant Puerto de la Cruz Teneriffa - Cofrad\u00eda de Pescadores\" src=\"http:\/\/www.webtenerife.de\/dasblog\/wp-content\/uploads\/2012\/08\/Fisch-Restaurant-Puerto-de-la-Cruz-Teneriffa-300x300.jpg\" alt=\"Fisch Restaurant Puerto de la Cruz Teneriffa - Cofrad\u00eda de Pescadores\" width=\"300\" height=\"300\" srcset=\"https:\/\/www.webtenerife.de\/dasblog\/wp-content\/uploads\/2012\/08\/Fisch-Restaurant-Puerto-de-la-Cruz-Teneriffa-300x300.jpg 300w, https:\/\/www.webtenerife.de\/dasblog\/wp-content\/uploads\/2012\/08\/Fisch-Restaurant-Puerto-de-la-Cruz-Teneriffa-150x150.jpg 150w, https:\/\/www.webtenerife.de\/dasblog\/wp-content\/uploads\/2012\/08\/Fisch-Restaurant-Puerto-de-la-Cruz-Teneriffa.jpg 404w\" sizes=\"(max-width: 300px) 100vw, 300px\" \/><\/a><br \/>\nIch war vor Kurzem in der Fischer-Genossenschaft und es war fantastisch.<\/p>\n<p>Ein leckerer k\u00fchler Wein auf der Terrasse, Muscheln, Kartoffeln und &#8230; den Rest musst du selber entdecken.<\/p>\n<p><strong>Wo kann man am besten die Nacht in Puerto de la Cruz verbringen?<\/strong><\/p>\n<p><strong><\/strong><a href=\"http:\/\/www.webtenerife.de\/dasblog\/?attachment_id=1159\" rel=\"attachment wp-att-1159\"><img decoding=\"async\" class=\"aligncenter size-medium wp-image-1159\" title=\"Billiges Hotel Puerto de la Cruz - Teneriffa\" src=\"http:\/\/www.webtenerife.de\/dasblog\/wp-content\/uploads\/2012\/08\/billiges-hotel-puerto-de-la-cruz-teneriffa-300x300.jpg\" alt=\"Billiges Hotel Puerto de la Cruz - Teneriffa\" width=\"300\" height=\"300\" srcset=\"https:\/\/www.webtenerife.de\/dasblog\/wp-content\/uploads\/2012\/08\/billiges-hotel-puerto-de-la-cruz-teneriffa-300x300.jpg 300w, https:\/\/www.webtenerife.de\/dasblog\/wp-content\/uploads\/2012\/08\/billiges-hotel-puerto-de-la-cruz-teneriffa-150x150.jpg 150w, https:\/\/www.webtenerife.de\/dasblog\/wp-content\/uploads\/2012\/08\/billiges-hotel-puerto-de-la-cruz-teneriffa.jpg 404w\" sizes=\"(max-width: 300px) 100vw, 300px\" \/><\/a><br \/>\nEin Super Angebot hast du in<a title=\"Hotel Puerto de la Cruz - Hotel Noelia Playa\" href=\"http:\/\/www.gfhoteles.com\/de\/noelia-playa.html#contenido\"> Hotel Noelia<\/a>, au\u00dferdem ist es perfekt ausgestattet, mit einem Pool auf der Dachterrasse und die Zimmer verf\u00fcgen \u00fcber K\u00fcche. In nur ca. 7 Minuten bist du auf dem Bierfest in Puerto de la Cruz, und nur 150 Meter entfernt befindet sich die Bushaltestelle. Die Buslinien von TITSA sind die 101, 102 und 103. Und nur 200 Meter entfernt befindet sich der wundersch\u00f6ne Strand Playa Jardin. Bequemer, billiger und besser gelegen findest du kein Hotel.<\/p>\n<p>Sehen wir uns in Puerto de la Cruz? Auf jeden Fall! Wir sehen uns in Puerto de la Cruz<\/p>\n","protected":false},"excerpt":{"rendered":"<p>Ich warne dich vorab: Es handelt sich um das Beste Bierfest auf Teneriffa. Du darfst diese Feier auf keinen Fall verpassen. Von dem 22. August bis zum 1. September in Puerto de la Cruz findet die Bayrische Woche statt, eine einzigartige Feier die dieses Jahr Ihre 39. Edition feiert. In [&hellip;]<\/p>\n","protected":false},"author":1,"featured_media":0,"comment_status":"open","ping_status":"open","sticky":false,"template":"","format":"standard","meta":{"footnotes":""},"categories":[34,145,1],"tags":[258,259,217,229],"class_list":["post-1160","post","type-post","status-publish","format-standard","hentry","category-kultur","category-nightlife","category-verschiedenes","tag-bayrische-woche-puerto-de-la-cruz","tag-bierfest-puerto-de-la-cruz","tag-puerto-de-la-cruz","tag-teneriffa"],"_links":{"self":[{"href":"https:\/\/www.webtenerife.de\/dasblog\/wp-json\/wp\/v2\/posts\/1160","targetHints":{"allow":["GET"]}}],"collection":[{"href":"https:\/\/www.webtenerife.de\/dasblog\/wp-json\/wp\/v2\/posts"}],"about":[{"href":"https:\/\/www.webtenerife.de\/dasblog\/wp-json\/wp\/v2\/types\/post"}],"author":[{"embeddable":true,"href":"https:\/\/www.webtenerife.de\/dasblog\/wp-json\/wp\/v2\/users\/1"}],"replies":[{"embeddable":true,"href":"https:\/\/www.webtenerife.de\/dasblog\/wp-json\/wp\/v2\/comments?post=1160"}],"version-history":[{"count":6,"href":"https:\/\/www.webtenerife.de\/dasblog\/wp-json\/wp\/v2\/posts\/1160\/revisions"}],"predecessor-version":[{"id":1168,"href":"https:\/\/www.webtenerife.de\/dasblog\/wp-json\/wp\/v2\/posts\/1160\/revisions\/1168"}],"wp:attachment":[{"href":"https:\/\/www.webtenerife.de\/dasblog\/wp-json\/wp\/v2\/media?parent=1160"}],"wp:term":[{"taxonomy":"category","embeddable":true,"href":"https:\/\/www.webtenerife.de\/dasblog\/wp-json\/wp\/v2\/categories?post=1160"},{"taxonomy":"post_tag","embeddable":true,"href":"https:\/\/www.webtenerife.de\/dasblog\/wp-json\/wp\/v2\/tags?post=1160"}],"curies":[{"name":"wp","href":"https:\/\/api.w.org\/{rel}","templated":true}]}}