{"id":1143,"date":"2012-07-02T18:37:16","date_gmt":"2012-07-02T17:37:16","guid":{"rendered":"http:\/\/blog.webtenerife.de\/?p=1143"},"modified":"2012-08-17T18:48:36","modified_gmt":"2012-08-17T17:48:36","slug":"strande-mit-blauer-flagge-auf-teneriffa","status":"publish","type":"post","link":"https:\/\/www.webtenerife.de\/dasblog\/2012\/07\/strande-mit-blauer-flagge-auf-teneriffa\/","title":{"rendered":"Str\u00e4nde mit Blauer Flagge auf Teneriffa"},"content":{"rendered":"<p><a href=\"http:\/\/www.webtenerife.de\/dasblog\/?attachment_id=1142\" rel=\"attachment wp-att-1142\"><img fetchpriority=\"high\" decoding=\"async\" class=\"aligncenter size-full wp-image-1142\" title=\"Str\u00e4nde auf Teneriffa mit Blauer Flagge\" src=\"http:\/\/www.webtenerife.de\/dasblog\/wp-content\/uploads\/2012\/08\/Strand-Teneriffa-Blaue-Flagge.jpg\" alt=\"Str\u00e4nde auf Teneriffa mit Blauer Flagge\" width=\"690\" height=\"460\" srcset=\"https:\/\/www.webtenerife.de\/dasblog\/wp-content\/uploads\/2012\/08\/Strand-Teneriffa-Blaue-Flagge.jpg 690w, https:\/\/www.webtenerife.de\/dasblog\/wp-content\/uploads\/2012\/08\/Strand-Teneriffa-Blaue-Flagge-300x200.jpg 300w\" sizes=\"(max-width: 690px) 100vw, 690px\" \/><\/a><\/p>\n<p style=\"text-align: center;\">Troya Strand<\/p>\n<p>Endlich ist der Sommer da und wer denkt nicht daran die Str\u00e4nde von Teneriffa zu genie\u03b2en.<\/p>\n<p>Sandburgen bauen, mit der Schaufel im Sand spielen, Sonnenbaden um die perfekte Br\u00e4une zu erreichen und uns tausend Mal baden um uns in den w\u00e4rmsten Tagen des Jahres abzuk\u00fchlen. Das alles sind nur ein paar Sachen die du auf Teneriffa machen kannst.<\/p>\n<p>Zum Gl\u00fcck hat die K\u00fcste von Teneriffa einen sehr guten Ruf, und dieses Jahr z\u00e4hlen wir mit mehr Str\u00e4nden die mit der Blauen Flagge ausgezeichnet wurden.<\/p>\n<p>Die Str\u00e4nde von Teneriffa sauber zu halten ist nicht nur wichtig f\u00fcr die Inseleinwohner oder Besucher, den wir d\u00fcrfen nicht vergessen das wir durch unseren Klima eine bevorzugte Insel sind und unsere Str\u00e4nde nat\u00fcrliche Ressourcen sind die wir pflegen und h\u00fcten m\u00fcssen.<\/p>\n<p>Um mit der Blauen Flagge ausgezeichnet zu werden m\u00fcssen unteranderem folgende <a title=\"Kriterien Blaue Flagge\" href=\"http:\/\/www.blueflag.org\/\" target=\"_blank\">Kriterien<\/a> erf\u00fcllt werden:<\/p>\n<p>\u00b7 \u00a0\u00a0\u00a0\u00a0\u00a0\u00a0\u00a0\u00a0Information und Umwelterziehung<br \/>\n\u00b7 \u00a0\u00a0\u00a0\u00a0\u00a0\u00a0\u00a0\u00a0Wasserqualit\u00e4t<br \/>\n\u00b7 \u00a0\u00a0\u00a0\u00a0\u00a0\u00a0\u00a0\u00a0Umweltmanagement<br \/>\n\u00b7 \u00a0\u00a0\u00a0\u00a0\u00a0\u00a0\u00a0\u00a0Sicherheit und Service<strong><strong><br \/>\n<\/strong><\/strong><\/p>\n<p style=\"text-align: center;\"><strong><strong>Str\u00e4nde mit Blauer Flagge auf Teneriffa<\/strong><\/strong><\/p>\n<p><strong><strong>Granadilla:<br \/>\n<\/strong><\/strong><\/p>\n<ul>\n<li>El M\u00e9dano<\/li>\n<li>La Jaquita<\/li>\n<li>La Tejita<\/li>\n<\/ul>\n<p><strong><strong><a title=\"Costa Adeje\" href=\"http:\/\/www.costa-adeje.es\/public_de\/pag_inicio.asp?idioma=2\" target=\"_blank\">Adeje:<\/a><br \/>\n<\/strong><\/strong><\/p>\n<ul>\n<li>Troya I y II<\/li>\n<li><a title=\"Playa Fa\u00f1abe - Strand auf Teneriffa\" href=\"http:\/\/blog.gfhoteles.com\/deutsch\/2012\/04\/20\/strande-auf-teneriffa-%E2%80%93-fanabe-strand-in-costa-adeje\/\" target=\"_blank\">Fa\u00f1ab\u00e9<\/a><\/li>\n<li><a title=\"Bahia del Duque Strand - Strand auf Teneriffa\" href=\"http:\/\/blog.gfhoteles.com\/deutsch\/2012\/05\/15\/strand-auf-teneriffa-bahia-del-duque-strand-in-teneriffa-sud\/\" target=\"_blank\">El Duque<\/a><\/li>\n<\/ul>\n<p><strong><strong>Arona:<br \/>\n<\/strong><\/strong><\/p>\n<ul>\n<li>El Camis\u00f3n<\/li>\n<li>Las Vistas<\/li>\n<li>Los Cristianos<\/li>\n<\/ul>\n<p><strong><strong>Santiago del Teide:<br \/>\n<\/strong><\/strong><\/p>\n<ul>\n<li>La Arena<\/li>\n<\/ul>\n<p><strong><strong>La Laguna:<br \/>\n<\/strong><\/strong><\/p>\n<ul>\n<li>El Arenisco<\/li>\n<\/ul>\n<p><strong><strong>Los Realejos:<br \/>\n<\/strong><\/strong><\/p>\n<ul>\n<li>El Socorro<\/li>\n<\/ul>\n<p><strong><strong>Puerto de la Cruz:<br \/>\n<\/strong><\/strong><\/p>\n<ul>\n<li>Playa Jard\u00edn<\/li>\n<li>San Telmo<\/li>\n<\/ul>\n<p><strong><strong>Tacoronte:<br \/>\n<\/strong><\/strong><\/p>\n<ul>\n<li>La arena-mesa del Mar<\/li>\n<\/ul>\n<p><strong><strong>Gu\u00eda de Isora:<br \/>\n<\/strong><\/strong><\/p>\n<ul>\n<li>San Juan<\/li>\n<\/ul>\n<p><strong id=\"internal-source-marker_0.38888356531970203\"><br \/>\n<\/strong>Das sind, laut der ADEAC Organisation, die Besten Str\u00e4nde von Teneriffa.<\/p>\n<p>Auf Teneriffa gibt es viele verschiedene Str\u00e4nde, ein Strand f\u00fcr jeden Geschmack, f\u00fcr Windsurf und Surf, oder auch <a title=\"FKK Str\u00e4nde auf Teneriffa\" href=\"http:\/\/blog.gfhoteles.com\/deutsch\/2012\/04\/13\/fkk-strande-auf-teneriffa\/\" target=\"_blank\">FKK Str\u00e4nde auf Teneriffa.<\/a><\/p>\n<p>Jetzt brauchst du also nur noch dein<a title=\"Teneriffa Hotels - Ausgezeichnet von HolidayCheck und TripAdvisor\" href=\"http:\/\/www.webtenerife.de\/dasblog\/2012\/07\/teneriffa-hotels-ausgezeichnet-von-tripadvisor-und-holidaycheck-user\/\" target=\"_blank\"> Hotel auf Teneriffa zu w\u00e4hlen<\/a>. Wir schlagen dir verschiedene Hotels vor, welche eine Hohe Bewertung in HolidayCheck, TripAdvisor oder auch Zoover erhalten haben.<br \/>\nWelcher ist dein Lieblingsstrand?<\/p>\n","protected":false},"excerpt":{"rendered":"<p>Troya Strand Endlich ist der Sommer da und wer denkt nicht daran die Str\u00e4nde von Teneriffa zu genie\u03b2en. Sandburgen bauen, mit der Schaufel im Sand spielen, Sonnenbaden um die perfekte Br\u00e4une zu erreichen und uns tausend Mal baden um uns in den w\u00e4rmsten Tagen des Jahres abzuk\u00fchlen. Das alles sind [&hellip;]<\/p>\n","protected":false},"author":1,"featured_media":0,"comment_status":"open","ping_status":"open","sticky":false,"template":"","format":"standard","meta":{"footnotes":""},"categories":[7,11],"tags":[254,229],"class_list":["post-1143","post","type-post","status-publish","format-standard","hentry","category-natur","category-strande","tag-strande-teneriffa","tag-teneriffa"],"_links":{"self":[{"href":"https:\/\/www.webtenerife.de\/dasblog\/wp-json\/wp\/v2\/posts\/1143","targetHints":{"allow":["GET"]}}],"collection":[{"href":"https:\/\/www.webtenerife.de\/dasblog\/wp-json\/wp\/v2\/posts"}],"about":[{"href":"https:\/\/www.webtenerife.de\/dasblog\/wp-json\/wp\/v2\/types\/post"}],"author":[{"embeddable":true,"href":"https:\/\/www.webtenerife.de\/dasblog\/wp-json\/wp\/v2\/users\/1"}],"replies":[{"embeddable":true,"href":"https:\/\/www.webtenerife.de\/dasblog\/wp-json\/wp\/v2\/comments?post=1143"}],"version-history":[{"count":1,"href":"https:\/\/www.webtenerife.de\/dasblog\/wp-json\/wp\/v2\/posts\/1143\/revisions"}],"predecessor-version":[{"id":1144,"href":"https:\/\/www.webtenerife.de\/dasblog\/wp-json\/wp\/v2\/posts\/1143\/revisions\/1144"}],"wp:attachment":[{"href":"https:\/\/www.webtenerife.de\/dasblog\/wp-json\/wp\/v2\/media?parent=1143"}],"wp:term":[{"taxonomy":"category","embeddable":true,"href":"https:\/\/www.webtenerife.de\/dasblog\/wp-json\/wp\/v2\/categories?post=1143"},{"taxonomy":"post_tag","embeddable":true,"href":"https:\/\/www.webtenerife.de\/dasblog\/wp-json\/wp\/v2\/tags?post=1143"}],"curies":[{"name":"wp","href":"https:\/\/api.w.org\/{rel}","templated":true}]}}