{"id":1116,"date":"2012-08-17T17:05:35","date_gmt":"2012-08-17T16:05:35","guid":{"rendered":"http:\/\/blog.webtenerife.de\/?p=1116"},"modified":"2012-08-17T17:05:44","modified_gmt":"2012-08-17T16:05:44","slug":"brand-teneriffa-2012-mitteilung-turismo-de-tenerife","status":"publish","type":"post","link":"https:\/\/www.webtenerife.de\/dasblog\/2012\/08\/brand-teneriffa-2012-mitteilung-turismo-de-tenerife\/","title":{"rendered":"Brand Teneriffa 2012 &#8211; Mitteilung Turismo de Tenerife"},"content":{"rendered":"<p><em><strong>Normalit\u00e4t in den Urlaubsorten auf Teneriffa<\/strong><\/em><\/p>\n<p><a href=\"http:\/\/www.webtenerife.de\/dasblog\/?attachment_id=1117\" rel=\"attachment wp-att-1117\"><img fetchpriority=\"high\" decoding=\"async\" class=\"aligncenter size-full wp-image-1117\" title=\"Brand-Teneriffa-August-2012\" src=\"http:\/\/www.webtenerife.de\/dasblog\/wp-content\/uploads\/2012\/08\/Brand-Teneriffa-August-20121.jpg\" alt=\"\" width=\"690\" height=\"690\" srcset=\"https:\/\/www.webtenerife.de\/dasblog\/wp-content\/uploads\/2012\/08\/Brand-Teneriffa-August-20121.jpg 690w, https:\/\/www.webtenerife.de\/dasblog\/wp-content\/uploads\/2012\/08\/Brand-Teneriffa-August-20121-150x150.jpg 150w, https:\/\/www.webtenerife.de\/dasblog\/wp-content\/uploads\/2012\/08\/Brand-Teneriffa-August-20121-300x300.jpg 300w\" sizes=\"(max-width: 690px) 100vw, 690px\" \/><\/a><br \/>\nDie Br\u00e4nde die in den letzten Tagen entstanden sind betreffen sehr konkrete Bergzonen der Insel und sind alle stabilisiert.<\/p>\n<p>Es herrscht Normalit\u00e4t auf Teneriffa und in den Urlaubsorten, welche sich an den K\u00fcsten der Insel befinden, mehrere Kilometer entfernt von den Brandzonen. Das Cabildo der Insel Teneriffa und Turismo de Tenerife erl\u00e4utern des weiteren das alle Brande stabilisiert sind und die Infrastrukturen der Insel sowie Strassen, H\u00e4fen und Flugh\u00e4fen mit absoluter Normalit\u00e4t funktionieren.<\/p>\n<p>Deswegen reisen Urlauber ohne \u00a0weitere Ereignisse auf Teneriffa an um Ihren Urlaub hier zu verbringen. Des weiteren informieren wir alle Urlauber die in den n\u00e4chsten Tagen anreisen werden, das wie immer Ruhe und Sicherheit auf Teneriffa gesichert sind. Alle Urlaubs-Attraktionen, Freizeitparks, Str\u00e4nde, Berge und Wanderwege sind inbegriffen und befindet sich operativ und stehen zur kompletten Verf\u00fcgung f\u00fcr lokale Besucher und Urlauber.<\/p>\n<p>Die Br\u00e4nde, welche in der Mehrzahl nur wenige Hektar der Waldfl\u00e4che betroffen haben, entz\u00fcndeten in verschiedene Ortsteile der Insel, in der oberen Zonen der Gemeinden La Orotava, Los Realejos und El Rosario.<\/p>\n<p>Die Schnelle Handlung der Techniker und Helfer von folgenden Institutionen:<\/p>\n<ul>\n<li>Stadtrat<\/li>\n<li>Teide Nationalpark<\/li>\n<li>Feuerwehrm\u00e4nner<\/li>\n<li>Milit\u00e4rische Noteinheit<\/li>\n<li>Landespolizei<\/li>\n<li>Kanarischer Notfall-Service<\/li>\n<li>Rote Kreuz<\/li>\n<li>Zivilschutz und die<\/li>\n<li>Ortspolizei<\/li>\n<\/ul>\n<p>sowie auch die Unterst\u00fctzung von mehreren Helikoptern und L\u00f6schflugzeugen, haben es erm\u00f6glicht die betroffenen Stellen von dem Brand zu reduzieren, sowie auch das keine Menschen verletzt wurden. Als Vorsichtsma\u00dfnahmen wurden vor wenigen Tagen mehrere Personen in dem Brand in El Tanque evakuiert, welche wenige Stunden sp\u00e4ter wieder zu Ihren H\u00e4usern zur\u00fcckkehren konnten.<\/p>\n<p>Das Cabildo der Insel und Turismo de Tenerife bitten nur Informationen \u00fcber die Br\u00e4nde von offiziellen Quellen zu beachten, daf\u00fcr steht den Interessierten folgende Webseite zu Verf\u00fcgung: www.blog.webtenerife.de<strong id=\"internal-source-marker_0.9586897583212703\"><br \/>\n<\/strong><\/p>\n","protected":false},"excerpt":{"rendered":"<p>Normalit\u00e4t in den Urlaubsorten auf Teneriffa Die Br\u00e4nde die in den letzten Tagen entstanden sind betreffen sehr konkrete Bergzonen der Insel und sind alle stabilisiert. Es herrscht Normalit\u00e4t auf Teneriffa und in den Urlaubsorten, welche sich an den K\u00fcsten der Insel befinden, mehrere Kilometer entfernt von den Brandzonen. Das Cabildo [&hellip;]<\/p>\n","protected":false},"author":1,"featured_media":0,"comment_status":"open","ping_status":"open","sticky":false,"template":"","format":"standard","meta":{"footnotes":""},"categories":[1],"tags":[229,249],"class_list":["post-1116","post","type-post","status-publish","format-standard","hentry","category-verschiedenes","tag-teneriffa","tag-waldbrand-teneriffa"],"_links":{"self":[{"href":"https:\/\/www.webtenerife.de\/dasblog\/wp-json\/wp\/v2\/posts\/1116","targetHints":{"allow":["GET"]}}],"collection":[{"href":"https:\/\/www.webtenerife.de\/dasblog\/wp-json\/wp\/v2\/posts"}],"about":[{"href":"https:\/\/www.webtenerife.de\/dasblog\/wp-json\/wp\/v2\/types\/post"}],"author":[{"embeddable":true,"href":"https:\/\/www.webtenerife.de\/dasblog\/wp-json\/wp\/v2\/users\/1"}],"replies":[{"embeddable":true,"href":"https:\/\/www.webtenerife.de\/dasblog\/wp-json\/wp\/v2\/comments?post=1116"}],"version-history":[{"count":3,"href":"https:\/\/www.webtenerife.de\/dasblog\/wp-json\/wp\/v2\/posts\/1116\/revisions"}],"predecessor-version":[{"id":1120,"href":"https:\/\/www.webtenerife.de\/dasblog\/wp-json\/wp\/v2\/posts\/1116\/revisions\/1120"}],"wp:attachment":[{"href":"https:\/\/www.webtenerife.de\/dasblog\/wp-json\/wp\/v2\/media?parent=1116"}],"wp:term":[{"taxonomy":"category","embeddable":true,"href":"https:\/\/www.webtenerife.de\/dasblog\/wp-json\/wp\/v2\/categories?post=1116"},{"taxonomy":"post_tag","embeddable":true,"href":"https:\/\/www.webtenerife.de\/dasblog\/wp-json\/wp\/v2\/tags?post=1116"}],"curies":[{"name":"wp","href":"https:\/\/api.w.org\/{rel}","templated":true}]}}