{"id":1110,"date":"2012-08-16T18:40:08","date_gmt":"2012-08-16T17:40:08","guid":{"rendered":"http:\/\/blog.webtenerife.de\/?p=1110"},"modified":"2012-08-16T18:40:23","modified_gmt":"2012-08-16T17:40:23","slug":"waldbrand-la-gomera-offizielle-mitteilung-tourismusbehorde-la-gomera","status":"publish","type":"post","link":"https:\/\/www.webtenerife.de\/dasblog\/2012\/08\/waldbrand-la-gomera-offizielle-mitteilung-tourismusbehorde-la-gomera\/","title":{"rendered":"Waldbrand La Gomera &#8211; Offizielle Mitteilung Tourismusbeh\u00f6rde La Gomera"},"content":{"rendered":"<figure id=\"attachment_1109\" aria-describedby=\"caption-attachment-1109\" style=\"width: 690px\" class=\"wp-caption aligncenter\"><a href=\"http:\/\/www.webtenerife.de\/dasblog\/?attachment_id=1109\" rel=\"attachment wp-att-1109\"><img fetchpriority=\"high\" decoding=\"async\" class=\"size-large wp-image-1109\" title=\"La Gomera Waldbrand\" src=\"http:\/\/www.webtenerife.de\/dasblog\/wp-content\/uploads\/2012\/08\/La-Gomera-Waldbrand-2012-690x433.jpg\" alt=\"La Gomera Waldbrand\" width=\"690\" height=\"433\" srcset=\"https:\/\/www.webtenerife.de\/dasblog\/wp-content\/uploads\/2012\/08\/La-Gomera-Waldbrand-2012-690x433.jpg 690w, https:\/\/www.webtenerife.de\/dasblog\/wp-content\/uploads\/2012\/08\/La-Gomera-Waldbrand-2012-300x188.jpg 300w, https:\/\/www.webtenerife.de\/dasblog\/wp-content\/uploads\/2012\/08\/La-Gomera-Waldbrand-2012.jpg 800w\" sizes=\"(max-width: 690px) 100vw, 690px\" \/><\/a><figcaption id=\"caption-attachment-1109\" class=\"wp-caption-text\">La Gomera Waldbrand<\/figcaption><\/figure>\n<p><em><strong>Offizielle Mitteilung der Tourismusbeh\u00f6rde von dem La Gomera Stadtrat<\/strong><\/em><\/p>\n<p>Der <strong>Waldbrand<\/strong> betrifft nicht den nachhaltigen und aktiven Tourismus, welcher die Insel La Gomera so von anderen unterscheidet, dank des Weltweit einzigartigen Natur-Reichtum welches sich auf dieser Insel befindet.<\/p>\n<p>In Bezug auf die Gr\u00f6\u00dfe von dem\u00a0<strong>Waldbrand auf La Gomer<\/strong>a welche \u00fcbermittelt wurde, stimmt es das der \u00d6kologische Schaden sehr bedeutend ist, aber<strong> es ist zu betonen dass eine weitgehende Ausdehnung von dem Naturpark unbesch\u00e4digt bleib<\/strong>t, mit allen verschiedenen Einrichtungen die sich in den Park befinden (Rastpl\u00e4tzen, Aussichtspunten, Wanderwege, Freizeitzonen und das Besucher-Zentrum), sowie auch das \u00d6kosystem, welches in Sicherheit ist. Wichtige Zonen von dem Laurisilva-Wald befinden sich in perfekten Konditionen um von Besuchern bewundert und besucht zu werden.<\/p>\n<p>Der Garajonay Nationalpark, Weltnaturerbe, sowie auch andere Zonen werden sobald der Brand erl\u00f6scht, der Schaden bewertet und die betroffenen Zonen wieder hergestellt sind, wieder er\u00f6ffnet werden.<\/p>\n<p>Andererseits als Alternative f\u00fcr den Besuch von dem Garajonay Nationalpark ist daran zu erinnern dass die Insel La Gomera den Urlaubern verschiedene Aktivit\u00e4ten und auch Unterhaltung bietet, sowie alle Meeresbezogene Aktivit\u00e4ten, Wal und Delphinbeobachtung in Ihrer nat\u00fcrlichen Umgebung, die Kliffen &#8222;Los \u00d3rganos\u201d, und vieles mehr.<\/p>\n<p>Die Bewohner der Insel La Gomera, sowie auch dessen Besucher verhalten sich in diesem sehr schweren Momenten vorteilhaft, und zeigen eine sehr gro\u00dfe St\u00e4rke mit den Blick auf die Zukunft gerichtet um mit vereinten Kr\u00e4ften die einzigartige Sch\u00f6nheit dieser Insel wiederherzustellen.<\/p>\n<p>Von allen Winkeln der Welt erreicht uns die Botschaft das wir mit Unterst\u00fctzung und Hilfe f\u00fcr alles N\u00f6tige z\u00e4hlen. Lehrer, Urlauber, ganze Familien dr\u00fccken Ihre Verf\u00fcgbarkeit aus um bei den Waldarbeiten beizutragen, sowie auch <strong>mit die Geste die Insel weiterhin zu besuchen damit diese sich bald wieder erholt.<\/strong><\/p>\n<p><em>Tourismusbeh\u00f6rde La Gomera<\/em><\/p>\n","protected":false},"excerpt":{"rendered":"<p>Offizielle Mitteilung der Tourismusbeh\u00f6rde von dem La Gomera Stadtrat Der Waldbrand betrifft nicht den nachhaltigen und aktiven Tourismus, welcher die Insel La Gomera so von anderen unterscheidet, dank des Weltweit einzigartigen Natur-Reichtum welches sich auf dieser Insel befindet. In Bezug auf die Gr\u00f6\u00dfe von dem\u00a0Waldbrand auf La Gomera welche \u00fcbermittelt [&hellip;]<\/p>\n","protected":false},"author":1,"featured_media":0,"comment_status":"open","ping_status":"open","sticky":false,"template":"","format":"standard","meta":{"footnotes":""},"categories":[1],"tags":[248],"class_list":["post-1110","post","type-post","status-publish","format-standard","hentry","category-verschiedenes","tag-waldbrand-la-gomera"],"_links":{"self":[{"href":"https:\/\/www.webtenerife.de\/dasblog\/wp-json\/wp\/v2\/posts\/1110","targetHints":{"allow":["GET"]}}],"collection":[{"href":"https:\/\/www.webtenerife.de\/dasblog\/wp-json\/wp\/v2\/posts"}],"about":[{"href":"https:\/\/www.webtenerife.de\/dasblog\/wp-json\/wp\/v2\/types\/post"}],"author":[{"embeddable":true,"href":"https:\/\/www.webtenerife.de\/dasblog\/wp-json\/wp\/v2\/users\/1"}],"replies":[{"embeddable":true,"href":"https:\/\/www.webtenerife.de\/dasblog\/wp-json\/wp\/v2\/comments?post=1110"}],"version-history":[{"count":3,"href":"https:\/\/www.webtenerife.de\/dasblog\/wp-json\/wp\/v2\/posts\/1110\/revisions"}],"predecessor-version":[{"id":1113,"href":"https:\/\/www.webtenerife.de\/dasblog\/wp-json\/wp\/v2\/posts\/1110\/revisions\/1113"}],"wp:attachment":[{"href":"https:\/\/www.webtenerife.de\/dasblog\/wp-json\/wp\/v2\/media?parent=1110"}],"wp:term":[{"taxonomy":"category","embeddable":true,"href":"https:\/\/www.webtenerife.de\/dasblog\/wp-json\/wp\/v2\/categories?post=1110"},{"taxonomy":"post_tag","embeddable":true,"href":"https:\/\/www.webtenerife.de\/dasblog\/wp-json\/wp\/v2\/tags?post=1110"}],"curies":[{"name":"wp","href":"https:\/\/api.w.org\/{rel}","templated":true}]}}