{"id":1094,"date":"2012-08-14T10:32:55","date_gmt":"2012-08-14T09:32:55","guid":{"rendered":"http:\/\/blog.webtenerife.de\/?p=1094"},"modified":"2012-08-14T11:22:37","modified_gmt":"2012-08-14T10:22:37","slug":"august-2012-offizielle-neuigkeiten-uber-den-brand-auf-teneriffa","status":"publish","type":"post","link":"https:\/\/www.webtenerife.de\/dasblog\/2012\/08\/august-2012-offizielle-neuigkeiten-uber-den-brand-auf-teneriffa\/","title":{"rendered":"August 2012 &#8211; Offizielle Neuigkeiten \u00fcber den Brand auf Teneriffa"},"content":{"rendered":"<p>Landkarte von dem Permiter von dem Brand (August 2012) auf Teneriffa<\/p>\n<p><a href=\"http:\/\/www.webtenerife.de\/dasblog\/?attachment_id=1093\"><img fetchpriority=\"high\" decoding=\"async\" class=\"size-medium wp-image-1093 aligncenter\" title=\"Teneriffa-Brand-Perimeter-August-2012\" src=\"http:\/\/www.webtenerife.de\/dasblog\/wp-content\/uploads\/2012\/08\/Teneriffa-Brand-Perimeter-August-2012-300x206.jpg\" alt=\"Teneriffa-Brand-Perimeter-August-2012\" width=\"300\" height=\"206\" srcset=\"https:\/\/www.webtenerife.de\/dasblog\/wp-content\/uploads\/2012\/08\/Teneriffa-Brand-Perimeter-August-2012-300x206.jpg 300w, https:\/\/www.webtenerife.de\/dasblog\/wp-content\/uploads\/2012\/08\/Teneriffa-Brand-Perimeter-August-2012.jpg 690w\" sizes=\"(max-width: 300px) 100vw, 300px\" \/><\/a><br \/>\n<strong>Normalit\u00e4t in den Touristenzonen auf Teneriffa<\/strong><\/p>\n<p>Das Feuer, welches sich auf einer Berg Zone im Norden der Insel begrenzt, ist stabilisiert.<\/p>\n<p>Es wird gebeten die Zufahrt zu den betroffenen Gebieten zu vermeiden, um die L\u00f6schungsarbeiten zu vereinfachen.<\/p>\n<p>Der Brand, welcher am 10. August ausgebrochen ist und die Gemeinden von El Tanque, Los Silos, Buenavista del Norte und Santiago del Teide betrifft, ist stabilisiert und begrenzt sich auf einer limitierte Berg Zone in den H\u00f6heren Zonen der Lokalit\u00e4ten, und die Touristenzonen, welche sich gr\u00f6sstenteils in den K\u00fcstenbereich von Teneriffa befinden, sowie auch die Bewohnte Zonen der Insel sind von dem Feuer auf keinen Fall betroffen.<\/p>\n<p>Das Feuer betrifft in diesem Moment 369 Hektar, und die positive Entwicklung erm\u00f6glichte die Er\u00f6ffnung der TF-373 ( San Jos\u00e9 de Los Llanos &#8211; Erjos).<\/p>\n<p>Des weiteren wird gebeten die von dem Brand betroffenen Zonen nicht zu Nahe zu kommen um die L\u00f6schungsarbeiten zu vereinfachen.<\/p>\n<p>Die Abgrenzung des Feuers in einer sehr konkreten Geographischen Bereich erm\u00f6glichen das alle Infrasturkuren der Insel mit Normalit\u00e4t funktionieren, die verschiedenen Attraktionen sowie auch Touristische Einrichtungen von Teneriffa inbegriffen. Auf jeden Fall ist es bis auf weiteres verboten Feuer auf den Rast und Grillpl\u00e4tzen zu entz\u00fcnden.<\/p>\n<p>Um weiter Information \u00fcber die Entwicklung der betroffenen Strassen sowie den Brand zu erhalten befindet sich folgende Informationnummer des Centro de Informacion de Carreteras de Tenerife (Teneriffa Strasseninformation) zur Verf\u00fcgung:<em> 900 210 131<\/em> sowie auch die Webseite <a title=\"Teneriffa Strasseninformation\" href=\"http:\/\/cic.tenerife.es\/\" target=\"_blank\">http:\/\/cic.te<strong id=\"internal-source-marker_0.25425327057018876\">nerife.es\/<\/strong><\/a><\/p>\n","protected":false},"excerpt":{"rendered":"<p>Landkarte von dem Permiter von dem Brand (August 2012) auf Teneriffa Normalit\u00e4t in den Touristenzonen auf Teneriffa Das Feuer, welches sich auf einer Berg Zone im Norden der Insel begrenzt, ist stabilisiert. Es wird gebeten die Zufahrt zu den betroffenen Gebieten zu vermeiden, um die L\u00f6schungsarbeiten zu vereinfachen. Der Brand, [&hellip;]<\/p>\n","protected":false},"author":1,"featured_media":0,"comment_status":"open","ping_status":"open","sticky":false,"template":"","format":"standard","meta":{"footnotes":""},"categories":[1],"tags":[231],"class_list":["post-1094","post","type-post","status-publish","format-standard","hentry","category-verschiedenes","tag-grosbrand-von-teneriffa"],"_links":{"self":[{"href":"https:\/\/www.webtenerife.de\/dasblog\/wp-json\/wp\/v2\/posts\/1094","targetHints":{"allow":["GET"]}}],"collection":[{"href":"https:\/\/www.webtenerife.de\/dasblog\/wp-json\/wp\/v2\/posts"}],"about":[{"href":"https:\/\/www.webtenerife.de\/dasblog\/wp-json\/wp\/v2\/types\/post"}],"author":[{"embeddable":true,"href":"https:\/\/www.webtenerife.de\/dasblog\/wp-json\/wp\/v2\/users\/1"}],"replies":[{"embeddable":true,"href":"https:\/\/www.webtenerife.de\/dasblog\/wp-json\/wp\/v2\/comments?post=1094"}],"version-history":[{"count":5,"href":"https:\/\/www.webtenerife.de\/dasblog\/wp-json\/wp\/v2\/posts\/1094\/revisions"}],"predecessor-version":[{"id":1096,"href":"https:\/\/www.webtenerife.de\/dasblog\/wp-json\/wp\/v2\/posts\/1094\/revisions\/1096"}],"wp:attachment":[{"href":"https:\/\/www.webtenerife.de\/dasblog\/wp-json\/wp\/v2\/media?parent=1094"}],"wp:term":[{"taxonomy":"category","embeddable":true,"href":"https:\/\/www.webtenerife.de\/dasblog\/wp-json\/wp\/v2\/categories?post=1094"},{"taxonomy":"post_tag","embeddable":true,"href":"https:\/\/www.webtenerife.de\/dasblog\/wp-json\/wp\/v2\/tags?post=1094"}],"curies":[{"name":"wp","href":"https:\/\/api.w.org\/{rel}","templated":true}]}}