{"id":1082,"date":"2012-07-20T12:17:46","date_gmt":"2012-07-20T11:17:46","guid":{"rendered":"http:\/\/blog.webtenerife.de\/?p=1082"},"modified":"2012-07-21T12:32:49","modified_gmt":"2012-07-21T11:32:49","slug":"teneriffa-grosbrand-offizielle-neuigkeiten-am-freitag","status":"publish","type":"post","link":"https:\/\/www.webtenerife.de\/dasblog\/2012\/07\/teneriffa-grosbrand-offizielle-neuigkeiten-am-freitag\/","title":{"rendered":"Teneriffa Gro\u00dfbrand &#8211; Offizielle Neuigkeiten am Freitag"},"content":{"rendered":"<figure id=\"attachment_1083\" aria-describedby=\"caption-attachment-1083\" style=\"width: 690px\" class=\"wp-caption aligncenter\"><a href=\"http:\/\/www.webtenerife.de\/dasblog\/?attachment_id=1083\" rel=\"attachment wp-att-1083\"><img fetchpriority=\"high\" decoding=\"async\" class=\"size-large wp-image-1083\" title=\"Gro\u00dfbrand-von-Teneriffa\" src=\"http:\/\/www.webtenerife.de\/dasblog\/wp-content\/uploads\/2012\/07\/Gro\u00dfbrand-von-Teneriffa-690x360.jpg\" alt=\"Gro\u00dfbrand von Teneriffa\" width=\"690\" height=\"360\" srcset=\"https:\/\/www.webtenerife.de\/dasblog\/wp-content\/uploads\/2012\/07\/Gro\u00dfbrand-von-Teneriffa-690x360.jpg 690w, https:\/\/www.webtenerife.de\/dasblog\/wp-content\/uploads\/2012\/07\/Gro\u00dfbrand-von-Teneriffa-300x156.jpg 300w, https:\/\/www.webtenerife.de\/dasblog\/wp-content\/uploads\/2012\/07\/Gro\u00dfbrand-von-Teneriffa.jpg 1345w\" sizes=\"(max-width: 690px) 100vw, 690px\" \/><\/a><figcaption id=\"caption-attachment-1083\" class=\"wp-caption-text\">Gro\u00dfbrand von Teneriffa<\/figcaption><\/figure>\n<p>Die letzten offiziellen Neuigkeiten von der Kanarischen Regierung in Bezug auf dem<strong> Gro\u00dfbrand von Teneriffa<\/strong> sind positiver, trotzdem befindet sich die Alarmstufe immer noch auf Stufe 2.<\/p>\n<p><strong>Das Feuer entwickelt sich positiv<\/strong>. Es bestehen keine offenen Fronten mehr, aber immer noch brechen an verschiedenen Punkten des Perimeter Feuer in folgenden affektierten Gemeinden aus: das Gebirge von La Orotava sowie Adeje, Vilaflor und Guia de Isora auf der S\u00fcdseite. Der Brand in Barranco de T\u00e1gara konnte noch nicht stabilisiert werden, aber alle Einsatzkr\u00e4fte der Luftflotte konzentrieren sich auf dieser sehr schwer zug\u00e4nglichen Stelle.<\/p>\n<p>W\u00e4hrend der heutigen offiziellen Pressekonferenz haben sich Ortiz und auch Melchior ein weiteres Mal bei allen Einsatzkr\u00e4ften f\u00fcr Ihre Arbeit bedankt: der Brifor Brigade von der Umwelt Abteilung von Teneriffa, der Feuer Brigaden-Vereinigung von Teneriffa, der Milit\u00e4rischen Notfall Einheit (UME), sowie auch allen anderen Feuerbek\u00e4mpfung-Einheiten, der Kanarischen Notfall Einheit (SUC) und der Guardia Civil. Des weiteren wurde die Arbeit der lokalen B\u00fcrgermeister, Freiwilligen und allen Mitgliedern der Katastrophenschutz-Einheit aus den verschiedenen von den Gro\u00dfbrand betroffenen Gemeinden gelobt, sowie auch alle Firmen und Institutionen welche selbstlos gearbeitet haben um Transport und auch die Wasser und Lebensmittel Versorgung der eingesetzten Teams zu gew\u00e4hrleisten.<\/p>\n<p>Wir befinden uns immer \u00a0noch auf\u00a0 H\u00f6chster Alarmstufe wegen der Hitzewelle, deswegen empfehlen die \u00c4mter:<\/p>\n<ul>\n<li>Dieses Wochenende nicht ins Gebirge zu fahren wegen der grossen Gefahr das neue Waldbr\u00e4nde entstehen, dieses schlie\u00dft Freizeitgel\u00e4nde ein.<\/li>\n<li>Es wird immer noch geraten w\u00e4hrend diesem Wochenende das betreten von dem Teide Nationalpark zu vermeiden.<\/li>\n<li>Das Campen im Wald ist bis auf weiteres verboten.<\/li>\n<\/ul>\n<p>Um Risiken w\u00e4hren der Hitzewelle zu vermeiden, bitte <a title=\"Bek\u00e4mpfung der Hitzewelle \u2013 N\u00fctzliche Empfehlungen\" href=\"http:\/\/www.webtenerife.de\/dasblog\/2012\/07\/bekampfung-der-hitzewelle-nutzliche-empfehlungen\/\" target=\"_blank\">schlag folgende Empfehlungen nach.<\/a><\/p>\n<p>&nbsp;<\/p>\n<p>Alle Flugh\u00e4fen normal im Betrieb sind und das<a href=\"http:\/\/www.webtenerife.de\/dasblog\/2012\/07\/urlaubsorte-an-der-kuste-von-teneriffa-sud-sind-von-dem-brand-nicht-betroffen\/\" target=\"_blank\"> Urlaubsorte an der K\u00fcste von Teneriffa <\/a>nicht von dem Feuer betroffen sind.<\/p>\n<p>Nur noch zwei Strassen sind bis auf weiteres gesperrt:<\/p>\n<ul>\n<li>TF-38 (Chio \u2013 Boca Tauce, km 22)<\/li>\n<li>TF-21 (Vilaflor-Boca Tauce, an Kilometer 47 und 67)<\/li>\n<\/ul>\n","protected":false},"excerpt":{"rendered":"<p>Die letzten offiziellen Neuigkeiten von der Kanarischen Regierung in Bezug auf dem Gro\u00dfbrand von Teneriffa sind positiver, trotzdem befindet sich die Alarmstufe immer noch auf Stufe 2. Das Feuer entwickelt sich positiv. Es bestehen keine offenen Fronten mehr, aber immer noch brechen an verschiedenen Punkten des Perimeter Feuer in folgenden [&hellip;]<\/p>\n","protected":false},"author":5,"featured_media":0,"comment_status":"open","ping_status":"open","sticky":false,"template":"","format":"standard","meta":{"footnotes":""},"categories":[44,1],"tags":[231],"class_list":["post-1082","post","type-post","status-publish","format-standard","hentry","category-neuigkeiten","category-verschiedenes","tag-grosbrand-von-teneriffa"],"_links":{"self":[{"href":"https:\/\/www.webtenerife.de\/dasblog\/wp-json\/wp\/v2\/posts\/1082","targetHints":{"allow":["GET"]}}],"collection":[{"href":"https:\/\/www.webtenerife.de\/dasblog\/wp-json\/wp\/v2\/posts"}],"about":[{"href":"https:\/\/www.webtenerife.de\/dasblog\/wp-json\/wp\/v2\/types\/post"}],"author":[{"embeddable":true,"href":"https:\/\/www.webtenerife.de\/dasblog\/wp-json\/wp\/v2\/users\/5"}],"replies":[{"embeddable":true,"href":"https:\/\/www.webtenerife.de\/dasblog\/wp-json\/wp\/v2\/comments?post=1082"}],"version-history":[{"count":3,"href":"https:\/\/www.webtenerife.de\/dasblog\/wp-json\/wp\/v2\/posts\/1082\/revisions"}],"predecessor-version":[{"id":1091,"href":"https:\/\/www.webtenerife.de\/dasblog\/wp-json\/wp\/v2\/posts\/1082\/revisions\/1091"}],"wp:attachment":[{"href":"https:\/\/www.webtenerife.de\/dasblog\/wp-json\/wp\/v2\/media?parent=1082"}],"wp:term":[{"taxonomy":"category","embeddable":true,"href":"https:\/\/www.webtenerife.de\/dasblog\/wp-json\/wp\/v2\/categories?post=1082"},{"taxonomy":"post_tag","embeddable":true,"href":"https:\/\/www.webtenerife.de\/dasblog\/wp-json\/wp\/v2\/tags?post=1082"}],"curies":[{"name":"wp","href":"https:\/\/api.w.org\/{rel}","templated":true}]}}